{"id":6,"count":3,"description":"On peut l\u00e9gitimement s'interroger sur qui est cet \u00e9trange collectif. Les articles ci-dessous vont y r\u00e9pondre. Si vous adh\u00e9rez \u00e0 nos combats vous \u00eates les bienvenu(e)s.","link":"https:\/\/usagers-transports.haut-allier.eu\/index.php\/category\/nous\/","name":"Nous","slug":"nous","taxonomy":"category","parent":0,"meta":[],"_links":{"self":[{"href":"https:\/\/usagers-transports.haut-allier.eu\/index.php\/wp-json\/wp\/v2\/categories\/6","targetHints":{"allow":["GET"]}}],"collection":[{"href":"https:\/\/usagers-transports.haut-allier.eu\/index.php\/wp-json\/wp\/v2\/categories"}],"about":[{"href":"https:\/\/usagers-transports.haut-allier.eu\/index.php\/wp-json\/wp\/v2\/taxonomies\/category"}],"wp:post_type":[{"href":"https:\/\/usagers-transports.haut-allier.eu\/index.php\/wp-json\/wp\/v2\/posts?categories=6"}],"curies":[{"name":"wp","href":"https:\/\/api.w.org\/{rel}","templated":true}]}}