{"id":9,"count":21,"description":"Les trajets en v\u00e9hicule reposent sur une condition : que les acc\u00e8s et routes soient entretenus et ouverts surtout dans nos montagnes. Ici nous serons vigilants sur les d\u00e9neigements et autres probl\u00e8mes saisonniers ou pas. Nous parlerons ici aussi de covoiturage, d'autopartage.","link":"https:\/\/usagers-transports.haut-allier.eu\/index.php\/category\/en-auto\/","name":"En Auto","slug":"en-auto","taxonomy":"category","parent":0,"meta":[],"_links":{"self":[{"href":"https:\/\/usagers-transports.haut-allier.eu\/index.php\/wp-json\/wp\/v2\/categories\/9","targetHints":{"allow":["GET"]}}],"collection":[{"href":"https:\/\/usagers-transports.haut-allier.eu\/index.php\/wp-json\/wp\/v2\/categories"}],"about":[{"href":"https:\/\/usagers-transports.haut-allier.eu\/index.php\/wp-json\/wp\/v2\/taxonomies\/category"}],"wp:post_type":[{"href":"https:\/\/usagers-transports.haut-allier.eu\/index.php\/wp-json\/wp\/v2\/posts?categories=9"}],"curies":[{"name":"wp","href":"https:\/\/api.w.org\/{rel}","templated":true}]}}