{"id":10,"date":"2012-12-16T20:25:00","date_gmt":"2012-12-16T19:25:00","guid":{"rendered":"http:\/\/5.45.101.177\/haut-allier\/usagers-transportse\/index.php\/2012\/12\/16\/qui-sommes-nous010\/"},"modified":"2012-12-16T20:25:00","modified_gmt":"2012-12-16T19:25:00","slug":"qui-sommes-nous010","status":"publish","type":"post","link":"https:\/\/usagers-transports.haut-allier.eu\/index.php\/2012\/12\/16\/qui-sommes-nous010\/","title":{"rendered":"Qui sommes-nous ?"},"content":{"rendered":"<p>Notre collectif essaie de regrouper les usagers des transports de la zone du Haut-Allier comprise entre Brioude au nord, Labastide Saint-Laurent les Bains au sud, Le Puy en Velay \u00e0 l&rsquo;est et Saugues \u00e0 l&rsquo;Ouest.<br \/>\n&nbsp;<\/p>\n<p>Il a \u00e9t\u00e9 cr\u00e9\u00e9 en 2010 suite \u00e0 la manifestation en gare d&rsquo;Alleyras du m\u00eame \u00e9t\u00e9 pour le r\u00e9tablissement des arr\u00eats de trains et suite \u00e0 la p\u00e9tition des 560 m\u00e9contents, recueillie en deux mois, contre le d\u00e9mant\u00e8lement du service de transports dans le Haut-Allier.<br \/>\n&nbsp;<\/p>\n<p>Une bonne couverture m\u00e9diatique et la bienveillance des collectivit\u00e9s ont fait que nous arrivons fr\u00e9quemment aux objectifs souhait\u00e9s.<br \/>\n&nbsp;<br \/>\n<strong>La qualit\u00e9 du service public de bus, de trains, le d\u00e9neigement des routes dans nos vall\u00e9es sont bien trop mauvais pour que nous en restions l\u00e0.<\/strong><br \/>\n&nbsp;<br \/>\nNous travaillerons donc avec les administrations, les collectivit\u00e9s et les groupements d&rsquo;usagers qui le veulent pour l&rsquo;am\u00e9liorer et stopper le d\u00e9tournement, la d\u00e9saffection et le d\u00e9samour de tous envers le transport public en esquivant aveuglements et nostalgies.<br \/>\n&nbsp;<br \/>\n<strong>Nos autres activit\u00e9s concernant les transports publics ?<\/strong><br \/>\n&nbsp;<br \/>\n&#8211; nous sommes actifs au sein du Collectif Oui au Train de Nuit pour le retour du N\u00eemes Clermont Paris de nuit supprim\u00e9 en 2003<br \/>\n&#8211; nous sommes actifs au sein du groupe de r\u00e9flexion europ\u00e9en \u00ab\u00a0Tous en train\u00a0\u00bb dont la cible est la probl\u00e9matique des lignes dites petites afin de d\u00e9gager des solutions<br \/>\n&#8211; nous sommes actifs au sein de l&rsquo;association des 150 ans de la ligne du train C\u00e9venol dont l&rsquo;objectif est de comm\u00e9morer festivement et avec un regard vers l&rsquo;avenir l&rsquo;anniversaire en 2021 entre Al\u00e8s et Brioude<br \/>\n&#8211; nous sommes initiateurs du Collectif des Usagers des transports d&rsquo;Auvergne<br \/>\netc. <\/p>\n<p><strong>Pour nous <a href=\"mailto:usagers-transports@haut-allier.eu\">contacter<\/a>.<br \/>\n<\/strong><br \/>\n&nbsp;<\/p>\n","protected":false},"excerpt":{"rendered":"<p>Notre collectif essaie de regrouper les usagers des transports de la zone du Haut-Allier comprise entre Brioude au<\/p>\n","protected":false},"author":1,"featured_media":0,"comment_status":"closed","ping_status":"open","sticky":false,"template":"","format":"standard","meta":{"footnotes":""},"categories":[6],"tags":[],"class_list":["post-10","post","type-post","status-publish","format-standard","hentry","category-nous"],"_links":{"self":[{"href":"https:\/\/usagers-transports.haut-allier.eu\/index.php\/wp-json\/wp\/v2\/posts\/10","targetHints":{"allow":["GET"]}}],"collection":[{"href":"https:\/\/usagers-transports.haut-allier.eu\/index.php\/wp-json\/wp\/v2\/posts"}],"about":[{"href":"https:\/\/usagers-transports.haut-allier.eu\/index.php\/wp-json\/wp\/v2\/types\/post"}],"author":[{"embeddable":true,"href":"https:\/\/usagers-transports.haut-allier.eu\/index.php\/wp-json\/wp\/v2\/users\/1"}],"replies":[{"embeddable":true,"href":"https:\/\/usagers-transports.haut-allier.eu\/index.php\/wp-json\/wp\/v2\/comments?post=10"}],"version-history":[{"count":0,"href":"https:\/\/usagers-transports.haut-allier.eu\/index.php\/wp-json\/wp\/v2\/posts\/10\/revisions"}],"wp:attachment":[{"href":"https:\/\/usagers-transports.haut-allier.eu\/index.php\/wp-json\/wp\/v2\/media?parent=10"}],"wp:term":[{"taxonomy":"category","embeddable":true,"href":"https:\/\/usagers-transports.haut-allier.eu\/index.php\/wp-json\/wp\/v2\/categories?post=10"},{"taxonomy":"post_tag","embeddable":true,"href":"https:\/\/usagers-transports.haut-allier.eu\/index.php\/wp-json\/wp\/v2\/tags?post=10"}],"curies":[{"name":"wp","href":"https:\/\/api.w.org\/{rel}","templated":true}]}}