{"id":100,"date":"2013-12-19T21:31:37","date_gmt":"2013-12-19T20:31:37","guid":{"rendered":"http:\/\/5.45.101.177\/haut-allier\/usagers-transportse\/index.php\/2013\/12\/19\/agonie-du-reseau-ferroviaire-du100\/"},"modified":"2013-12-19T21:31:37","modified_gmt":"2013-12-19T20:31:37","slug":"agonie-du-reseau-ferroviaire-du100","status":"publish","type":"post","link":"https:\/\/usagers-transports.haut-allier.eu\/index.php\/2013\/12\/19\/agonie-du-reseau-ferroviaire-du100\/","title":{"rendered":"Agonie du r\u00e9seau ferroviaire du massif central: une rencontre propos\u00e9e le 7 f\u00e9vrier 2014"},"content":{"rendered":"<p>En l&rsquo;absence d&rsquo;informations pr\u00e9cises de RFF sur l&rsquo;\u00e9tat r\u00e9el de son r\u00e9seau en Auvergne, un silence bien compr\u00e9hensible puisqu&rsquo;elle a d\u00e9cid\u00e9 de n&rsquo;entretenir que les lignes \u00e0 fort potentiel, nous ne pouvons que saluer le bilan objectif mais tr\u00e8s inqui\u00e9tant, dress\u00e9 cette semaine devant la presse par le Front de gauche. Il faut lire leur communiqu\u00e9 qui est consultable <a href=\"http:\/\/www.frontdegaucheauvergne.fr\/article-conference-de-presse-121677771.html\">ici<\/a>.<br \/>\n&nbsp;<br \/>\nOn y apprend qu&rsquo;il faut r\u00e9unir d&rsquo;urgence <strong>140 millions d&rsquo;euros<\/strong> pour secourir et prolonger le vieux r\u00e9seau laiss\u00e9 sans entretien durant des d\u00e9cennies.<br \/>\n&nbsp;<br \/>\nLuc Bourduge en charge des transports \u00e0 la r\u00e9gion connait bien le dossier et r\u00e9clame avec son groupe <em>\u00ab\u00a0un grand d\u00e9bat public, qui d\u00e9passe le cercle des sp\u00e9cialistes\u00a0\u00bb<\/em>.<br \/>\n&nbsp;<br \/>\nSi rien n&rsquo;est fait poursuivent-ils, si aucune d\u00e9cision ambitieuse n&rsquo;est prise rapidement accompagn\u00e9e de vrais moyens financiers <em>\u00ab\u00a0l\u2019Auvergne, et plus largement le massif central risque de voir rapidement son territoire vid\u00e9 de toute ou partie de liaisons inter-r\u00e9gionales et nationales, avec ce que cela comporte comme cons\u00e9quences pour l\u2019avenir.\u00a0\u00bb<\/em><br \/>\n&nbsp;<br \/>\nExtraits de leur communication :<br \/>\n&nbsp;<br \/>\nLa voie <strong>de Brioude \u00e0 Langogne<\/strong> est <em>\u00ab\u00a0globalement v\u00e9tuste malgr\u00e9 les interventions du Plan de Sauvegarde 2010 et 2013. Un renouvellement complet de la voie permettrait la modernisation du tron\u00e7on. La zone entre Monistrol et Chapeauroux serait \u00e0 r\u00e9aliser en priorit\u00e9. Estimation travaux : 15 M\u20ac.\u00a0\u00bb<\/em><br \/>\n&nbsp;<br \/>\nEgalement <em>\u00ab\u00a0la p\u00e9rennit\u00e9 de <strong>la ligne Neussargues \u00e0 Loubaresse<\/strong>, direction B\u00e9ziers,  n\u2019est pas assur\u00e9e et se reposera \u00e0 l\u2019horizon 2020. Cette ligne globalement v\u00e9tuste malgr\u00e9 les interventions de 2007 et 2011. Le sujet des ouvrages d\u2019arts et des ouvrages en terre pourrait devenir critique (Garabit et nombreux autres ouvrages). Le plan rail en 2011 a permis de consolider seulement les appuis du viaduc de Garabit. Le co\u00fbt serait \u00e0 estimer.\u00a0\u00bb<\/em><br \/>\n&nbsp;<br \/>\n<strong>S\u00e9nateurs, d\u00e9put\u00e9s, conseillers r\u00e9gionaux, g\u00e9n\u00e9raux et maires appellent \u00e0 une rencontre exceptionnelle entre tous les \u00e9lus du massif central avec les organisations syndicales et les associations d&rsquo;usagers le 7 f\u00e9vrier 2014.<\/strong> <\/p>\n","protected":false},"excerpt":{"rendered":"<p>En l&rsquo;absence d&rsquo;informations pr\u00e9cises de RFF sur l&rsquo;\u00e9tat r\u00e9el de son r\u00e9seau en Auvergne, un silence bien compr\u00e9hensible<\/p>\n","protected":false},"author":1,"featured_media":1535,"comment_status":"closed","ping_status":"open","sticky":false,"template":"","format":"standard","meta":{"footnotes":""},"categories":[2],"tags":[],"class_list":["post-100","post","type-post","status-publish","format-standard","has-post-thumbnail","hentry","category-infos"],"_links":{"self":[{"href":"https:\/\/usagers-transports.haut-allier.eu\/index.php\/wp-json\/wp\/v2\/posts\/100","targetHints":{"allow":["GET"]}}],"collection":[{"href":"https:\/\/usagers-transports.haut-allier.eu\/index.php\/wp-json\/wp\/v2\/posts"}],"about":[{"href":"https:\/\/usagers-transports.haut-allier.eu\/index.php\/wp-json\/wp\/v2\/types\/post"}],"author":[{"embeddable":true,"href":"https:\/\/usagers-transports.haut-allier.eu\/index.php\/wp-json\/wp\/v2\/users\/1"}],"replies":[{"embeddable":true,"href":"https:\/\/usagers-transports.haut-allier.eu\/index.php\/wp-json\/wp\/v2\/comments?post=100"}],"version-history":[{"count":0,"href":"https:\/\/usagers-transports.haut-allier.eu\/index.php\/wp-json\/wp\/v2\/posts\/100\/revisions"}],"wp:featuredmedia":[{"embeddable":true,"href":"https:\/\/usagers-transports.haut-allier.eu\/index.php\/wp-json\/wp\/v2\/media\/1535"}],"wp:attachment":[{"href":"https:\/\/usagers-transports.haut-allier.eu\/index.php\/wp-json\/wp\/v2\/media?parent=100"}],"wp:term":[{"taxonomy":"category","embeddable":true,"href":"https:\/\/usagers-transports.haut-allier.eu\/index.php\/wp-json\/wp\/v2\/categories?post=100"},{"taxonomy":"post_tag","embeddable":true,"href":"https:\/\/usagers-transports.haut-allier.eu\/index.php\/wp-json\/wp\/v2\/tags?post=100"}],"curies":[{"name":"wp","href":"https:\/\/api.w.org\/{rel}","templated":true}]}}