{"id":1000,"date":"2023-05-27T19:07:10","date_gmt":"2023-05-27T17:07:10","guid":{"rendered":"http:\/\/5.45.101.177\/haut-allier\/usagers-transportse\/index.php\/2023\/05\/27\/futur-rer-de-clermont-auvergne1000\/"},"modified":"2023-05-27T19:07:10","modified_gmt":"2023-05-27T17:07:10","slug":"futur-rer-de-clermont-auvergne1000","status":"publish","type":"post","link":"https:\/\/usagers-transports.haut-allier.eu\/index.php\/2023\/05\/27\/futur-rer-de-clermont-auvergne1000\/","title":{"rendered":"Futur RER de Clermont &#8211; Auvergne : nous affinons notre proposition"},"content":{"rendered":"<p>Le RER de Clermont Ferrand fait partie des nombreux RER de r\u00e9gions annonc\u00e9s par le pr\u00e9sident de la r\u00e9publique en novembre 2022. Personne n&rsquo;en avait trouv\u00e9 l&rsquo;utilit\u00e9 jusque l\u00e0 et personne n&rsquo;en a jamais parl\u00e9, tant les probl\u00e8mes du r\u00e9seau ferr\u00e9 auvergnat sont ailleurs.<br \/>\n&nbsp;<br \/>\nMais les \u00e9tudes sont lanc\u00e9es nous dit-on. Nous voil\u00e0 rassur\u00e9s.<br \/>\n&nbsp;<br \/>\nQu&rsquo;il nous soit tout simplement permis de pr\u00e9senter notre projet que nous estimons suffisamment abouti.<br \/>\n&nbsp;<br \/>\n<strong>Il aura les avantages suivants :<\/strong><br \/>\n&nbsp;<br \/>\n&#8211; Ambitieux, le plan s&rsquo;\u00e9tend \u00e0 106 km au sud de Clermont, 70 \u00e0 l&rsquo;est, 46 au nord et 40 \u00e0 l&rsquo;ouest. C&rsquo;est un vrai RER Auvergnat.<br \/>\n&#8211; Pas de cr\u00e9ation de voies suppl\u00e9mentaires.<br \/>\n&#8211; Pas de cr\u00e9ation de gares ou haltes suppl\u00e9mentaires, elles existent toutes. Nous avons pris un soin particulier pour multiplier les arr\u00eats dans le Grand Clermont.<br \/>\n&#8211; Les cadencements propos\u00e9s sont standards, 30 minutes dans la zone centrale et 2 heures au del\u00e0. Ils sont dignes d&rsquo;une vraie r\u00e9gion \u00e0 la mobilit\u00e9 attractive.<br \/>\n&#8211; Au del\u00e0 du RER de Clermont on en profite pour remettre \u00e0 jour l&rsquo;interconnexion avec les autres grandes cit\u00e9s voire r\u00e9gions et les RER voisins (N\u00eemes, Saint Etienne).<br \/>\n&nbsp;<br \/>\n<strong>Il n\u00e9cessite les investissements suivants :<\/strong><br \/>\n&nbsp;<br \/>\n&#8211; R\u00e9ouverture de trois lignes : Billom Vertaison, Thiers Noir\u00e9table et La Bourboule Le MontDore<br \/>\n&#8211; Modernisation de la plupart des voies<br \/>\n&#8211; Nouveau syst\u00e8me de signalisation \u00e0 mettre en place au coeur de la zone cadenc\u00e9e \u00e0 30 minutes<br \/>\n&#8211; De nouvelles rames pour r\u00e9pondre au besoin des cadencements<br \/>\n&nbsp;<br \/>\n<strong>Le plan (cliquer pour agrandir) :<\/strong><br \/>\n&nbsp;<br \/>\n<img loading=\"lazy\" decoding=\"async\" class=\" aligncenter size-full wp-image-4502\" src=\"http:\/\/5.45.101.177\/haut-allier\/usagers-transportse\/wp-content\/uploads\/2023\/05\/rerclermontferrand-projetnousvoyageurs-massifcentralv1-scaled.jpg\" alt=\"rerclermontferrand-projetnousvoyageurs-massifcentralv1.jpg\" align=\"center\" width=\"2560\" height=\"2473\" srcset=\"https:\/\/usagers-transports.haut-allier.eu\/wp-content\/uploads\/2023\/05\/rerclermontferrand-projetnousvoyageurs-massifcentralv1-scaled.jpg 2560w, https:\/\/usagers-transports.haut-allier.eu\/wp-content\/uploads\/2023\/05\/rerclermontferrand-projetnousvoyageurs-massifcentralv1-300x290.jpg 300w, https:\/\/usagers-transports.haut-allier.eu\/wp-content\/uploads\/2023\/05\/rerclermontferrand-projetnousvoyageurs-massifcentralv1-1024x989.jpg 1024w, https:\/\/usagers-transports.haut-allier.eu\/wp-content\/uploads\/2023\/05\/rerclermontferrand-projetnousvoyageurs-massifcentralv1-768x742.jpg 768w, https:\/\/usagers-transports.haut-allier.eu\/wp-content\/uploads\/2023\/05\/rerclermontferrand-projetnousvoyageurs-massifcentralv1-1536x1484.jpg 1536w, https:\/\/usagers-transports.haut-allier.eu\/wp-content\/uploads\/2023\/05\/rerclermontferrand-projetnousvoyageurs-massifcentralv1-2048x1978.jpg 2048w\" sizes=\"auto, (max-width: 2560px) 100vw, 2560px\" \/><br \/>\n&nbsp;<br \/>\nVous pouvez partager un maximum. La proposition est envoy\u00e9e \u00e9galement aux services de l&rsquo;Etat et de la R\u00e9gion Auvergne Rh\u00f4ne Alpes, pour proposition et information.<br \/>\n&nbsp;<\/p>\n","protected":false},"excerpt":{"rendered":"<p>Le RER de Clermont Ferrand fait partie des nombreux RER de r\u00e9gions annonc\u00e9s par le pr\u00e9sident de la<\/p>\n","protected":false},"author":1,"featured_media":4501,"comment_status":"open","ping_status":"open","sticky":false,"template":"","format":"standard","meta":{"footnotes":""},"categories":[8],"tags":[],"class_list":["post-1000","post","type-post","status-publish","format-standard","has-post-thumbnail","hentry","category-communiques"],"_links":{"self":[{"href":"https:\/\/usagers-transports.haut-allier.eu\/index.php\/wp-json\/wp\/v2\/posts\/1000","targetHints":{"allow":["GET"]}}],"collection":[{"href":"https:\/\/usagers-transports.haut-allier.eu\/index.php\/wp-json\/wp\/v2\/posts"}],"about":[{"href":"https:\/\/usagers-transports.haut-allier.eu\/index.php\/wp-json\/wp\/v2\/types\/post"}],"author":[{"embeddable":true,"href":"https:\/\/usagers-transports.haut-allier.eu\/index.php\/wp-json\/wp\/v2\/users\/1"}],"replies":[{"embeddable":true,"href":"https:\/\/usagers-transports.haut-allier.eu\/index.php\/wp-json\/wp\/v2\/comments?post=1000"}],"version-history":[{"count":0,"href":"https:\/\/usagers-transports.haut-allier.eu\/index.php\/wp-json\/wp\/v2\/posts\/1000\/revisions"}],"wp:featuredmedia":[{"embeddable":true,"href":"https:\/\/usagers-transports.haut-allier.eu\/index.php\/wp-json\/wp\/v2\/media\/4501"}],"wp:attachment":[{"href":"https:\/\/usagers-transports.haut-allier.eu\/index.php\/wp-json\/wp\/v2\/media?parent=1000"}],"wp:term":[{"taxonomy":"category","embeddable":true,"href":"https:\/\/usagers-transports.haut-allier.eu\/index.php\/wp-json\/wp\/v2\/categories?post=1000"},{"taxonomy":"post_tag","embeddable":true,"href":"https:\/\/usagers-transports.haut-allier.eu\/index.php\/wp-json\/wp\/v2\/tags?post=1000"}],"curies":[{"name":"wp","href":"https:\/\/api.w.org\/{rel}","templated":true}]}}