{"id":1001,"date":"2023-05-29T21:20:23","date_gmt":"2023-05-29T19:20:23","guid":{"rendered":"http:\/\/5.45.101.177\/haut-allier\/usagers-transportse\/index.php\/2023\/05\/29\/ligne-des-causses-et-du-train1001\/"},"modified":"2023-05-29T21:20:23","modified_gmt":"2023-05-29T19:20:23","slug":"ligne-des-causses-et-du-train1001","status":"publish","type":"post","link":"https:\/\/usagers-transports.haut-allier.eu\/index.php\/2023\/05\/29\/ligne-des-causses-et-du-train1001\/","title":{"rendered":"Ligne des Causses et du train Aubrac : le Comit\u00e9 pluraliste hausse le ton"},"content":{"rendered":"<p>Voici le communiqu\u00e9 re\u00e7u du Comit\u00e9 pluraliste pour le d\u00e9fense, la r\u00e9habilitation et la promotion de la ligne B\u00e9ziers Neussargues Clermont Ferrand Paris. Il s&rsquo;insurge contre l&rsquo;immobilisme de l&rsquo;\u00e9tat qui est muet quant au financement n\u00e9cessaire de sa part pour les travaux sur le tron\u00e7on Saint-Ch\u00e9ly d&rsquo;Apcher Neussargues. Faute d&rsquo;engagement les circulations fret et voyageurs seront suspendues, cela nous a \u00e9t\u00e9 affirm\u00e9 <a href=\"http:\/\/usagers-transports.haut-allier.eu\/?comite-technique-region-usagers-a,999\"><em>en comit\u00e9 technique ce 23 mai<\/em><\/a> \u00e0 Clermont-Ferrand. Cliquez pour agrandir.<br \/>\n&nbsp;<br \/>\n<img loading=\"lazy\" decoding=\"async\" class=\" aligncenter size-full wp-image-4504\" src=\"http:\/\/5.45.101.177\/haut-allier\/usagers-transportse\/wp-content\/uploads\/2023\/05\/comite_pluraliste_communique_25_05_2023-01.jpg\" alt=\"comite_pluraliste_communique_25_05_2023-01.jpg\" align=\"center\" width=\"1231\" height=\"1742\" srcset=\"https:\/\/usagers-transports.haut-allier.eu\/wp-content\/uploads\/2023\/05\/comite_pluraliste_communique_25_05_2023-01.jpg 1231w, https:\/\/usagers-transports.haut-allier.eu\/wp-content\/uploads\/2023\/05\/comite_pluraliste_communique_25_05_2023-01-212x300.jpg 212w, https:\/\/usagers-transports.haut-allier.eu\/wp-content\/uploads\/2023\/05\/comite_pluraliste_communique_25_05_2023-01-724x1024.jpg 724w, https:\/\/usagers-transports.haut-allier.eu\/wp-content\/uploads\/2023\/05\/comite_pluraliste_communique_25_05_2023-01-768x1087.jpg 768w, https:\/\/usagers-transports.haut-allier.eu\/wp-content\/uploads\/2023\/05\/comite_pluraliste_communique_25_05_2023-01-1085x1536.jpg 1085w\" sizes=\"auto, (max-width: 1231px) 100vw, 1231px\" \/><br \/>\n&nbsp;<br \/>\n<img loading=\"lazy\" decoding=\"async\" class=\" aligncenter size-full wp-image-4505\" src=\"http:\/\/5.45.101.177\/haut-allier\/usagers-transportse\/wp-content\/uploads\/2023\/05\/comite_pluraliste_communique_25_05_2023-02.jpg\" alt=\"comite_pluraliste_communique_25_05_2023-02.jpg\" align=\"center\" width=\"1231\" height=\"1742\" srcset=\"https:\/\/usagers-transports.haut-allier.eu\/wp-content\/uploads\/2023\/05\/comite_pluraliste_communique_25_05_2023-02.jpg 1231w, https:\/\/usagers-transports.haut-allier.eu\/wp-content\/uploads\/2023\/05\/comite_pluraliste_communique_25_05_2023-02-212x300.jpg 212w, https:\/\/usagers-transports.haut-allier.eu\/wp-content\/uploads\/2023\/05\/comite_pluraliste_communique_25_05_2023-02-724x1024.jpg 724w, https:\/\/usagers-transports.haut-allier.eu\/wp-content\/uploads\/2023\/05\/comite_pluraliste_communique_25_05_2023-02-768x1087.jpg 768w, https:\/\/usagers-transports.haut-allier.eu\/wp-content\/uploads\/2023\/05\/comite_pluraliste_communique_25_05_2023-02-1085x1536.jpg 1085w\" sizes=\"auto, (max-width: 1231px) 100vw, 1231px\" \/><br \/>\n&nbsp;<br \/>\n<img loading=\"lazy\" decoding=\"async\" class=\" aligncenter size-full wp-image-4506\" src=\"http:\/\/5.45.101.177\/haut-allier\/usagers-transportse\/wp-content\/uploads\/2023\/05\/comite_pluraliste_communique_25_05_2023-03.jpg\" alt=\"comite_pluraliste_communique_25_05_2023-03.jpg\" align=\"center\" width=\"1231\" height=\"1742\" srcset=\"https:\/\/usagers-transports.haut-allier.eu\/wp-content\/uploads\/2023\/05\/comite_pluraliste_communique_25_05_2023-03.jpg 1231w, https:\/\/usagers-transports.haut-allier.eu\/wp-content\/uploads\/2023\/05\/comite_pluraliste_communique_25_05_2023-03-212x300.jpg 212w, https:\/\/usagers-transports.haut-allier.eu\/wp-content\/uploads\/2023\/05\/comite_pluraliste_communique_25_05_2023-03-724x1024.jpg 724w, https:\/\/usagers-transports.haut-allier.eu\/wp-content\/uploads\/2023\/05\/comite_pluraliste_communique_25_05_2023-03-768x1087.jpg 768w, https:\/\/usagers-transports.haut-allier.eu\/wp-content\/uploads\/2023\/05\/comite_pluraliste_communique_25_05_2023-03-1085x1536.jpg 1085w\" sizes=\"auto, (max-width: 1231px) 100vw, 1231px\" \/><br \/>\n&nbsp;<\/p>\n","protected":false},"excerpt":{"rendered":"<p>Voici le communiqu\u00e9 re\u00e7u du Comit\u00e9 pluraliste pour le d\u00e9fense, la r\u00e9habilitation et la promotion de la ligne<\/p>\n","protected":false},"author":1,"featured_media":4503,"comment_status":"open","ping_status":"open","sticky":false,"template":"","format":"standard","meta":{"footnotes":""},"categories":[2],"tags":[],"class_list":["post-1001","post","type-post","status-publish","format-standard","has-post-thumbnail","hentry","category-infos"],"_links":{"self":[{"href":"https:\/\/usagers-transports.haut-allier.eu\/index.php\/wp-json\/wp\/v2\/posts\/1001","targetHints":{"allow":["GET"]}}],"collection":[{"href":"https:\/\/usagers-transports.haut-allier.eu\/index.php\/wp-json\/wp\/v2\/posts"}],"about":[{"href":"https:\/\/usagers-transports.haut-allier.eu\/index.php\/wp-json\/wp\/v2\/types\/post"}],"author":[{"embeddable":true,"href":"https:\/\/usagers-transports.haut-allier.eu\/index.php\/wp-json\/wp\/v2\/users\/1"}],"replies":[{"embeddable":true,"href":"https:\/\/usagers-transports.haut-allier.eu\/index.php\/wp-json\/wp\/v2\/comments?post=1001"}],"version-history":[{"count":0,"href":"https:\/\/usagers-transports.haut-allier.eu\/index.php\/wp-json\/wp\/v2\/posts\/1001\/revisions"}],"wp:featuredmedia":[{"embeddable":true,"href":"https:\/\/usagers-transports.haut-allier.eu\/index.php\/wp-json\/wp\/v2\/media\/4503"}],"wp:attachment":[{"href":"https:\/\/usagers-transports.haut-allier.eu\/index.php\/wp-json\/wp\/v2\/media?parent=1001"}],"wp:term":[{"taxonomy":"category","embeddable":true,"href":"https:\/\/usagers-transports.haut-allier.eu\/index.php\/wp-json\/wp\/v2\/categories?post=1001"},{"taxonomy":"post_tag","embeddable":true,"href":"https:\/\/usagers-transports.haut-allier.eu\/index.php\/wp-json\/wp\/v2\/tags?post=1001"}],"curies":[{"name":"wp","href":"https:\/\/api.w.org\/{rel}","templated":true}]}}