{"id":1003,"date":"2023-06-03T17:58:59","date_gmt":"2023-06-03T15:58:59","guid":{"rendered":"http:\/\/5.45.101.177\/haut-allier\/usagers-transportse\/index.php\/2023\/06\/03\/ligne-des-cevennes-du-nouveau-dans1003\/"},"modified":"2023-06-03T17:58:59","modified_gmt":"2023-06-03T15:58:59","slug":"ligne-des-cevennes-du-nouveau-dans1003","status":"publish","type":"post","link":"https:\/\/usagers-transports.haut-allier.eu\/index.php\/2023\/06\/03\/ligne-des-cevennes-du-nouveau-dans1003\/","title":{"rendered":"Ligne des C\u00e9vennes : du nouveau dans les gares du haut Allier"},"content":{"rendered":"<p>Les gares du haut Allier, sur la ligne des C\u00e9vennes, redeviennent pimpantes, \u00e9quip\u00e9es et fr\u00e9quentables depuis un an environ pour les principales et depuis quelques semaines pour les plus petites. Le coup d&rsquo;envoi avait \u00e9t\u00e9 donn\u00e9 par la r\u00e9habilitation de <a href=\"http:\/\/usagers-transports.haut-allier.eu\/?ligne-des-cevennes-la-gare-de,941\"><em>celle de Langogne<\/em><\/a> fin octobre dernier mais la modernisation se poursuivait \u00e9galement dans les petites gares jusqu&rsquo;\u00e0 Langeac.<br \/>\n&nbsp;<br \/>\n<em>Gare d&rsquo;Alleyras le 3 juin<\/em><br \/>\n<img loading=\"lazy\" decoding=\"async\" class=\" aligncenter size-full wp-image-4511\" src=\"http:\/\/5.45.101.177\/haut-allier\/usagers-transportse\/wp-content\/uploads\/2023\/06\/01-img_20230603_084632.jpg\" alt=\"01-img_20230603_084632.jpg\" align=\"center\" width=\"2283\" height=\"1301\" srcset=\"https:\/\/usagers-transports.haut-allier.eu\/wp-content\/uploads\/2023\/06\/01-img_20230603_084632.jpg 2283w, https:\/\/usagers-transports.haut-allier.eu\/wp-content\/uploads\/2023\/06\/01-img_20230603_084632-300x171.jpg 300w, https:\/\/usagers-transports.haut-allier.eu\/wp-content\/uploads\/2023\/06\/01-img_20230603_084632-1024x584.jpg 1024w, https:\/\/usagers-transports.haut-allier.eu\/wp-content\/uploads\/2023\/06\/01-img_20230603_084632-768x438.jpg 768w, https:\/\/usagers-transports.haut-allier.eu\/wp-content\/uploads\/2023\/06\/01-img_20230603_084632-1536x875.jpg 1536w, https:\/\/usagers-transports.haut-allier.eu\/wp-content\/uploads\/2023\/06\/01-img_20230603_084632-2048x1167.jpg 2048w\" sizes=\"auto, (max-width: 2283px) 100vw, 2283px\" \/><br \/>\n&nbsp;<br \/>\nC&rsquo;est ce que chacun pourra constater d\u00e8s la <strong>r\u00e9ouverture des circulations ce vendredi 9 juin<\/strong> : nouveaux panneaux d&rsquo;affichage en temps r\u00e9el (Alleyras, Monistrol d&rsquo;Allier, Chapeauroux&#8230;) pour annoncer retards et suppressions, quais rehauss\u00e9s (Langogne), rev\u00eatus (Alleyras), nouvelles bornes pour les pass O\u00f9ra (Alleyras, Chapeauroux), totems d&rsquo;accueil, nouveaux si\u00e8ges d&rsquo;attente et panneaux d&rsquo;affichage (Alleyras), nouvel acc\u00e8s conforme aux normes pour les personnes \u00e0 mobilit\u00e9 r\u00e9duite (Alleyras et ailleurs), casiers v\u00e9los s\u00e9curis\u00e9s (Alleyras) permettant aux cyclotouristes de la v\u00e9loroute europ\u00e9enne Via Allier d&rsquo;utiliser le train&#8230;<br \/>\n&nbsp;<br \/>\n<em>Casiers v\u00e9los gare d&rsquo;Alleyras<\/em><br \/>\n<img loading=\"lazy\" decoding=\"async\" class=\" aligncenter size-full wp-image-4512\" src=\"http:\/\/5.45.101.177\/haut-allier\/usagers-transportse\/wp-content\/uploads\/2023\/06\/02-img_20230603_084632.jpg\" alt=\"02-img_20230603_084632.jpg\" align=\"center\" width=\"2000\" height=\"1500\" srcset=\"https:\/\/usagers-transports.haut-allier.eu\/wp-content\/uploads\/2023\/06\/02-img_20230603_084632.jpg 2000w, https:\/\/usagers-transports.haut-allier.eu\/wp-content\/uploads\/2023\/06\/02-img_20230603_084632-300x225.jpg 300w, https:\/\/usagers-transports.haut-allier.eu\/wp-content\/uploads\/2023\/06\/02-img_20230603_084632-1024x768.jpg 1024w, https:\/\/usagers-transports.haut-allier.eu\/wp-content\/uploads\/2023\/06\/02-img_20230603_084632-768x576.jpg 768w, https:\/\/usagers-transports.haut-allier.eu\/wp-content\/uploads\/2023\/06\/02-img_20230603_084632-1536x1152.jpg 1536w\" sizes=\"auto, (max-width: 2000px) 100vw, 2000px\" \/><br \/>\n&nbsp;<br \/>\nSignalons aussi que ceux-ci s&rsquo;arr\u00eatent dans toutes les gares que ce soient Langogne, Chapeauroux, Alleyras, Monistrol ou Langeac. M\u00eame niveau de service partout, 6 arr\u00eats par jour actuellement.<br \/>\n&nbsp;<br \/>\n<strong>A partir du 10 juin et jusqu&rsquo;au 15 juillet 2023 :<\/strong><br \/>\n&nbsp;<br \/>\n<img loading=\"lazy\" decoding=\"async\" class=\" aligncenter size-full wp-image-4513\" src=\"http:\/\/5.45.101.177\/haut-allier\/usagers-transportse\/wp-content\/uploads\/2023\/06\/08_web_du_10-06-23-au-15-07-23-version-du-17-03-23-pdf.png\" alt=\"08_web_du_10-06-23-au-15-07-23-version-du-17-03-23-pdf.png\" align=\"center\" width=\"1024\" height=\"595\" srcset=\"https:\/\/usagers-transports.haut-allier.eu\/wp-content\/uploads\/2023\/06\/08_web_du_10-06-23-au-15-07-23-version-du-17-03-23-pdf.png 1024w, https:\/\/usagers-transports.haut-allier.eu\/wp-content\/uploads\/2023\/06\/08_web_du_10-06-23-au-15-07-23-version-du-17-03-23-pdf-300x174.png 300w, https:\/\/usagers-transports.haut-allier.eu\/wp-content\/uploads\/2023\/06\/08_web_du_10-06-23-au-15-07-23-version-du-17-03-23-pdf-768x446.png 768w\" sizes=\"auto, (max-width: 1024px) 100vw, 1024px\" \/><br \/>\n<img loading=\"lazy\" decoding=\"async\" class=\" aligncenter size-full wp-image-4514\" src=\"http:\/\/5.45.101.177\/haut-allier\/usagers-transportse\/wp-content\/uploads\/2023\/06\/08_web_du_10-06-23-au-15-07-23-version-du-17-03-23-b-pdf.png\" alt=\"08_web_du_10-06-23-au-15-07-23-version-du-17-03-23-b-pdf.png\" align=\"center\" width=\"1021\" height=\"582\" srcset=\"https:\/\/usagers-transports.haut-allier.eu\/wp-content\/uploads\/2023\/06\/08_web_du_10-06-23-au-15-07-23-version-du-17-03-23-b-pdf.png 1021w, https:\/\/usagers-transports.haut-allier.eu\/wp-content\/uploads\/2023\/06\/08_web_du_10-06-23-au-15-07-23-version-du-17-03-23-b-pdf-300x171.png 300w, https:\/\/usagers-transports.haut-allier.eu\/wp-content\/uploads\/2023\/06\/08_web_du_10-06-23-au-15-07-23-version-du-17-03-23-b-pdf-768x438.png 768w\" sizes=\"auto, (max-width: 1021px) 100vw, 1021px\" \/><br \/>\n<img loading=\"lazy\" decoding=\"async\" class=\" aligncenter size-full wp-image-4515\" src=\"http:\/\/5.45.101.177\/haut-allier\/usagers-transportse\/wp-content\/uploads\/2023\/06\/08_web_du_10-06-23-au-15-07-23-version-du-17-03-23-c-pdf.png\" alt=\"08_web_du_10-06-23-au-15-07-23-version-du-17-03-23-c-pdf.png\" align=\"center\" width=\"1021\" height=\"252\" srcset=\"https:\/\/usagers-transports.haut-allier.eu\/wp-content\/uploads\/2023\/06\/08_web_du_10-06-23-au-15-07-23-version-du-17-03-23-c-pdf.png 1021w, https:\/\/usagers-transports.haut-allier.eu\/wp-content\/uploads\/2023\/06\/08_web_du_10-06-23-au-15-07-23-version-du-17-03-23-c-pdf-300x74.png 300w, https:\/\/usagers-transports.haut-allier.eu\/wp-content\/uploads\/2023\/06\/08_web_du_10-06-23-au-15-07-23-version-du-17-03-23-c-pdf-768x190.png 768w\" sizes=\"auto, (max-width: 1021px) 100vw, 1021px\" \/><br \/>\n&nbsp;<br \/>\n<strong>Fiches horaires pr\u00e9visionnelles \u00e0 partir du 16 juillet 2023 :<\/strong><br \/>\n&nbsp;<br \/>\n<img loading=\"lazy\" decoding=\"async\" class=\" aligncenter size-full wp-image-4516\" src=\"http:\/\/5.45.101.177\/haut-allier\/usagers-transportse\/wp-content\/uploads\/2023\/06\/fhp1.jpg.png\" alt=\"fhp1.jpg.png\" align=\"center\" width=\"1104\" height=\"791\" srcset=\"https:\/\/usagers-transports.haut-allier.eu\/wp-content\/uploads\/2023\/06\/fhp1.jpg.png 1104w, https:\/\/usagers-transports.haut-allier.eu\/wp-content\/uploads\/2023\/06\/fhp1.jpg-300x215.png 300w, https:\/\/usagers-transports.haut-allier.eu\/wp-content\/uploads\/2023\/06\/fhp1.jpg-1024x734.png 1024w, https:\/\/usagers-transports.haut-allier.eu\/wp-content\/uploads\/2023\/06\/fhp1.jpg-768x550.png 768w\" sizes=\"auto, (max-width: 1104px) 100vw, 1104px\" \/><br \/>\n<img loading=\"lazy\" decoding=\"async\" class=\" aligncenter size-full wp-image-4517\" src=\"http:\/\/5.45.101.177\/haut-allier\/usagers-transportse\/wp-content\/uploads\/2023\/06\/fhp2.jpg.png\" alt=\"fhp2.jpg.png\" align=\"center\" width=\"1108\" height=\"770\" srcset=\"https:\/\/usagers-transports.haut-allier.eu\/wp-content\/uploads\/2023\/06\/fhp2.jpg.png 1108w, https:\/\/usagers-transports.haut-allier.eu\/wp-content\/uploads\/2023\/06\/fhp2.jpg-300x208.png 300w, https:\/\/usagers-transports.haut-allier.eu\/wp-content\/uploads\/2023\/06\/fhp2.jpg-1024x712.png 1024w, https:\/\/usagers-transports.haut-allier.eu\/wp-content\/uploads\/2023\/06\/fhp2.jpg-768x534.png 768w\" sizes=\"auto, (max-width: 1108px) 100vw, 1108px\" \/><br \/>\n&nbsp;<br \/>\nLe 4eme Aller Retour estival le weekend est maintenu cette ann\u00e9e et m\u00eame grille horaire que l&rsquo;an dernier.<br \/>\n&nbsp;<br \/>\nAutant de changements positifs dont peut se r\u00e9jouir le <em>Collectif des Usagers des transports du haut Allier<\/em> qui s&rsquo;active depuis 13 ans pour essayer de faire \u00e9voluer une situation qui fut chaotique c&rsquo;est peu de l&rsquo;affirmer.<br \/>\n&nbsp;<br \/>\n<center><br \/>\n<iframe loading=\"lazy\" width=\"560\" height=\"315\" src=\"https:\/\/www.youtube.com\/embed\/dahB7SdXmgw\" title=\"YouTube video player\" frameborder=\"0\" allow=\"accelerometer; autoplay; clipboard-write; encrypted-media; gyroscope; picture-in-picture; web-share\" allowfullscreen><\/iframe><br \/>\n<\/center><br \/>\n&nbsp;<br \/>\nSi tout n&rsquo;est pas parfait encore, tous les quais ne sont pas rehauss\u00e9s par exemple, pas d&rsquo;acc\u00e8s direct depuis le parking voitures (Alleyras), certains mat\u00e9riels sont extr\u00eamement v\u00e9tustes (t\u00e9l\u00e9phone d&rsquo;urgence, supports de lampadaires&#8230;) c\u00f4t\u00e9 Auvergne Rh\u00f4ne Alpes, il est important de souligner les am\u00e9liorations.<br \/>\n&nbsp;<br \/>\n[fond noir][blanc]<strong>Un Aller Retour matinal demand\u00e9<\/strong>[\/blanc][\/fond noir]<br \/>\n&nbsp;<br \/>\nLe Collectif vient de questionner la SNCF et \u00e0 la r\u00e9gion AuRA sur un manque flagrant : un train le matin t\u00f4t dans le sens sud nord puisque le premier du matin passe vers 11h15 au milieu des gorges, emp\u00eachant salari\u00e9s, travailleurs et usagers ayant des rendez-vous le matin d&rsquo;utiliser le train.<br \/>\n&nbsp;<br \/>\nLes usagers sugg\u00e8rent du lundi au vendredi une correspondance vers le nord \u00e0 la Bastide St Laurent avec le Ter de 5h55 qui poursuit vers N\u00eemes, pour arriver vers 8h \u00e0 Langeac permettant de repartir avec celui de 9h vers Clermont \u00e0 St-George d&rsquo;Aurac. L&rsquo;arriv\u00e9e \u00e0 Clermont se fait vers 10h ce qui autorise une activit\u00e9 en matin\u00e9e.<br \/>\n&nbsp;<br \/>\nDans l&rsquo;autre sens rien n&#8217;emp\u00eache d&rsquo;\u00e9tudier une nouvelle circulation en soir\u00e9e qui partirait de Brioude en correspondance avec le dernier train de Clermont arrivant \u00e0  20h46 pour poursuivre jusqu&rsquo;\u00e0 La Bastide arriv\u00e9e vers 23h15.<br \/>\n&nbsp;<br \/>\nPourquoi d&rsquo;ailleurs ne pas utiliser la rame qui effectue la 4 \u00e8me rotation le weekend entre Langogne et Clermont ? Si elle est disponible : d&rsquo;o\u00f9 pas de mat\u00e9riel nouveau.<br \/>\n&nbsp;<br \/>\nOn est loin du cadencement \u00e0 2 h en zone rurale mais on \u00e9tend ainsi la plage horaire de desserte ce qui r\u00e9pondra, le collectif en est persuad\u00e9, \u00e0 l&rsquo;attente des habitants et \u00e0 une hausse de l&rsquo;usage, le tout redynamisera le haut Allier.<br \/>\n&nbsp;<br \/>\nSouhaitons une r\u00e9ponse favorable des d\u00e9cideurs ferroviaires.<br \/>\n&nbsp;<br \/>\n<em>Horaires propos\u00e9s pour le matin :<\/em><br \/>\n&nbsp;<br \/>\n<img loading=\"lazy\" decoding=\"async\" class=\" aligncenter size-full wp-image-4518\" src=\"http:\/\/5.45.101.177\/haut-allier\/usagers-transportse\/wp-content\/uploads\/2023\/06\/suggestion-horaires-train-matinal-hat-allier.jpg\" alt=\"suggestion-horaires-train-matinal-hat-allier.jpg\" align=\"center\" width=\"800\" height=\"640\" srcset=\"https:\/\/usagers-transports.haut-allier.eu\/wp-content\/uploads\/2023\/06\/suggestion-horaires-train-matinal-hat-allier.jpg 800w, https:\/\/usagers-transports.haut-allier.eu\/wp-content\/uploads\/2023\/06\/suggestion-horaires-train-matinal-hat-allier-300x240.jpg 300w, https:\/\/usagers-transports.haut-allier.eu\/wp-content\/uploads\/2023\/06\/suggestion-horaires-train-matinal-hat-allier-768x614.jpg 768w\" sizes=\"auto, (max-width: 800px) 100vw, 800px\" \/><br \/>\n&nbsp;<br \/>\nNous faisons aussi un appel \u00e0 participation. si vous vous sentez d&rsquo;aider, d&rsquo;\u00eatre l\u00e0 pour discuter, faire des choix d&rsquo;actions, bienvenue ! <a href=\"mailto:usagers-transports@haut-allier.eu\"><em>Un mail<\/em><\/a>.<br \/>\n&nbsp;<br \/>\n<em>Quelques photos des nouveaux am\u00e9nagements gare d&rsquo;Alleyras :<\/em><br \/>\n&nbsp;<br \/>\n<img loading=\"lazy\" decoding=\"async\" class=\" aligncenter size-full wp-image-4519\" src=\"http:\/\/5.45.101.177\/haut-allier\/usagers-transportse\/wp-content\/uploads\/2023\/06\/07-img_20230603_084632.jpg\" alt=\"07-img_20230603_084632.jpg\" align=\"center\" width=\"1500\" height=\"1125\" srcset=\"https:\/\/usagers-transports.haut-allier.eu\/wp-content\/uploads\/2023\/06\/07-img_20230603_084632.jpg 1500w, https:\/\/usagers-transports.haut-allier.eu\/wp-content\/uploads\/2023\/06\/07-img_20230603_084632-300x225.jpg 300w, https:\/\/usagers-transports.haut-allier.eu\/wp-content\/uploads\/2023\/06\/07-img_20230603_084632-1024x768.jpg 1024w, https:\/\/usagers-transports.haut-allier.eu\/wp-content\/uploads\/2023\/06\/07-img_20230603_084632-768x576.jpg 768w\" sizes=\"auto, (max-width: 1500px) 100vw, 1500px\" \/><br \/>\n<img loading=\"lazy\" decoding=\"async\" class=\" aligncenter size-full wp-image-4520\" src=\"http:\/\/5.45.101.177\/haut-allier\/usagers-transportse\/wp-content\/uploads\/2023\/06\/08-img_20230603_084632.jpg\" alt=\"08-img_20230603_084632.jpg\" align=\"center\" width=\"2283\" height=\"1301\" srcset=\"https:\/\/usagers-transports.haut-allier.eu\/wp-content\/uploads\/2023\/06\/08-img_20230603_084632.jpg 2283w, https:\/\/usagers-transports.haut-allier.eu\/wp-content\/uploads\/2023\/06\/08-img_20230603_084632-300x171.jpg 300w, https:\/\/usagers-transports.haut-allier.eu\/wp-content\/uploads\/2023\/06\/08-img_20230603_084632-1024x584.jpg 1024w, https:\/\/usagers-transports.haut-allier.eu\/wp-content\/uploads\/2023\/06\/08-img_20230603_084632-768x438.jpg 768w, https:\/\/usagers-transports.haut-allier.eu\/wp-content\/uploads\/2023\/06\/08-img_20230603_084632-1536x875.jpg 1536w, https:\/\/usagers-transports.haut-allier.eu\/wp-content\/uploads\/2023\/06\/08-img_20230603_084632-2048x1167.jpg 2048w\" sizes=\"auto, (max-width: 2283px) 100vw, 2283px\" \/><br \/>\n<img loading=\"lazy\" decoding=\"async\" class=\" aligncenter size-full wp-image-4521\" src=\"http:\/\/5.45.101.177\/haut-allier\/usagers-transportse\/wp-content\/uploads\/2023\/06\/06-img_20230603_084632.jpg\" alt=\"06-img_20230603_084632.jpg\" align=\"center\" width=\"1500\" height=\"1125\" srcset=\"https:\/\/usagers-transports.haut-allier.eu\/wp-content\/uploads\/2023\/06\/06-img_20230603_084632.jpg 1500w, https:\/\/usagers-transports.haut-allier.eu\/wp-content\/uploads\/2023\/06\/06-img_20230603_084632-300x225.jpg 300w, https:\/\/usagers-transports.haut-allier.eu\/wp-content\/uploads\/2023\/06\/06-img_20230603_084632-1024x768.jpg 1024w, https:\/\/usagers-transports.haut-allier.eu\/wp-content\/uploads\/2023\/06\/06-img_20230603_084632-768x576.jpg 768w\" sizes=\"auto, (max-width: 1500px) 100vw, 1500px\" \/><br \/>\n<img loading=\"lazy\" decoding=\"async\" class=\" aligncenter size-full wp-image-4522\" src=\"http:\/\/5.45.101.177\/haut-allier\/usagers-transportse\/wp-content\/uploads\/2023\/06\/05-img_20230603_084632.jpg\" alt=\"05-img_20230603_084632.jpg\" align=\"center\" width=\"1500\" height=\"1125\" srcset=\"https:\/\/usagers-transports.haut-allier.eu\/wp-content\/uploads\/2023\/06\/05-img_20230603_084632.jpg 1500w, https:\/\/usagers-transports.haut-allier.eu\/wp-content\/uploads\/2023\/06\/05-img_20230603_084632-300x225.jpg 300w, https:\/\/usagers-transports.haut-allier.eu\/wp-content\/uploads\/2023\/06\/05-img_20230603_084632-1024x768.jpg 1024w, https:\/\/usagers-transports.haut-allier.eu\/wp-content\/uploads\/2023\/06\/05-img_20230603_084632-768x576.jpg 768w\" sizes=\"auto, (max-width: 1500px) 100vw, 1500px\" \/><br \/>\n<img loading=\"lazy\" decoding=\"async\" class=\" aligncenter size-full wp-image-4523\" src=\"http:\/\/5.45.101.177\/haut-allier\/usagers-transportse\/wp-content\/uploads\/2023\/06\/04-img_20230603_084632.jpg\" alt=\"04-img_20230603_084632.jpg\" align=\"center\" width=\"1500\" height=\"1125\" srcset=\"https:\/\/usagers-transports.haut-allier.eu\/wp-content\/uploads\/2023\/06\/04-img_20230603_084632.jpg 1500w, https:\/\/usagers-transports.haut-allier.eu\/wp-content\/uploads\/2023\/06\/04-img_20230603_084632-300x225.jpg 300w, https:\/\/usagers-transports.haut-allier.eu\/wp-content\/uploads\/2023\/06\/04-img_20230603_084632-1024x768.jpg 1024w, https:\/\/usagers-transports.haut-allier.eu\/wp-content\/uploads\/2023\/06\/04-img_20230603_084632-768x576.jpg 768w\" sizes=\"auto, (max-width: 1500px) 100vw, 1500px\" \/><br \/>\n<em>L&rsquo;acc\u00e8s au quai il y a peu en terre battue&#8230;<\/em><br \/>\n<img loading=\"lazy\" decoding=\"async\" class=\" aligncenter size-full wp-image-4524\" src=\"http:\/\/5.45.101.177\/haut-allier\/usagers-transportse\/wp-content\/uploads\/2023\/06\/03-img_20230603_084632.jpg\" alt=\"03-img_20230603_084632.jpg\" align=\"center\" width=\"1500\" height=\"1125\" srcset=\"https:\/\/usagers-transports.haut-allier.eu\/wp-content\/uploads\/2023\/06\/03-img_20230603_084632.jpg 1500w, https:\/\/usagers-transports.haut-allier.eu\/wp-content\/uploads\/2023\/06\/03-img_20230603_084632-300x225.jpg 300w, https:\/\/usagers-transports.haut-allier.eu\/wp-content\/uploads\/2023\/06\/03-img_20230603_084632-1024x768.jpg 1024w, https:\/\/usagers-transports.haut-allier.eu\/wp-content\/uploads\/2023\/06\/03-img_20230603_084632-768x576.jpg 768w\" sizes=\"auto, (max-width: 1500px) 100vw, 1500px\" \/><br \/>\n&nbsp;<br \/>\n[fond bleu][blanc]<strong>Dans la presse :<\/strong>[\/blanc][\/fond bleu]<br \/>\n&nbsp;<br \/>\n&#8211; La Comm\u00e8re du 5 juin 2023 : <a href=\"https:\/\/www.lacommere43.fr\/actualites\/item\/56853-du-nouveau-pour-la-ligne-du-train-cevenol-dans-le-haut-allier-qui-rouvre-vendredi-9-juin.html\"><em>Du nouveau pour la Ligne du train C\u00e9venol dans le haut Allier qui rouvre vendredi 9 juin<\/em><\/a><br \/>\n&nbsp;<br \/>\n<img loading=\"lazy\" decoding=\"async\" class=\" aligncenter size-full wp-image-4525\" src=\"http:\/\/5.45.101.177\/haut-allier\/usagers-transportse\/wp-content\/uploads\/2023\/06\/du-nouveau-pour-la-ligne-du-train-cevenol-dans-le-haut-allier-qui-rouvre-vendredi-9-juin-la-commere-43.jpg\" alt=\"du-nouveau-pour-la-ligne-du-train-cevenol-dans-le-haut-allier-qui-rouvre-vendredi-9-juin-la-commere-43.jpg\" align=\"center\" width=\"812\" height=\"2185\" srcset=\"https:\/\/usagers-transports.haut-allier.eu\/wp-content\/uploads\/2023\/06\/du-nouveau-pour-la-ligne-du-train-cevenol-dans-le-haut-allier-qui-rouvre-vendredi-9-juin-la-commere-43.jpg 812w, https:\/\/usagers-transports.haut-allier.eu\/wp-content\/uploads\/2023\/06\/du-nouveau-pour-la-ligne-du-train-cevenol-dans-le-haut-allier-qui-rouvre-vendredi-9-juin-la-commere-43-111x300.jpg 111w, https:\/\/usagers-transports.haut-allier.eu\/wp-content\/uploads\/2023\/06\/du-nouveau-pour-la-ligne-du-train-cevenol-dans-le-haut-allier-qui-rouvre-vendredi-9-juin-la-commere-43-381x1024.jpg 381w, https:\/\/usagers-transports.haut-allier.eu\/wp-content\/uploads\/2023\/06\/du-nouveau-pour-la-ligne-du-train-cevenol-dans-le-haut-allier-qui-rouvre-vendredi-9-juin-la-commere-43-768x2067.jpg 768w, https:\/\/usagers-transports.haut-allier.eu\/wp-content\/uploads\/2023\/06\/du-nouveau-pour-la-ligne-du-train-cevenol-dans-le-haut-allier-qui-rouvre-vendredi-9-juin-la-commere-43-571x1536.jpg 571w, https:\/\/usagers-transports.haut-allier.eu\/wp-content\/uploads\/2023\/06\/du-nouveau-pour-la-ligne-du-train-cevenol-dans-le-haut-allier-qui-rouvre-vendredi-9-juin-la-commere-43-761x2048.jpg 761w\" sizes=\"auto, (max-width: 812px) 100vw, 812px\" \/><br \/>\n&nbsp;<br \/>\n&#8211; Zoom d&rsquo;Ici du 7 juin 2023 : <a href=\"https:\/\/www.zoomdici.fr\/actualite\/la-ligne-du-train-cevenol-dans-le-haut-allier-rouvre-vendredi\"><em>La Ligne du train C\u00e9venol dans le haut Allier rouvre vendredi<\/em><\/a><br \/>\n&nbsp;<br \/>\n<img loading=\"lazy\" decoding=\"async\" class=\" aligncenter size-full wp-image-4526\" src=\"http:\/\/5.45.101.177\/haut-allier\/usagers-transportse\/wp-content\/uploads\/2023\/06\/la-ligne-du-train-cevenol-dans-le-haut-allier-rouvre-vendredi-scaled.png\" alt=\"la-ligne-du-train-cevenol-dans-le-haut-allier-rouvre-vendredi.png\" align=\"center\" width=\"827\" height=\"2560\" srcset=\"https:\/\/usagers-transports.haut-allier.eu\/wp-content\/uploads\/2023\/06\/la-ligne-du-train-cevenol-dans-le-haut-allier-rouvre-vendredi-scaled.png 827w, https:\/\/usagers-transports.haut-allier.eu\/wp-content\/uploads\/2023\/06\/la-ligne-du-train-cevenol-dans-le-haut-allier-rouvre-vendredi-97x300.png 97w, https:\/\/usagers-transports.haut-allier.eu\/wp-content\/uploads\/2023\/06\/la-ligne-du-train-cevenol-dans-le-haut-allier-rouvre-vendredi-331x1024.png 331w, https:\/\/usagers-transports.haut-allier.eu\/wp-content\/uploads\/2023\/06\/la-ligne-du-train-cevenol-dans-le-haut-allier-rouvre-vendredi-768x2378.png 768w, https:\/\/usagers-transports.haut-allier.eu\/wp-content\/uploads\/2023\/06\/la-ligne-du-train-cevenol-dans-le-haut-allier-rouvre-vendredi-496x1536.png 496w\" sizes=\"auto, (max-width: 827px) 100vw, 827px\" \/><br \/>\n&nbsp;<\/p>\n","protected":false},"excerpt":{"rendered":"<p>Les gares du haut Allier, sur la ligne des C\u00e9vennes, redeviennent pimpantes, \u00e9quip\u00e9es et fr\u00e9quentables depuis un an<\/p>\n","protected":false},"author":1,"featured_media":4510,"comment_status":"open","ping_status":"open","sticky":false,"template":"","format":"standard","meta":{"footnotes":""},"categories":[2],"tags":[],"class_list":["post-1003","post","type-post","status-publish","format-standard","has-post-thumbnail","hentry","category-infos"],"_links":{"self":[{"href":"https:\/\/usagers-transports.haut-allier.eu\/index.php\/wp-json\/wp\/v2\/posts\/1003","targetHints":{"allow":["GET"]}}],"collection":[{"href":"https:\/\/usagers-transports.haut-allier.eu\/index.php\/wp-json\/wp\/v2\/posts"}],"about":[{"href":"https:\/\/usagers-transports.haut-allier.eu\/index.php\/wp-json\/wp\/v2\/types\/post"}],"author":[{"embeddable":true,"href":"https:\/\/usagers-transports.haut-allier.eu\/index.php\/wp-json\/wp\/v2\/users\/1"}],"replies":[{"embeddable":true,"href":"https:\/\/usagers-transports.haut-allier.eu\/index.php\/wp-json\/wp\/v2\/comments?post=1003"}],"version-history":[{"count":0,"href":"https:\/\/usagers-transports.haut-allier.eu\/index.php\/wp-json\/wp\/v2\/posts\/1003\/revisions"}],"wp:featuredmedia":[{"embeddable":true,"href":"https:\/\/usagers-transports.haut-allier.eu\/index.php\/wp-json\/wp\/v2\/media\/4510"}],"wp:attachment":[{"href":"https:\/\/usagers-transports.haut-allier.eu\/index.php\/wp-json\/wp\/v2\/media?parent=1003"}],"wp:term":[{"taxonomy":"category","embeddable":true,"href":"https:\/\/usagers-transports.haut-allier.eu\/index.php\/wp-json\/wp\/v2\/categories?post=1003"},{"taxonomy":"post_tag","embeddable":true,"href":"https:\/\/usagers-transports.haut-allier.eu\/index.php\/wp-json\/wp\/v2\/tags?post=1003"}],"curies":[{"name":"wp","href":"https:\/\/api.w.org\/{rel}","templated":true}]}}