{"id":1006,"date":"2023-06-20T21:36:28","date_gmt":"2023-06-20T19:36:28","guid":{"rendered":"http:\/\/5.45.101.177\/haut-allier\/usagers-transportse\/index.php\/2023\/06\/20\/ligne-intercites-beziers1006\/"},"modified":"2023-06-20T21:36:28","modified_gmt":"2023-06-20T19:36:28","slug":"ligne-intercites-beziers1006","status":"publish","type":"post","link":"https:\/\/usagers-transports.haut-allier.eu\/index.php\/2023\/06\/20\/ligne-intercites-beziers1006\/","title":{"rendered":"Exclusif : les financements pour le maintien de la ligne Intercit\u00e9s B\u00e9ziers Neussargues sont trouv\u00e9s"},"content":{"rendered":"<p>A l&rsquo;issue de la deuxi\u00e8me journ\u00e9e de mobilisation pour la ligne des Causses qui d&rsquo;autre que le Vice-pr\u00e9sident charg\u00e9 des transports de la r\u00e9gion Occitanie Jean-Luc Gibelin pouvait nous donner des informations fiables concernant l&rsquo;avenir de sa partie nord entre Saint-Ch\u00e9ly d&rsquo;Apcher et Neussargues, section qui comprend le fragile Viaduc de Garabit ?<br \/>\n&nbsp;<br \/>\n<strong>\u00ab\u00a0Pas de suspension de la ligne pour les voyageurs, l&rsquo;Etat ayant tr\u00e8s r\u00e9cemment command\u00e9 \u00e0 SNCF R\u00e9seau de pr\u00e9voir les travaux n\u00e9cessaires pour son maintien\u00a0\u00bb<\/strong>, la r\u00e9ponse est claire et sans ambigu\u00eft\u00e9, comme \u00e0 l&rsquo;habitude de la part de ce vrai d\u00e9fenseur du train. La r\u00e9gion Auvergne Rh\u00f4ne Alpes, elle, n&rsquo;aura pas lev\u00e9 le petit doigt.<br \/>\n&nbsp;<br \/>\nVoici notre question et sa r\u00e9action compl\u00e8te obtenue lors du Comit\u00e9 Mobilit\u00e9 de cette apr\u00e8s-midi \u00e0 Mende. On entend \u00e0 la fin les remarques de la conseill\u00e8re r\u00e9gionale Aur\u00e9lie Maillols pr\u00e9sente \u00e0 la r\u00e9union :<br \/>\n&nbsp;<br \/>\n<a href=\"http:\/\/5.45.101.177\/haut-allier\/usagers-transportse\/wp-content\/uploads\/2023\/06\/2023-06-20_2015.51.29.mp3\">2023-06-20_2015.51.29.mp3<\/a><br \/>\n&nbsp;<br \/>\nLe train des Causses est donc sauv\u00e9, une nouvelle fois. La question du renforcement du viaduc de Garabit, fragile car en fer et non en acier, se pose toujours. Le remplacement des rails double champignon sur la partie nord de la ligne est lui, act\u00e9.<br \/>\n&nbsp;<br \/>\nDe bonnes nouvelles apr\u00e8s une journ\u00e9e d&rsquo;action pour la d\u00e9fense de la ligne organis\u00e9e par le Comit\u00e9 pluraliste pour B\u00e9ziers Neussargues sur l&rsquo;aire autorouti\u00e8re du viaduc. Nous y \u00e9tions. La presse assez nombreuse aussi. Quelques photos et le discours de Jacky Tello le pr\u00e9sident de ce comit\u00e9, cr\u00e9\u00e9 par des cheminots, \u00e0 l&rsquo;oeuvre depuis plus de 20 ans.<br \/>\n&nbsp;<br \/>\n<img loading=\"lazy\" decoding=\"async\" class=\" aligncenter size-full wp-image-4540\" src=\"http:\/\/5.45.101.177\/haut-allier\/usagers-transportse\/wp-content\/uploads\/2023\/06\/img_20230620_111125_600-scaled.jpg\" alt=\"img_20230620_111125_600.jpg\" align=\"center\" width=\"2560\" height=\"1440\" srcset=\"https:\/\/usagers-transports.haut-allier.eu\/wp-content\/uploads\/2023\/06\/img_20230620_111125_600-scaled.jpg 2560w, https:\/\/usagers-transports.haut-allier.eu\/wp-content\/uploads\/2023\/06\/img_20230620_111125_600-300x169.jpg 300w, https:\/\/usagers-transports.haut-allier.eu\/wp-content\/uploads\/2023\/06\/img_20230620_111125_600-1024x576.jpg 1024w, https:\/\/usagers-transports.haut-allier.eu\/wp-content\/uploads\/2023\/06\/img_20230620_111125_600-768x432.jpg 768w, https:\/\/usagers-transports.haut-allier.eu\/wp-content\/uploads\/2023\/06\/img_20230620_111125_600-1536x864.jpg 1536w, https:\/\/usagers-transports.haut-allier.eu\/wp-content\/uploads\/2023\/06\/img_20230620_111125_600-2048x1152.jpg 2048w\" sizes=\"auto, (max-width: 2560px) 100vw, 2560px\" \/><br \/>\n&nbsp;<br \/>\n<a href=\"http:\/\/5.45.101.177\/haut-allier\/usagers-transportse\/wp-content\/uploads\/2023\/06\/jacky-tello-20juin2023rr.mp4\">jacky-tello-20juin2023rr.mp4<\/a><br \/>\n&nbsp;<br \/>\n Quelques images de cette matin\u00e9e militante.<br \/>\n&nbsp;<br \/>\n<img loading=\"lazy\" decoding=\"async\" class=\" aligncenter size-full wp-image-4542\" src=\"http:\/\/5.45.101.177\/haut-allier\/usagers-transportse\/wp-content\/uploads\/2023\/06\/img_20230620_085336_280-scaled.jpg\" alt=\"img_20230620_085336_280.jpg\" align=\"center\" width=\"2560\" height=\"1440\" srcset=\"https:\/\/usagers-transports.haut-allier.eu\/wp-content\/uploads\/2023\/06\/img_20230620_085336_280-scaled.jpg 2560w, https:\/\/usagers-transports.haut-allier.eu\/wp-content\/uploads\/2023\/06\/img_20230620_085336_280-300x169.jpg 300w, https:\/\/usagers-transports.haut-allier.eu\/wp-content\/uploads\/2023\/06\/img_20230620_085336_280-1024x576.jpg 1024w, https:\/\/usagers-transports.haut-allier.eu\/wp-content\/uploads\/2023\/06\/img_20230620_085336_280-768x432.jpg 768w, https:\/\/usagers-transports.haut-allier.eu\/wp-content\/uploads\/2023\/06\/img_20230620_085336_280-1536x864.jpg 1536w, https:\/\/usagers-transports.haut-allier.eu\/wp-content\/uploads\/2023\/06\/img_20230620_085336_280-2048x1152.jpg 2048w\" sizes=\"auto, (max-width: 2560px) 100vw, 2560px\" \/><br \/>\n<img loading=\"lazy\" decoding=\"async\" class=\" aligncenter size-full wp-image-4543\" src=\"http:\/\/5.45.101.177\/haut-allier\/usagers-transportse\/wp-content\/uploads\/2023\/06\/img_20230620_110629_507-scaled.jpg\" alt=\"img_20230620_110629_507.jpg\" align=\"center\" width=\"2560\" height=\"1440\" srcset=\"https:\/\/usagers-transports.haut-allier.eu\/wp-content\/uploads\/2023\/06\/img_20230620_110629_507-scaled.jpg 2560w, https:\/\/usagers-transports.haut-allier.eu\/wp-content\/uploads\/2023\/06\/img_20230620_110629_507-300x169.jpg 300w, https:\/\/usagers-transports.haut-allier.eu\/wp-content\/uploads\/2023\/06\/img_20230620_110629_507-1024x576.jpg 1024w, https:\/\/usagers-transports.haut-allier.eu\/wp-content\/uploads\/2023\/06\/img_20230620_110629_507-768x432.jpg 768w, https:\/\/usagers-transports.haut-allier.eu\/wp-content\/uploads\/2023\/06\/img_20230620_110629_507-1536x864.jpg 1536w, https:\/\/usagers-transports.haut-allier.eu\/wp-content\/uploads\/2023\/06\/img_20230620_110629_507-2048x1152.jpg 2048w\" sizes=\"auto, (max-width: 2560px) 100vw, 2560px\" \/><br \/>\n<img loading=\"lazy\" decoding=\"async\" class=\" aligncenter size-full wp-image-4544\" src=\"http:\/\/5.45.101.177\/haut-allier\/usagers-transportse\/wp-content\/uploads\/2023\/06\/img_20230620_113637_971-scaled.jpg\" alt=\"img_20230620_113637_971.jpg\" align=\"center\" width=\"2560\" height=\"1440\" srcset=\"https:\/\/usagers-transports.haut-allier.eu\/wp-content\/uploads\/2023\/06\/img_20230620_113637_971-scaled.jpg 2560w, https:\/\/usagers-transports.haut-allier.eu\/wp-content\/uploads\/2023\/06\/img_20230620_113637_971-300x169.jpg 300w, https:\/\/usagers-transports.haut-allier.eu\/wp-content\/uploads\/2023\/06\/img_20230620_113637_971-1024x576.jpg 1024w, https:\/\/usagers-transports.haut-allier.eu\/wp-content\/uploads\/2023\/06\/img_20230620_113637_971-768x432.jpg 768w, https:\/\/usagers-transports.haut-allier.eu\/wp-content\/uploads\/2023\/06\/img_20230620_113637_971-1536x864.jpg 1536w, https:\/\/usagers-transports.haut-allier.eu\/wp-content\/uploads\/2023\/06\/img_20230620_113637_971-2048x1152.jpg 2048w\" sizes=\"auto, (max-width: 2560px) 100vw, 2560px\" \/><br \/>\n<img loading=\"lazy\" decoding=\"async\" class=\" aligncenter size-full wp-image-4545\" src=\"http:\/\/5.45.101.177\/haut-allier\/usagers-transportse\/wp-content\/uploads\/2023\/06\/img_20230620_113558_775-scaled.jpg\" alt=\"img_20230620_113558_775.jpg\" align=\"center\" width=\"2560\" height=\"1440\" srcset=\"https:\/\/usagers-transports.haut-allier.eu\/wp-content\/uploads\/2023\/06\/img_20230620_113558_775-scaled.jpg 2560w, https:\/\/usagers-transports.haut-allier.eu\/wp-content\/uploads\/2023\/06\/img_20230620_113558_775-300x169.jpg 300w, https:\/\/usagers-transports.haut-allier.eu\/wp-content\/uploads\/2023\/06\/img_20230620_113558_775-1024x576.jpg 1024w, https:\/\/usagers-transports.haut-allier.eu\/wp-content\/uploads\/2023\/06\/img_20230620_113558_775-768x432.jpg 768w, https:\/\/usagers-transports.haut-allier.eu\/wp-content\/uploads\/2023\/06\/img_20230620_113558_775-1536x864.jpg 1536w, https:\/\/usagers-transports.haut-allier.eu\/wp-content\/uploads\/2023\/06\/img_20230620_113558_775-2048x1152.jpg 2048w\" sizes=\"auto, (max-width: 2560px) 100vw, 2560px\" \/><br \/>\n<img loading=\"lazy\" decoding=\"async\" class=\" aligncenter size-full wp-image-4546\" src=\"http:\/\/5.45.101.177\/haut-allier\/usagers-transportse\/wp-content\/uploads\/2023\/06\/img_20230620_113539-scaled.jpg\" alt=\"img_20230620_113539.jpg\" align=\"center\" width=\"2560\" height=\"1920\" srcset=\"https:\/\/usagers-transports.haut-allier.eu\/wp-content\/uploads\/2023\/06\/img_20230620_113539-scaled.jpg 2560w, https:\/\/usagers-transports.haut-allier.eu\/wp-content\/uploads\/2023\/06\/img_20230620_113539-300x225.jpg 300w, https:\/\/usagers-transports.haut-allier.eu\/wp-content\/uploads\/2023\/06\/img_20230620_113539-1024x768.jpg 1024w, https:\/\/usagers-transports.haut-allier.eu\/wp-content\/uploads\/2023\/06\/img_20230620_113539-768x576.jpg 768w, https:\/\/usagers-transports.haut-allier.eu\/wp-content\/uploads\/2023\/06\/img_20230620_113539-1536x1152.jpg 1536w, https:\/\/usagers-transports.haut-allier.eu\/wp-content\/uploads\/2023\/06\/img_20230620_113539-2048x1536.jpg 2048w\" sizes=\"auto, (max-width: 2560px) 100vw, 2560px\" \/><\/p>\n","protected":false},"excerpt":{"rendered":"<p>A l&rsquo;issue de la deuxi\u00e8me journ\u00e9e de mobilisation pour la ligne des Causses qui d&rsquo;autre que le Vice-pr\u00e9sident<\/p>\n","protected":false},"author":1,"featured_media":4538,"comment_status":"open","ping_status":"open","sticky":false,"template":"","format":"standard","meta":{"footnotes":""},"categories":[2],"tags":[],"class_list":["post-1006","post","type-post","status-publish","format-standard","has-post-thumbnail","hentry","category-infos"],"_links":{"self":[{"href":"https:\/\/usagers-transports.haut-allier.eu\/index.php\/wp-json\/wp\/v2\/posts\/1006","targetHints":{"allow":["GET"]}}],"collection":[{"href":"https:\/\/usagers-transports.haut-allier.eu\/index.php\/wp-json\/wp\/v2\/posts"}],"about":[{"href":"https:\/\/usagers-transports.haut-allier.eu\/index.php\/wp-json\/wp\/v2\/types\/post"}],"author":[{"embeddable":true,"href":"https:\/\/usagers-transports.haut-allier.eu\/index.php\/wp-json\/wp\/v2\/users\/1"}],"replies":[{"embeddable":true,"href":"https:\/\/usagers-transports.haut-allier.eu\/index.php\/wp-json\/wp\/v2\/comments?post=1006"}],"version-history":[{"count":0,"href":"https:\/\/usagers-transports.haut-allier.eu\/index.php\/wp-json\/wp\/v2\/posts\/1006\/revisions"}],"wp:featuredmedia":[{"embeddable":true,"href":"https:\/\/usagers-transports.haut-allier.eu\/index.php\/wp-json\/wp\/v2\/media\/4538"}],"wp:attachment":[{"href":"https:\/\/usagers-transports.haut-allier.eu\/index.php\/wp-json\/wp\/v2\/media?parent=1006"}],"wp:term":[{"taxonomy":"category","embeddable":true,"href":"https:\/\/usagers-transports.haut-allier.eu\/index.php\/wp-json\/wp\/v2\/categories?post=1006"},{"taxonomy":"post_tag","embeddable":true,"href":"https:\/\/usagers-transports.haut-allier.eu\/index.php\/wp-json\/wp\/v2\/tags?post=1006"}],"curies":[{"name":"wp","href":"https:\/\/api.w.org\/{rel}","templated":true}]}}