{"id":1009,"date":"2023-06-22T12:45:24","date_gmt":"2023-06-22T10:45:24","guid":{"rendered":"http:\/\/5.45.101.177\/haut-allier\/usagers-transportse\/index.php\/2023\/06\/22\/soutien-a-la-reouverture-de-la1009\/"},"modified":"2023-06-22T12:45:24","modified_gmt":"2023-06-22T10:45:24","slug":"soutien-a-la-reouverture-de-la1009","status":"publish","type":"post","link":"https:\/\/usagers-transports.haut-allier.eu\/index.php\/2023\/06\/22\/soutien-a-la-reouverture-de-la1009\/","title":{"rendered":"Soutien \u00e0 la r\u00e9ouverture de la ligne S\u00e9verac Rodez : une journ\u00e9e festive le 9 juillet"},"content":{"rendered":"<p>Afin de \u00ab\u00a0Peser encore plus fort sur l&rsquo;Etat pour une participation financi\u00e8re de sa part cons\u00e9quente et afin d&rsquo;assurer une p\u00e9rennisation du ferroviaire dans le Massif Central\u00a0\u00bb, les termes du Comit\u00e9 Pluraliste pour le soutien de la ligne B\u00e9ziers &#8211; Neussargues, celui-ci organise un rassemblement festif le 9 juillet en Gare de S\u00e9verac le Ch\u00e2teau (S\u00e9verac d&rsquo;Aveyron).<br \/>\n&nbsp;<br \/>\nUne journ\u00e9e d\u00e9di\u00e9e au soutien \u00e0 la r\u00e9ouverture ligne S\u00e9verac &#8211; Rodez programm\u00e9e par la r\u00e9gion Occitanie pour 2026. Les travaux ont d\u00e9j\u00e0 commenc\u00e9.<br \/>\n&nbsp;<br \/>\nExtrait de l&rsquo;invitation re\u00e7ue aujourd&rsquo;hui :<br \/>\n&nbsp;<br \/>\n<em> <strong>Nous f\u00eaterons les 28 ans d\u2019existence de notre Comit\u00e9 Pluraliste Avec le groupe Occitan \u00ab\u00a0Coriandre\u00a0\u00bb \u00e0 partir de 14 h \u00e0 la salle du temps libre \u00e0 S\u00e9verac.<br \/>\n&nbsp;<br \/>\nCe m\u00eame jour, A 18h30 dans la cour du ch\u00e2teau repr\u00e9sentation th\u00e9\u00e2trale par la Compagnie G\u00e9rard G\u00e9rard avec pour th\u00e8me la ligne B\u00e9ziers-Neussargues.<\/strong> <\/em><br \/>\n&nbsp;<br \/>\nUn ap\u00e9ritif est pr\u00e9vu. Le repas sera tir\u00e9 du sac.<br \/>\n&nbsp;<br \/>\nPour se rendre \u00e0 S\u00e9verac, covoiturage possible, contacter pour le Cantal Michel Leron 06 89 44 98 06, pour la Loz\u00e8re Maurice Ambec 06 70 59 20 85.<br \/>\n&nbsp;<br \/>\nPour l\u2019H\u00e9rault et l\u2019Aveyron train \u00e0 1 \u20ac, D\u00e9part B\u00e9ziers 9h33, Magalas 9h47, B\u00e9darieux 10h08, Le Bousquet d\u2019Orb 10h19, Ceilhes 10h34, Tournemire 10h59, St Rome de Cernon 11h07, St Georges de Luzen\u00e7on 11h14. Millau\u00a011h26, S\u00e9v\u00e9rac 11h57. Retour d\u00e9part S\u00e9v\u00e9rac 17h02. Arriv\u00e9e 19h30 B\u00e9ziers.<br \/>\n&nbsp;<br \/>\nImportant\u00a0: Pour ceux qui prennent le train, et afin d\u2019avoir suffisamment de places disponibles, merci de s\u2019inscrire aupr\u00e8s de Jacky Tello par t\u00e9l. 06 08 17 58 87 ou par E-Mail\u00a0: comit\u00e9pluraliste.bn@gmail.com<br \/>\n&nbsp;<br \/>\n<strong>Pr\u00e9sentation du groupe Coriandre<\/strong><br \/>\n&nbsp;<br \/>\nAdepte du Bal\u00e8ti \u00d2c &#038; Folk, Coriandre vous offre une musique Trad&rsquo;actuelle Occitane, mitonn\u00e9e sur les bords de la M\u00e9diterran\u00e9e, pour faire voyager les oreilles et mettre des braises sous vos pieds.<br \/>\n&nbsp;<br \/>\n<img loading=\"lazy\" decoding=\"async\" class=\" aligncenter size-full wp-image-4547\" src=\"http:\/\/5.45.101.177\/haut-allier\/usagers-transportse\/wp-content\/uploads\/2023\/06\/coriandre.jpg\" alt=\"coriandre.jpg\" align=\"center\" width=\"621\" height=\"414\" srcset=\"https:\/\/usagers-transports.haut-allier.eu\/wp-content\/uploads\/2023\/06\/coriandre.jpg 621w, https:\/\/usagers-transports.haut-allier.eu\/wp-content\/uploads\/2023\/06\/coriandre-300x200.jpg 300w\" sizes=\"auto, (max-width: 621px) 100vw, 621px\" \/><\/p>\n<p>Implant\u00e9 en Languedoc-Roussillon depuis plus de 20 ans, le groupe de Sommi\u00e8res (Gard) d\u00e9livre son \u00e9nergie communicative sur les diverses sc\u00e8nes d\u2019Occitanie et d\u2019ailleurs. Ouvert aux genres musicaux de son \u00e9poque tout en restant enracin\u00e9 dans la culture r\u00e9gionale, le groupe s\u2019inspire aussi des parfums distill\u00e9s par la M\u00e9diterran\u00e9e. Il participe depuis sa cr\u00e9ation \u00e0 la \u00ab convivencia \u00bb, l\u2019envie d\u2019\u00eatre ensemble, de partager des \u00e9motions et des danses f\u00e9d\u00e9ratrices.<br \/>\n&nbsp;<br \/>\nN\u2019\u00e9tant pas folkloristes, les 5 musiciens ne donnent pas une image pass\u00e9iste des musiques et danses qu\u2019ils proposent, et tout en respectant les r\u00e8gles des pratiques anciennes, ils orientent leurs compositions vers des sonorit\u00e9s actuelles. Concert \u00e0 danser, ou Bal \u00e0 \u00e9couter ? \u00c0 chacun de d\u00e9cider !!!<br \/>\n&nbsp;<br \/>\nCoriandre a publi\u00e9  6 albums\u00a0: La Marmita d\u2019\u00d2c \u2013 Se l\u00e8va lo vent \u2013 Lo Tornet \u2013 Itineran\u00e7a \u2013 Viu et Camin d\u2019Est\u00e8las, produits par Coriandre PrOdUcTiOnS et distribu\u00e9s par L\u2019Autre Distribution.<br \/>\n&nbsp;<br \/>\nDenis Galvier : chant, hautbois languedocien, chal\u00e9mie, fl\u00fbtes \u00e0 bec, saxos, chalumeau<br \/>\nCathy Siorat : Violon, mandoline, chant<br \/>\nManu de Gouvello : basses, mandoline, choeurs<br \/>\nYves Masson : guitare, bouzouki, ukul\u00e9l\u00e9, chant<br \/>\nVivian Peres : batterie, percussions diverses, choeurs<br \/>\n&nbsp;<br \/>\n<em> <strong>La tradition, c\u2019est la transmission du feu et non l\u2019adoration des cendres (Gustav Mahler).<\/strong> <\/em><br \/>\n&nbsp;<br \/>\n<strong>L&rsquo;affiche du spectacle de G\u00e9rard G\u00e9rard<\/strong><br \/>\n&nbsp;<br \/>\n<img loading=\"lazy\" decoding=\"async\" class=\" aligncenter size-full wp-image-4548\" src=\"http:\/\/5.45.101.177\/haut-allier\/usagers-transportse\/wp-content\/uploads\/2023\/06\/affiche_spectacle_aubrac_espress_severac_9_juillet_2023.jpg\" alt=\"affiche_spectacle_aubrac_espress_severac_9_juillet_2023.jpg\" align=\"center\" width=\"768\" height=\"1086\" srcset=\"https:\/\/usagers-transports.haut-allier.eu\/wp-content\/uploads\/2023\/06\/affiche_spectacle_aubrac_espress_severac_9_juillet_2023.jpg 768w, https:\/\/usagers-transports.haut-allier.eu\/wp-content\/uploads\/2023\/06\/affiche_spectacle_aubrac_espress_severac_9_juillet_2023-212x300.jpg 212w, https:\/\/usagers-transports.haut-allier.eu\/wp-content\/uploads\/2023\/06\/affiche_spectacle_aubrac_espress_severac_9_juillet_2023-724x1024.jpg 724w\" sizes=\"auto, (max-width: 768px) 100vw, 768px\" \/><br \/>\n&nbsp;<br \/>\nAu 9 juillet !<br \/>\n&nbsp;<\/p>\n","protected":false},"excerpt":{"rendered":"<p>Afin de \u00ab\u00a0Peser encore plus fort sur l&rsquo;Etat pour une participation financi\u00e8re de sa part cons\u00e9quente et afin<\/p>\n","protected":false},"author":1,"featured_media":4549,"comment_status":"open","ping_status":"open","sticky":false,"template":"","format":"standard","meta":{"footnotes":""},"categories":[2],"tags":[],"class_list":["post-1009","post","type-post","status-publish","format-standard","has-post-thumbnail","hentry","category-infos"],"_links":{"self":[{"href":"https:\/\/usagers-transports.haut-allier.eu\/index.php\/wp-json\/wp\/v2\/posts\/1009","targetHints":{"allow":["GET"]}}],"collection":[{"href":"https:\/\/usagers-transports.haut-allier.eu\/index.php\/wp-json\/wp\/v2\/posts"}],"about":[{"href":"https:\/\/usagers-transports.haut-allier.eu\/index.php\/wp-json\/wp\/v2\/types\/post"}],"author":[{"embeddable":true,"href":"https:\/\/usagers-transports.haut-allier.eu\/index.php\/wp-json\/wp\/v2\/users\/1"}],"replies":[{"embeddable":true,"href":"https:\/\/usagers-transports.haut-allier.eu\/index.php\/wp-json\/wp\/v2\/comments?post=1009"}],"version-history":[{"count":0,"href":"https:\/\/usagers-transports.haut-allier.eu\/index.php\/wp-json\/wp\/v2\/posts\/1009\/revisions"}],"wp:featuredmedia":[{"embeddable":true,"href":"https:\/\/usagers-transports.haut-allier.eu\/index.php\/wp-json\/wp\/v2\/media\/4549"}],"wp:attachment":[{"href":"https:\/\/usagers-transports.haut-allier.eu\/index.php\/wp-json\/wp\/v2\/media?parent=1009"}],"wp:term":[{"taxonomy":"category","embeddable":true,"href":"https:\/\/usagers-transports.haut-allier.eu\/index.php\/wp-json\/wp\/v2\/categories?post=1009"},{"taxonomy":"post_tag","embeddable":true,"href":"https:\/\/usagers-transports.haut-allier.eu\/index.php\/wp-json\/wp\/v2\/tags?post=1009"}],"curies":[{"name":"wp","href":"https:\/\/api.w.org\/{rel}","templated":true}]}}