{"id":101,"date":"2013-12-27T07:57:56","date_gmt":"2013-12-27T06:57:56","guid":{"rendered":"http:\/\/5.45.101.177\/haut-allier\/usagers-transportse\/index.php\/2013\/12\/27\/lozere-petite-victoire-des-usagers101\/"},"modified":"2013-12-27T07:57:56","modified_gmt":"2013-12-27T06:57:56","slug":"lozere-petite-victoire-des-usagers101","status":"publish","type":"post","link":"https:\/\/usagers-transports.haut-allier.eu\/index.php\/2013\/12\/27\/lozere-petite-victoire-des-usagers101\/","title":{"rendered":"Loz\u00e8re : petite victoire des usagers et des \u00e9lus pour le maintien de certains arr\u00eats du Transloz\u00e9rien"},"content":{"rendered":"<p><strong>La SNCF et la r\u00e9gion Languedoc Roussillon viennent de faire machine arri\u00e8re <\/strong> et r\u00e9tablir certains arr\u00eats, Allenc, Belvezet et Chasserad\u00e8s, suite \u00e0 la grogne des \u00e9lus et des usagers selon Midi Libre du 26 d\u00e9cembre 2013. Le week-end uniquement hein, car nous vous l&rsquo;<a href=\"http:\/\/usagers-transports.haut-allier.eu\/spip.php?article77\">apprenions<\/a> d\u00e8s le 1er octobre en semaine tous les 7 trains ont \u00e9t\u00e9 supprim\u00e9s.<br \/>\n&nbsp;<br \/>\nLes explications de la r\u00e9gion et de la SNCF note le quotidien, <em>ne sont pas convainquantes<\/em>. Tu m&rsquo;\u00e9tonnes.<br \/>\n&nbsp;<br \/>\nL&rsquo;<a href=\"http:\/\/www.midilibre.fr\/2013\/12\/25\/les-usagers-et-les-elus-font-reculer-la-sncf,801493.php\">article<\/a> du journal.<br \/>\n&nbsp;<br \/>\n[L&rsquo;image du logo \u00ab\u00a0La gare de Belvezet sous la neige\u00a0\u00bb provient du site <a href=\"http:\/\/www.massifcentralferroviaire.com\">Massif central ferroviaire<\/a>].<\/p>\n","protected":false},"excerpt":{"rendered":"<p>La SNCF et la r\u00e9gion Languedoc Roussillon viennent de faire machine arri\u00e8re et r\u00e9tablir certains arr\u00eats, Allenc, Belvezet<\/p>\n","protected":false},"author":1,"featured_media":1536,"comment_status":"closed","ping_status":"open","sticky":false,"template":"","format":"standard","meta":{"footnotes":""},"categories":[2],"tags":[],"class_list":["post-101","post","type-post","status-publish","format-standard","has-post-thumbnail","hentry","category-infos"],"_links":{"self":[{"href":"https:\/\/usagers-transports.haut-allier.eu\/index.php\/wp-json\/wp\/v2\/posts\/101","targetHints":{"allow":["GET"]}}],"collection":[{"href":"https:\/\/usagers-transports.haut-allier.eu\/index.php\/wp-json\/wp\/v2\/posts"}],"about":[{"href":"https:\/\/usagers-transports.haut-allier.eu\/index.php\/wp-json\/wp\/v2\/types\/post"}],"author":[{"embeddable":true,"href":"https:\/\/usagers-transports.haut-allier.eu\/index.php\/wp-json\/wp\/v2\/users\/1"}],"replies":[{"embeddable":true,"href":"https:\/\/usagers-transports.haut-allier.eu\/index.php\/wp-json\/wp\/v2\/comments?post=101"}],"version-history":[{"count":0,"href":"https:\/\/usagers-transports.haut-allier.eu\/index.php\/wp-json\/wp\/v2\/posts\/101\/revisions"}],"wp:featuredmedia":[{"embeddable":true,"href":"https:\/\/usagers-transports.haut-allier.eu\/index.php\/wp-json\/wp\/v2\/media\/1536"}],"wp:attachment":[{"href":"https:\/\/usagers-transports.haut-allier.eu\/index.php\/wp-json\/wp\/v2\/media?parent=101"}],"wp:term":[{"taxonomy":"category","embeddable":true,"href":"https:\/\/usagers-transports.haut-allier.eu\/index.php\/wp-json\/wp\/v2\/categories?post=101"},{"taxonomy":"post_tag","embeddable":true,"href":"https:\/\/usagers-transports.haut-allier.eu\/index.php\/wp-json\/wp\/v2\/tags?post=101"}],"curies":[{"name":"wp","href":"https:\/\/api.w.org\/{rel}","templated":true}]}}