{"id":1012,"date":"2023-07-04T11:53:50","date_gmt":"2023-07-04T09:53:50","guid":{"rendered":"http:\/\/5.45.101.177\/haut-allier\/usagers-transportse\/index.php\/2023\/07\/04\/prendre-le-train-desempares-devant1012\/"},"modified":"2023-07-04T11:53:50","modified_gmt":"2023-07-04T09:53:50","slug":"prendre-le-train-desempares-devant1012","status":"publish","type":"post","link":"https:\/\/usagers-transports.haut-allier.eu\/index.php\/2023\/07\/04\/prendre-le-train-desempares-devant1012\/","title":{"rendered":"Prendre le train : d\u00e9sempar\u00e9s devant la complexit\u00e9 et la multiplication des plateformes de billettique ?"},"content":{"rendered":"<p>\u00ab\u00a0On aimerait prendre les transports en commun, dont le train, mais il est tr\u00e8s difficile de pr\u00e9parer son voyage vue la diversit\u00e9 des op\u00e9rateurs et de l&rsquo;offre\u00a0\u00bb : c&rsquo;est ce qu&rsquo;on entend de plus en plus autour de soi avec ce sentiment partag\u00e9 de ne jamais profiter des meilleurs tarifs existants.<br \/>\n&nbsp;<br \/>\nTout ceci \u00e0 cause de l&rsquo;inexistence d&rsquo;une plateforme simple et unifi\u00e9e inter-op\u00e9rateurs, nationaux et internationaux, qui permettrait d&rsquo;un coup d&rsquo;oeil au moins la comparaison, et id\u00e9alement l&rsquo;achat d&rsquo;un billet unique, alors que l&rsquo;on sera amen\u00e9 \u00e0 utiliser le bus, le train, un ferry, un autre train, un m\u00e9tro, un t\u00e9l\u00e9ph\u00e9rique, etc&#8230; Impossible d&rsquo;organiser de fa\u00e7on simple son d\u00e9placement, qui peut mettre en jeu plusieurs modes et donc la plupart du temps plusieurs op\u00e9rateurs de transports.<br \/>\n&nbsp;<br \/>\nChacun de ces derniers tenant naturellement \u00e0 ma\u00eetriser son offre tarifaire, qu&rsquo;ils soient priv\u00e9s ou publics, ce n&rsquo;est pas gagn\u00e9 pour le pauvre voyageur.<br \/>\n&nbsp;<br \/>\nToujours en pointe concernant les transports, c&rsquo;est en Suisse qu&rsquo;on peut trouver un organisme f\u00e9d\u00e9ral faisant ce travail d&rsquo;unification de l&rsquo;offre, une tache impos\u00e9e par la loi helv\u00e8te, avec aussi la gestion des correspondances horaires. La mise en place de tickets multimodaux en est facilit\u00e9e autour de quelques villes, comme Unireso \u00e0 Gen\u00e8ve, ou m\u00eame \u00e0 l&rsquo;\u00e9chelle du pays entier avec le Swisspass. Ailleurs des applications existent comme en Autriche avec WienMobil qui permet de payer les billets de plusieurs op\u00e9rateurs pour un m\u00eame trajet.<br \/>\n&nbsp;<br \/>\nOn parle d&rsquo;int\u00e9gration tarifaire. Des tentatives sont en cours aussi en France avec la carte Our\u00e0 de la r\u00e9gion Auvergne Rh\u00f4ne Alpes qui n&rsquo;int\u00e8gre pour l&rsquo;instant pas grand chose \u00e0 part les TER et les bus AuRA. En Bretagne aussi timide mise en place de la carte KorriGo Services qui est utilis\u00e9e pour les bus et les m\u00e9tros. Bien d&rsquo;autres agglos offrent aussi ce genre de cartes limit\u00e9es.<br \/>\n&nbsp;<br \/>\nEt bien ce service, cette plateforme, c&rsquo;est un des objectifs du r\u00e9seau #EnTrain, un collectif europ\u00e9en de 12 organisations d&rsquo;usagers, cr\u00e9\u00e9 il y a 4 ans pour faciliter l&rsquo;utilisation du train du quotidien. Il veut sensibiliser d&rsquo;abord les acteurs du transport de voyageurs, administrations, op\u00e9rateurs, \u00e0 la n\u00e9cessit\u00e9 de cette unification, puis inciter \u00e0 la concr\u00e9tisation de cette id\u00e9e salvatrice de temps pour tous.<br \/>\n&nbsp;<br \/>\n[fond noir][blanc]<strong>Un forum europ\u00e9en en septembre<\/strong>[\/blanc][\/fond noir]<br \/>\n&nbsp;<br \/>\nDans cet esprit et pour faire avancer l&rsquo;objectif, ce r\u00e9seau dont notre collectif fait partie organise une rencontre qui traitera du sujet <strong>le 28 septembre \u00e0 13h \u00e0 Bruxelles<\/strong>. Plusieurs experts de renom y d\u00e9battront. En voici le programme, l&rsquo;apr\u00e8s-midi est ouverte \u00e0 tous dans la limite des places disponibles. La r\u00e9servation sera ouverte d\u00e9but septembre. L&rsquo;enregistrement du colloque est pr\u00e9vu.<br \/>\n&nbsp;<br \/>\n<img loading=\"lazy\" decoding=\"async\" class=\" aligncenter size-full wp-image-4560\" src=\"http:\/\/5.45.101.177\/haut-allier\/usagers-transportse\/wp-content\/uploads\/2023\/07\/forum2023entrain-v2-r.jpg\" alt=\"forum2023entrain-v2-r.jpg\" align=\"center\" width=\"1057\" height=\"1497\" srcset=\"https:\/\/usagers-transports.haut-allier.eu\/wp-content\/uploads\/2023\/07\/forum2023entrain-v2-r.jpg 1057w, https:\/\/usagers-transports.haut-allier.eu\/wp-content\/uploads\/2023\/07\/forum2023entrain-v2-r-212x300.jpg 212w, https:\/\/usagers-transports.haut-allier.eu\/wp-content\/uploads\/2023\/07\/forum2023entrain-v2-r-723x1024.jpg 723w, https:\/\/usagers-transports.haut-allier.eu\/wp-content\/uploads\/2023\/07\/forum2023entrain-v2-r-768x1088.jpg 768w\" sizes=\"auto, (max-width: 1057px) 100vw, 1057px\" \/><br \/>\n&nbsp;<br \/>\nLe site web pour s&rsquo;informer : <a href=\"https:\/\/reseauentrain.eu\/forum-2023\">reseauentrain.eu\/forum-2023<\/a><br \/>\n&nbsp;<br \/>\n[fond noir][blanc]<strong>Fairtiq serait-elle la solution ?<\/strong>[\/blanc][\/fond noir]<br \/>\n&nbsp;<br \/>\nC\u2019est tout simplement une sorte de \u00ab fabriqueur \u00bb de billets en temps r\u00e9el, au fur et \u00e0 mesure que vous voyagez. Il suffit de cliquer sur Start au d\u00e9but du voyage.<br \/>\n&nbsp;<br \/>\n<img loading=\"lazy\" decoding=\"async\" class=\" aligncenter size-full wp-image-4561\" src=\"http:\/\/5.45.101.177\/haut-allier\/usagers-transportse\/wp-content\/uploads\/2023\/07\/2019-01-27_15-23-05.jpg\" alt=\"2019-01-27_15-23-05.jpg\" align=\"center\" width=\"356\" height=\"444\" srcset=\"https:\/\/usagers-transports.haut-allier.eu\/wp-content\/uploads\/2023\/07\/2019-01-27_15-23-05.jpg 356w, https:\/\/usagers-transports.haut-allier.eu\/wp-content\/uploads\/2023\/07\/2019-01-27_15-23-05-241x300.jpg 241w\" sizes=\"auto, (max-width: 356px) 100vw, 356px\" \/><br \/>\n&nbsp;<br \/>\nEn fait une application smartphone et un abonnement cr\u00e9\u00e9 voici plusieurs ann\u00e9es \u00e0 Berne, qui a s\u00e9duit bon nombre de voyageurs : plus d&rsquo;achats de billets, paiement apr\u00e8s le trajet, simplicit\u00e9 d&rsquo;utilisation&#8230; on pourrait penser que tous les ingr\u00e9dients sont l\u00e0 pour r\u00e9pondre \u00e0 l&rsquo;attente des usagers. Mais tout n&rsquo;est pas rose&#8230; Analyse rapide.<br \/>\n&nbsp;<br \/>\n[fond rouge][blanc]Les Avantages[\/blanc][\/fond rouge]<br \/>\n&nbsp;<br \/>\n&#8211; Pas de billet(s) \u00e0 acheter, l&rsquo;application calcule le trajet effectu\u00e9, choisit les op\u00e9rateurs, d\u00e9duit le mode utilis\u00e9 (train, bus, bateau, t\u00e9l\u00e9ph\u00e9rique&#8230;)<br \/>\n&#8211; Le montant est d\u00e9bit\u00e9 apr\u00e8s le trajet sur votre compte Fairtiq \u00e0 partir des donn\u00e9es bancaires rentr\u00e9es<br \/>\n&#8211; Une grande simplicit\u00e9 : un seul bouton Start \u00e0 appuyer au d\u00e9but du d\u00e9placement, un bouton Stop \u00e0 la fin<br \/>\n&#8211; L&rsquo;application g\u00e9n\u00e8re d\u00e8s le d\u00e9but du voyage un QR code reconnaissable par les syst\u00e8mes de contr\u00f4le<br \/>\n&#8211; Elle choisit automatiquement les meilleurs tarifs disponibles<br \/>\n&nbsp;<br \/>\nC&rsquo;est d\u00e9j\u00e0 beaucoup. Regardons quel est le revers de la m\u00e9daille.<\/p>\n<p>[fond rouge][blanc]Les Inconv\u00e9nients[\/blanc][\/fond rouge]<br \/>\n&nbsp;<br \/>\n&#8211; L&rsquo;application est intrusive : il est obligatoire de poss\u00e9der un smartphone connect\u00e9 tout le long du trajet et d&rsquo;avoir la fonction GPS activ\u00e9e<br \/>\n&#8211; N\u00e9cessit\u00e9 d&rsquo;avoir son t\u00e9l\u00e9phone charg\u00e9 en permanence : l&rsquo;utilisation du GPS sur certains mod\u00e8les est tr\u00e8s consommatrice en ressources \u00e9lectriques. La batterie peut se d\u00e9charger rapidement<br \/>\n&#8211; N\u00e9cessit\u00e9 pendant le d\u00e9placement de b\u00e9n\u00e9ficier d&rsquo;un niveau de r\u00e9ception 3 ou 4G correct. Tr\u00e8s probable en zone urbaine, un peu moins le cas dans certaines parties rurales ou de montagne<br \/>\n&#8211; La s\u00e9curit\u00e9 des donn\u00e9es transmises : aucune garantie \u00e0 part les conditions de vente, quant \u00e0 leur acc\u00e8s par des tiers ou des \u00e9tats, policiers par exemple. Avec cette solution la vie priv\u00e9e n&rsquo;est plus prot\u00e9g\u00e9e, c&rsquo;est tr\u00e8s clair<br \/>\n&nbsp;<br \/>\n<img loading=\"lazy\" decoding=\"async\" class=\" aligncenter size-full wp-image-4562\" src=\"http:\/\/5.45.101.177\/haut-allier\/usagers-transportse\/wp-content\/uploads\/2023\/07\/screenshot_20230704-080454.png\" alt=\"screenshot_20230704-080454.png\" align=\"center\" width=\"720\" height=\"1280\" srcset=\"https:\/\/usagers-transports.haut-allier.eu\/wp-content\/uploads\/2023\/07\/screenshot_20230704-080454.png 720w, https:\/\/usagers-transports.haut-allier.eu\/wp-content\/uploads\/2023\/07\/screenshot_20230704-080454-169x300.png 169w, https:\/\/usagers-transports.haut-allier.eu\/wp-content\/uploads\/2023\/07\/screenshot_20230704-080454-576x1024.png 576w\" sizes=\"auto, (max-width: 720px) 100vw, 720px\" \/><br \/>\n&nbsp;<br \/>\n&#8211; La fraude : il est possible de d\u00e9marrer son voyage \u00ab\u00a0en cours\u00a0\u00bb et ainsi de b\u00e9n\u00e9ficier d&rsquo;un calcul de la gare d&#8217;emprunt erron\u00e9. Les utilisateurs suisses \u00e9voquent la possibilit\u00e9 mais disent aussi que l&rsquo;application peut d\u00e9tecter les usages d\u00e9tourn\u00e9s&#8230;<br \/>\n&nbsp;<br \/>\nAlors faudra-t-il se balader avec des super smartphones sp\u00e9ciaux, tr\u00e8s chers, ou avec un lot de batteries externes et faire une croix d\u00e9finitive sur la confidentialit\u00e9 de ses d\u00e9placements ?<br \/>\n&nbsp;<br \/>\nVoici l&rsquo;analyse critique d&rsquo;un utilisateur suisse en 2019 (l&rsquo;application a pu \u00e9voluer depuis) :<br \/>\n&nbsp;<br \/>\n<a href=\"https:\/\/leblogducuk.ch\/2019\/01\/29\/fairtiq-voyagez-autrement-sans-billet-et-tellement-simplement\/\"><em>Fairtiq, voyagez autrement, sans billet, et tellement simplement<\/em><\/a><br \/>\n&nbsp;<br \/>\n<img loading=\"lazy\" decoding=\"async\" class=\" aligncenter size-full wp-image-4563\" src=\"http:\/\/5.45.101.177\/haut-allier\/usagers-transportse\/wp-content\/uploads\/2023\/07\/illustration-homepage_fairtiq.png\" alt=\"illustration-homepage_fairtiq.png\" align=\"center\" width=\"1084\" height=\"459\" srcset=\"https:\/\/usagers-transports.haut-allier.eu\/wp-content\/uploads\/2023\/07\/illustration-homepage_fairtiq.png 1084w, https:\/\/usagers-transports.haut-allier.eu\/wp-content\/uploads\/2023\/07\/illustration-homepage_fairtiq-300x127.png 300w, https:\/\/usagers-transports.haut-allier.eu\/wp-content\/uploads\/2023\/07\/illustration-homepage_fairtiq-1024x434.png 1024w, https:\/\/usagers-transports.haut-allier.eu\/wp-content\/uploads\/2023\/07\/illustration-homepage_fairtiq-768x325.png 768w\" sizes=\"auto, (max-width: 1084px) 100vw, 1084px\" \/><br \/>\n&nbsp;<br \/>\n[fond noir][blanc]<strong>Mise en place en Occitanie d\u00e9but ao\u00fbt !<\/strong>[\/blanc][\/fond noir]<br \/>\n&nbsp;<br \/>\nLes r\u00e9gions Nouvelle Aquitaine et Occitanie ont annonc\u00e9 l&rsquo;utilisation de l&rsquo;application. L&rsquo;organisme des transports LiO en collaboration avec la SNCF mettront Fairtiq en fonctionnement \u00e9tendu, un essai tr\u00e8s restreint pour les trajets scolaires \u00e9tant d\u00e9j\u00e0 disponible, d\u00e8s le 1er ao\u00fbt prochain. Il s&rsquo;agit du dispositif d\u00e9nomm\u00e9 \u00ab\u00a0+\u2005= Flex\u00a0\u00bb qui permettra aux 27-59 ans de voyager avec son seul smartphone \u00e0 bord des TER r\u00e9gionaux. L&rsquo;offre occitane est sp\u00e9ciale car le co\u00fbt de l&rsquo;abonnement est plafonn\u00e9 \u00e0 90 euros par mois avec un syst\u00e8me de cagnotte pour le mois suivant si tout n&rsquo;est pas d\u00e9pens\u00e9.<br \/>\n&nbsp;<br \/>\nL&rsquo;offre Fairtiq occitane pr\u00e9sent\u00e9e par <a href=\"https:\/\/fairtiq.com\/fr\/blog\/b2p-entretien-modeles-tarifaires-occitanie\"><em>Fairtiq<\/em><\/a>.<br \/>\n&nbsp;<br \/>\nLes explications de <a href=\"https:\/\/www.midilibre.fr\/2023\/06\/26\/90-euros-par-mois-maximum-les-ter-en-occitanie-moins-chers-et-plus-simples-pour-tous-les-voyageurs-11301867.php\"><em>Midi Libre<\/em><\/a>.<br \/>\n&nbsp;<br \/>\n<strong>Quoiqu&rsquo;il en soit nous allons heureusement vers une simplification n\u00e9cessaire de l&rsquo;acc\u00e8s aux transports en commun. Ce n&rsquo;est pas tr\u00e8s facile \u00e0 mettre en oeuvre, mais les citoyens le demandent et la pl\u00e9biscitent quand elle existe.<\/strong><br \/>\n&nbsp;<\/p>\n","protected":false},"excerpt":{"rendered":"<p>\u00ab\u00a0On aimerait prendre les transports en commun, dont le train, mais il est tr\u00e8s difficile de pr\u00e9parer son<\/p>\n","protected":false},"author":1,"featured_media":4560,"comment_status":"open","ping_status":"open","sticky":false,"template":"","format":"standard","meta":{"footnotes":""},"categories":[2],"tags":[],"class_list":["post-1012","post","type-post","status-publish","format-standard","has-post-thumbnail","hentry","category-infos"],"_links":{"self":[{"href":"https:\/\/usagers-transports.haut-allier.eu\/index.php\/wp-json\/wp\/v2\/posts\/1012","targetHints":{"allow":["GET"]}}],"collection":[{"href":"https:\/\/usagers-transports.haut-allier.eu\/index.php\/wp-json\/wp\/v2\/posts"}],"about":[{"href":"https:\/\/usagers-transports.haut-allier.eu\/index.php\/wp-json\/wp\/v2\/types\/post"}],"author":[{"embeddable":true,"href":"https:\/\/usagers-transports.haut-allier.eu\/index.php\/wp-json\/wp\/v2\/users\/1"}],"replies":[{"embeddable":true,"href":"https:\/\/usagers-transports.haut-allier.eu\/index.php\/wp-json\/wp\/v2\/comments?post=1012"}],"version-history":[{"count":0,"href":"https:\/\/usagers-transports.haut-allier.eu\/index.php\/wp-json\/wp\/v2\/posts\/1012\/revisions"}],"wp:featuredmedia":[{"embeddable":true,"href":"https:\/\/usagers-transports.haut-allier.eu\/index.php\/wp-json\/wp\/v2\/media\/4560"}],"wp:attachment":[{"href":"https:\/\/usagers-transports.haut-allier.eu\/index.php\/wp-json\/wp\/v2\/media?parent=1012"}],"wp:term":[{"taxonomy":"category","embeddable":true,"href":"https:\/\/usagers-transports.haut-allier.eu\/index.php\/wp-json\/wp\/v2\/categories?post=1012"},{"taxonomy":"post_tag","embeddable":true,"href":"https:\/\/usagers-transports.haut-allier.eu\/index.php\/wp-json\/wp\/v2\/tags?post=1012"}],"curies":[{"name":"wp","href":"https:\/\/api.w.org\/{rel}","templated":true}]}}