{"id":1013,"date":"2023-07-09T22:48:13","date_gmt":"2023-07-09T20:48:13","guid":{"rendered":"http:\/\/5.45.101.177\/haut-allier\/usagers-transportse\/index.php\/2023\/07\/09\/rassemblement-de-severac-le1013\/"},"modified":"2023-07-09T22:48:13","modified_gmt":"2023-07-09T20:48:13","slug":"rassemblement-de-severac-le1013","status":"publish","type":"post","link":"https:\/\/usagers-transports.haut-allier.eu\/index.php\/2023\/07\/09\/rassemblement-de-severac-le1013\/","title":{"rendered":"Rassemblement de S\u00e9verac le Ch\u00e2teau : Jean-Luc Gibelin apporte des pr\u00e9cisions sur la ligne des Causses et sur S\u00e9verac &#8211; Rodez"},"content":{"rendered":"<p>Une centaine de militants s&rsquo;\u00e9tait donn\u00e9e rendez-vous \u00e0 S\u00e9verac devant la gare pour une manifestation de soutien aux lignes du Massif central organis\u00e9e par le Comit\u00e9 pluraliste pour la d\u00e9fense de la ligne B\u00e9ziers Neussargues. La pr\u00e9sence du Vice pr\u00e9sident de la r\u00e9gion Occitanie charg\u00e9 des mobilit\u00e9s \u00e9tait attendue et il n&rsquo;a pas manqu\u00e9 d&rsquo;\u00e9clairer nos lanternes sur les sujets pr\u00e9occupants du moment :<br \/>\n&nbsp;<br \/>\n&#8211; 1 &#8211; sur le financement des travaux pour \u00e9viter la suspension voyageurs et fret de la ligne <strong>B\u00e9ziers &#8211; Neussargues dans sa partie nord<\/strong>, apr\u00e8s Saint-Ch\u00e9ly (voir notre <a href=\"http:\/\/usagers-transports.haut-allier.eu\/?ligne-intercites-beziers,1006\"><em>article<\/em><\/a>) : le gouvernement a command\u00e9 les travaux et assur\u00e9 que la ligne ne serait pas suspendue avant d&rsquo;avoir termin\u00e9 le tour de table pour le financement ! La r\u00e9gion Occitanie surveillera de tr\u00e8s pr\u00e8s l&rsquo;\u00e9volution du dossier.<br \/>\n&nbsp;<br \/>\n&#8211; 2 &#8211; sur les <strong>trains de nuit vers le sud du massif central<\/strong>, Aurillac, Millau et Al\u00e8s : la r\u00e9gion d\u00e9fend le tri-branches depuis Paris via Clermont-Ferrand. La solution de desservir Aurillac depuis Brive et la ligne vers Rodez n&rsquo;est pas la bonne, selon lui (et selon nous \u00e9galement),<br \/>\n&nbsp;<br \/>\n&#8211; 3 &#8211; sur la <strong>r\u00e9ouverture de la section S\u00e9verac le Ch\u00e2teau &#8211; Rodez<\/strong> : le calendrier sera tenu (2026) et cette op\u00e9ration permettra \u00e0 Millau et Mende d&rsquo;avoir enfin une liaison ferroviaire avec la capitale r\u00e9gionale Toulouse.<br \/>\n&nbsp;<br \/>\nVoici son intervention :<br \/>\n&nbsp;<br \/>\n<a href=\"http:\/\/5.45.101.177\/haut-allier\/usagers-transportse\/wp-content\/uploads\/2023\/07\/cor800-vid_20230709_123120_edit.mp4\">cor800-vid_20230709_123120_edit.mp4<\/a><br \/>\n&nbsp;<br \/>\nFr\u00e9d\u00e9ric Laur, secr\u00e9taire du Comit\u00e9 et conseiller municipal de la ville de Millau, nous explique qu&rsquo;au sujet de l&rsquo;avenir et du d\u00e9veloppement de la liaison Millau (Sud Aveyron) Rodez (Nord Aveyron) via S\u00e9verac l&rsquo;envie de liaison existe vraiment c\u00f4t\u00e9 millavois mais qu&rsquo;un travail de motivation semble encore n\u00e9cessaire \u00e0 Rodez.<br \/>\n&nbsp;<br \/>\n<a href=\"http:\/\/5.45.101.177\/haut-allier\/usagers-transportse\/wp-content\/uploads\/2023\/07\/corfl-vid_20230709_130919.mp4\">corfl-vid_20230709_130919.mp4<\/a><br \/>\n&nbsp;<br \/>\nUne visite du ch\u00e2teau et une cr\u00e9ation th\u00e9\u00e2trale devait cl\u00f4turer cette belle journ\u00e9e du 9 juillet. <\/p>\n","protected":false},"excerpt":{"rendered":"<p>Une centaine de militants s&rsquo;\u00e9tait donn\u00e9e rendez-vous \u00e0 S\u00e9verac devant la gare pour une manifestation de soutien aux<\/p>\n","protected":false},"author":1,"featured_media":4564,"comment_status":"open","ping_status":"open","sticky":false,"template":"","format":"standard","meta":{"footnotes":""},"categories":[2],"tags":[],"class_list":["post-1013","post","type-post","status-publish","format-standard","has-post-thumbnail","hentry","category-infos"],"_links":{"self":[{"href":"https:\/\/usagers-transports.haut-allier.eu\/index.php\/wp-json\/wp\/v2\/posts\/1013","targetHints":{"allow":["GET"]}}],"collection":[{"href":"https:\/\/usagers-transports.haut-allier.eu\/index.php\/wp-json\/wp\/v2\/posts"}],"about":[{"href":"https:\/\/usagers-transports.haut-allier.eu\/index.php\/wp-json\/wp\/v2\/types\/post"}],"author":[{"embeddable":true,"href":"https:\/\/usagers-transports.haut-allier.eu\/index.php\/wp-json\/wp\/v2\/users\/1"}],"replies":[{"embeddable":true,"href":"https:\/\/usagers-transports.haut-allier.eu\/index.php\/wp-json\/wp\/v2\/comments?post=1013"}],"version-history":[{"count":0,"href":"https:\/\/usagers-transports.haut-allier.eu\/index.php\/wp-json\/wp\/v2\/posts\/1013\/revisions"}],"wp:featuredmedia":[{"embeddable":true,"href":"https:\/\/usagers-transports.haut-allier.eu\/index.php\/wp-json\/wp\/v2\/media\/4564"}],"wp:attachment":[{"href":"https:\/\/usagers-transports.haut-allier.eu\/index.php\/wp-json\/wp\/v2\/media?parent=1013"}],"wp:term":[{"taxonomy":"category","embeddable":true,"href":"https:\/\/usagers-transports.haut-allier.eu\/index.php\/wp-json\/wp\/v2\/categories?post=1013"},{"taxonomy":"post_tag","embeddable":true,"href":"https:\/\/usagers-transports.haut-allier.eu\/index.php\/wp-json\/wp\/v2\/tags?post=1013"}],"curies":[{"name":"wp","href":"https:\/\/api.w.org\/{rel}","templated":true}]}}