{"id":1015,"date":"2023-07-13T07:46:14","date_gmt":"2023-07-13T05:46:14","guid":{"rendered":"http:\/\/5.45.101.177\/haut-allier\/usagers-transportse\/index.php\/2023\/07\/13\/la-reouverture-de-la-ligne-ales1015\/"},"modified":"2023-07-13T07:46:14","modified_gmt":"2023-07-13T05:46:14","slug":"la-reouverture-de-la-ligne-ales1015","status":"publish","type":"post","link":"https:\/\/usagers-transports.haut-allier.eu\/index.php\/2023\/07\/13\/la-reouverture-de-la-ligne-ales1015\/","title":{"rendered":"La r\u00e9ouverture de la ligne Al\u00e8s &#8211; Bess\u00e8ges d\u00e9sormais pr\u00e9vue pour 2028"},"content":{"rendered":"<p>Dans un premier temps annonc\u00e9e pour 2026, c&rsquo;est maintenant la date de 2028 qui est retenue par la r\u00e9gion Occitanie pour la mise en service de cet affluent de la ligne des C\u00e9vennes. Les travaux seront engag\u00e9s d&rsquo;ailleurs en 2026 par la collectivit\u00e9 qui vient d&rsquo;acqu\u00e9rir l&rsquo;ensemble de la ligne aupr\u00e8s de la SNCF.<br \/>\n&nbsp;<br \/>\nC&rsquo;est lors de sa commission permanente du 7 juillet dernier qu&rsquo;ont \u00e9t\u00e9 act\u00e9s :<br \/>\n&#8211; le transfert de propri\u00e9t\u00e9 d&rsquo;Al\u00e8s Bess\u00e8ges rendu possible par la loi LOM,<br \/>\n&#8211; de nouveaux investissements pour la p\u00e9rennisation de plusieurs lignes ferroviaires dans le cadre du Plan rail,<br \/>\n&#8211; la poursuite de la r\u00e9novation des rames AGC<br \/>\n&#8211; et le lancement des \u00e9tudes pour la cr\u00e9ation d\u2019un centre de maintenance \u00e0 Narbonne.<br \/>\n&nbsp;<br \/>\nLa ligne est ferm\u00e9e depuis 2012 pour des raisons de s\u00e9curit\u00e9 (autrement dit par abandon de la SNCF).<br \/>\n&nbsp;<br \/>\nLa r\u00e9gion Occitanie financera l&rsquo;ensemble de la r\u00e9ouverture donc pour 62 M d&rsquo;euros. Et sur la section demeurant propri\u00e9t\u00e9 de SNCF R\u00e9seau elle met 1,2 M d&rsquo;euros pour les \u00e9tudes.<br \/>\n&nbsp;<br \/>\n<strong>8 haltes pr\u00e9vues<\/strong><br \/>\n&nbsp;<br \/>\nLa r\u00e9ouverture consiste \u00e0 rouvrir les 7 haltes historiques de la ligne et d&rsquo;en cr\u00e9er une huiti\u00e8me, Al\u00e8s-Lyc\u00e9es. Sur les 7 historiques certaines seront d\u00e9plac\u00e9es pour tenir compte des \u00e9volutions urbaines locales. \u00c0 Saint-Julien-les-Fumades, Saint-Ambroix, Moli\u00e8res-sur-C\u00e8ze et Gammal, le positionnement des quais sera revu. \u00c0 Salindres, en revanche, le Plan de Pr\u00e9vention des Risques Technologiques de la plateforme industrielle impose de d\u00e9placer la halte pour la rapprocher plus pr\u00e8s du centre-ville. Le positionnement des autres haltes historiques, Robiac-Rochessadoule et Bess\u00e8ges, ne subira que peu de modifications par rapport \u00e0 la situation d\u2019avant 2012.<br \/>\n&nbsp;<br \/>\nDes quais d\u2019une longueur de 75 m seront cr\u00e9\u00e9s dans les haltes historiques. Ils seront accessibles depuis les parkings aux pi\u00e9tons et aux personnes \u00e0 mobilit\u00e9 r\u00e9duite. Chaque halte sera \u00e9quip\u00e9e en \u00e9clairage, information voyageurs, distributeur de titres de transport, abris, bancs, poubelles.<br \/>\n&nbsp;<br \/>\n<img loading=\"lazy\" decoding=\"async\" class=\" aligncenter size-full wp-image-4570\" src=\"http:\/\/5.45.101.177\/haut-allier\/usagers-transportse\/wp-content\/uploads\/2023\/07\/carte_situation_ales-besseges.jpg\" alt=\"carte_situation_ales-besseges.jpg\" align=\"center\" width=\"999\" height=\"963\" srcset=\"https:\/\/usagers-transports.haut-allier.eu\/wp-content\/uploads\/2023\/07\/carte_situation_ales-besseges.jpg 999w, https:\/\/usagers-transports.haut-allier.eu\/wp-content\/uploads\/2023\/07\/carte_situation_ales-besseges-300x289.jpg 300w, https:\/\/usagers-transports.haut-allier.eu\/wp-content\/uploads\/2023\/07\/carte_situation_ales-besseges-768x740.jpg 768w\" sizes=\"auto, (max-width: 999px) 100vw, 999px\" \/><br \/>\n<em>[source : SNCF R\u00e9seau]<\/em><br \/>\n&nbsp;<br \/>\n<strong>Les passages \u00e0 niveau<\/strong><br \/>\n&nbsp;<br \/>\n12 passages \u00e0 niveau sont pr\u00e9sents sur le trajet. Leur niveau de s\u00e9curit\u00e9 sera \u00e9valu\u00e9 et les mesures n\u00e9cessaires seront prises.<br \/>\n&nbsp;<br \/>\n<strong>1,6 Milliard d&rsquo;euros pour le plan rail en Occitanie<\/strong><br \/>\n&nbsp;<br \/>\nC&rsquo;est le montant n\u00e9goci\u00e9 par cette r\u00e9gion avec l&rsquo;\u00e9tat en 2020 dans le cadre du CPER jusqu&rsquo;en 2026 pour am\u00e9liorer le ferroviaire. Elle y participe pour la moiti\u00e9 : 900 Millions d&rsquo;euros.<br \/>\n&nbsp;<br \/>\nAinsi ce sont des <strong>travaux de r\u00e9novation qui sont planifi\u00e9s pour les lignes<\/strong> :<br \/>\n&nbsp;<br \/>\n&#8211; Le Grau-du-Roi &#8211; St C\u00e9saire<br \/>\n&#8211; Villefranche de Conflent &#8211; Perpignan<br \/>\n&#8211; Villefranche de Conflent &#8211; La Tour de Carol (Train Jaune)<br \/>\n&#8211; Toulouse &#8211; Figeac<br \/>\n&#8211; Toulouse &#8211; Rodez<br \/>\n&#8211; Brive &#8211; Rodez<br \/>\n&#8211; Toulouse &#8211; Mazamet<br \/>\n&nbsp;<br \/>\nConcernant <strong>le mat\u00e9riel roulant<\/strong> c&rsquo;est 540 Millions d&rsquo;euros qui sont d\u00e9bloqu\u00e9s jusqu&rsquo;en 2032 pour l&rsquo;achat ou la modernisation de rames. Elle pr\u00e9voit 97 Millions d&rsquo;euros pour la poursuite de la r\u00e9novation de 22 trains AGC. A la fin de ces op\u00e9rations en 2027 c&rsquo;est pr\u00e8s de la moiti\u00e9 du parc de 83 rames qui en auront b\u00e9n\u00e9fici\u00e9. 225 Millions sont fl\u00e9ch\u00e9s pour l&rsquo;achat de 18 nouvelles rames Alstom Regio2N.<br \/>\n&nbsp;<br \/>\nEnfin un centre de maintenance sera cr\u00e9\u00e9 \u00e0 Narbonne. Son ouverture est fix\u00e9e \u00e0 2027 et il emploiera une trentaine de personnes.<br \/>\n&nbsp;<\/p>\n","protected":false},"excerpt":{"rendered":"<p>Dans un premier temps annonc\u00e9e pour 2026, c&rsquo;est maintenant la date de 2028 qui est retenue par la<\/p>\n","protected":false},"author":1,"featured_media":4569,"comment_status":"open","ping_status":"open","sticky":false,"template":"","format":"standard","meta":{"footnotes":""},"categories":[2],"tags":[],"class_list":["post-1015","post","type-post","status-publish","format-standard","has-post-thumbnail","hentry","category-infos"],"_links":{"self":[{"href":"https:\/\/usagers-transports.haut-allier.eu\/index.php\/wp-json\/wp\/v2\/posts\/1015","targetHints":{"allow":["GET"]}}],"collection":[{"href":"https:\/\/usagers-transports.haut-allier.eu\/index.php\/wp-json\/wp\/v2\/posts"}],"about":[{"href":"https:\/\/usagers-transports.haut-allier.eu\/index.php\/wp-json\/wp\/v2\/types\/post"}],"author":[{"embeddable":true,"href":"https:\/\/usagers-transports.haut-allier.eu\/index.php\/wp-json\/wp\/v2\/users\/1"}],"replies":[{"embeddable":true,"href":"https:\/\/usagers-transports.haut-allier.eu\/index.php\/wp-json\/wp\/v2\/comments?post=1015"}],"version-history":[{"count":0,"href":"https:\/\/usagers-transports.haut-allier.eu\/index.php\/wp-json\/wp\/v2\/posts\/1015\/revisions"}],"wp:featuredmedia":[{"embeddable":true,"href":"https:\/\/usagers-transports.haut-allier.eu\/index.php\/wp-json\/wp\/v2\/media\/4569"}],"wp:attachment":[{"href":"https:\/\/usagers-transports.haut-allier.eu\/index.php\/wp-json\/wp\/v2\/media?parent=1015"}],"wp:term":[{"taxonomy":"category","embeddable":true,"href":"https:\/\/usagers-transports.haut-allier.eu\/index.php\/wp-json\/wp\/v2\/categories?post=1015"},{"taxonomy":"post_tag","embeddable":true,"href":"https:\/\/usagers-transports.haut-allier.eu\/index.php\/wp-json\/wp\/v2\/tags?post=1015"}],"curies":[{"name":"wp","href":"https:\/\/api.w.org\/{rel}","templated":true}]}}