{"id":1016,"date":"2023-07-25T23:42:55","date_gmt":"2023-07-25T21:42:55","guid":{"rendered":"http:\/\/5.45.101.177\/haut-allier\/usagers-transportse\/index.php\/2023\/07\/25\/les-scenarii-du-cerema1016\/"},"modified":"2023-07-25T23:42:55","modified_gmt":"2023-07-25T21:42:55","slug":"les-scenarii-du-cerema1016","status":"publish","type":"post","link":"https:\/\/usagers-transports.haut-allier.eu\/index.php\/2023\/07\/25\/les-scenarii-du-cerema1016\/","title":{"rendered":"Les sc\u00e9narii du CEREMA &#8211; AgroParisTech pour un avenir des trains Aubrac, C\u00e9venol &#038; Transloz\u00e9rien enfin souriant"},"content":{"rendered":"<p>Exclusif : L&rsquo;\u00e9tude sur l&rsquo;avenir de ces 3 \u00ab\u00a0petites-grandes\u00a0\u00bb lignes ferroviaires, command\u00e9e en 2020 par les r\u00e9gions Occitanie, Auvergne Rh\u00f4ne Alpes et l&rsquo;Etat (Agence nationale de la coh\u00e9sion des territoires et Commissariat au Massif central) suite au <a href=\"http:\/\/usagers-transports.haut-allier.eu\/?colloque-d-alleyras-martine,620\"><em>colloque<\/em><\/a> organis\u00e9 \u00e0 Alleyras en 2019 (association des <a href=\"https:\/\/150ans.traincevenol.eu\/\"><em>150 ans de la ligne du train C\u00e9venol<\/em><\/a>), a pu enfin \u00eatre consult\u00e9e. Attendue en d\u00e9cembre 2021, elle pr\u00e9sente, \u00e0 co\u00fbt pratiquement \u00e9gal de d\u00e9penses de fonctionnement, soit entre 130 et 149 Millions d&rsquo;euros, des pistes d&rsquo;am\u00e9lioration substantielles pour le futur si la volont\u00e9 politique commune se met en place.<br \/>\n&nbsp;<br \/>\nEt si c\u00f4t\u00e9 occitan nous n&rsquo;en doutons pas, c\u00f4t\u00e9 Auvergne Rh\u00f4ne Alpes cela doit \u00eatre d\u00e9montr\u00e9.<br \/>\n&nbsp;<br \/>\nMais venons en aux pr\u00e9conisations qui nous paraissent tr\u00e8s int\u00e9ressantes.<br \/>\n&nbsp;<br \/>\nSur les 4 scenarii expos\u00e9s&#8230;<br \/>\n&#8211; <strong>\u00ab\u00a0Fil de l&rsquo;eau\u00a0\u00bb<\/strong> dans lequel on g\u00e8re comme actuellement : cher pour aucune am\u00e9lioration,<br \/>\n&#8211; <strong>\u00ab\u00a0P\u00e9riurbain\u00a0\u00bb<\/strong> o\u00f9 l&rsquo;on d\u00e9veloppe les trains p\u00e9riurbains, les cars rapides (via l&rsquo;A75), le C\u00e9venol et les trains touristiques,<br \/>\n&#8211; <strong>\u00ab\u00a0Equilibre territorial\u00a0\u00bb<\/strong> identique au \u00ab\u00a0P\u00e9riurbain\u00a0\u00bb avec en plus les trains (B\u00e9ziers-) \u2013<br \/>\nB\u00e9darieux &#8211; Millau &#8211; Rodez et (N\u00eemes-) La Bastide &#8211; Mende,<br \/>\n&#8211; <strong>\u00ab\u00a0Territoire r\u00e9silient\u00a0\u00bb<\/strong> : Cadencement, l\u00e9g\u00e8ret\u00e9 et baisse des co\u00fbts d&rsquo;investissement et d&rsquo;exploitation, avec les r\u00e9novations voie ballast en mat\u00e9riaux de \u00ab\u00a0r\u00e9emploi\u00a0\u00bb (r\u00e9utilisation d&rsquo;\u00e9quipements de LGV), baisse de l&#8217;empreinte carbone, etc.<br \/>\n&nbsp;<br \/>\n&#8230;nous ne voulons retenir que les deux derniers qui repr\u00e9sentent un vrai d\u00e9veloppement pour le sud du massif central. Et notamment le 4\u00e8me qui pour un co\u00fbt proche de l&rsquo;actuel, 149M\u20ac \/an au lieu de 130, va faire bondir l&rsquo;offre ferroviaire aux habitants des territoires. Jugez plut\u00f4t dans ce tableau comparatif issu de l&rsquo;\u00e9tude :<br \/>\n&nbsp;<br \/>\n<img loading=\"lazy\" decoding=\"async\" class=\" aligncenter size-full wp-image-4572\" src=\"http:\/\/5.45.101.177\/haut-allier\/usagers-transportse\/wp-content\/uploads\/2023\/07\/synthese.jpg.png\" alt=\"synthese.jpg.png\" align=\"center\" width=\"912\" height=\"398\" srcset=\"https:\/\/usagers-transports.haut-allier.eu\/wp-content\/uploads\/2023\/07\/synthese.jpg.png 912w, https:\/\/usagers-transports.haut-allier.eu\/wp-content\/uploads\/2023\/07\/synthese.jpg-300x131.png 300w, https:\/\/usagers-transports.haut-allier.eu\/wp-content\/uploads\/2023\/07\/synthese.jpg-768x335.png 768w\" sizes=\"auto, (max-width: 912px) 100vw, 912px\" \/><br \/>\n&nbsp;<br \/>\nAvec le 4\u00e8me sc\u00e9nario nous aurons entre autres b\u00e9n\u00e9fices :<br \/>\n<strong><br \/>\n&#8211; une infrastructure r\u00e9nov\u00e9e de bout en bout avec la solution moins co\u00fbteuse du r\u00e9emploi,<br \/>\n&#8211; le r\u00e9tablissement des vitesses limit\u00e9es il y a une dizaine d&rsquo;ann\u00e9es dans les portions fragiles et donc un gain de temps sur tous les trajets,<br \/>\n&#8211; un syst\u00e8me de signalisation modernis\u00e9 et simplifi\u00e9, \u00e0 l&rsquo;image de ce qui s&rsquo;est fait avec succ\u00e8s en Corse,<br \/>\n&#8211; une \u00e9lectrification des trois lignes partielles, par secteurs, pour alimenter et charger les rames \u00e0 batteries,<br \/>\n&#8211; du cadencement au pire \u00e0 un train toutes les 2 heures en zone \u00ab\u00a0centrale\u00a0\u00bb, bien meilleur pr\u00e8s des villes,<br \/>\n&#8211; une plus large plage horaire de fonctionnement assurant un r\u00e9el service \u00e0 la population,<br \/>\n&#8211; une baisse cons\u00e9quente des taux de pollution en CO2 par voyageur dus au fonctionnement des rames actuelles au diesel et au peu de fr\u00e9quentation.<br \/>\n<\/strong><\/p>\n<p>&nbsp;<br \/>\nExtrayons du document les pages suivantes afin que chacun puisse comprendre les diff\u00e9rentes voies \u00e9tudi\u00e9es :<br \/>\n&nbsp;<br \/>\nLes points communs aux 4 scenarii (cliquer pour agrandir) :<br \/>\n&nbsp;<br \/>\n<img loading=\"lazy\" decoding=\"async\" class=\" aligncenter size-full wp-image-4573\" src=\"http:\/\/5.45.101.177\/haut-allier\/usagers-transportse\/wp-content\/uploads\/2023\/07\/sc001.jpg.png\" alt=\"sc001.jpg.png\" align=\"center\" width=\"1090\" height=\"581\" srcset=\"https:\/\/usagers-transports.haut-allier.eu\/wp-content\/uploads\/2023\/07\/sc001.jpg.png 1090w, https:\/\/usagers-transports.haut-allier.eu\/wp-content\/uploads\/2023\/07\/sc001.jpg-300x160.png 300w, https:\/\/usagers-transports.haut-allier.eu\/wp-content\/uploads\/2023\/07\/sc001.jpg-1024x546.png 1024w, https:\/\/usagers-transports.haut-allier.eu\/wp-content\/uploads\/2023\/07\/sc001.jpg-768x409.png 768w\" sizes=\"auto, (max-width: 1090px) 100vw, 1090px\" \/><br \/>\n<img loading=\"lazy\" decoding=\"async\" class=\" aligncenter size-full wp-image-4574\" src=\"http:\/\/5.45.101.177\/haut-allier\/usagers-transportse\/wp-content\/uploads\/2023\/07\/sc002.jpg.png\" alt=\"sc002.jpg.png\" align=\"center\" width=\"1096\" height=\"571\" srcset=\"https:\/\/usagers-transports.haut-allier.eu\/wp-content\/uploads\/2023\/07\/sc002.jpg.png 1096w, https:\/\/usagers-transports.haut-allier.eu\/wp-content\/uploads\/2023\/07\/sc002.jpg-300x156.png 300w, https:\/\/usagers-transports.haut-allier.eu\/wp-content\/uploads\/2023\/07\/sc002.jpg-1024x533.png 1024w, https:\/\/usagers-transports.haut-allier.eu\/wp-content\/uploads\/2023\/07\/sc002.jpg-768x400.png 768w\" sizes=\"auto, (max-width: 1096px) 100vw, 1096px\" \/><br \/>\n&nbsp;<br \/>\nLa pr\u00e9sentation des 4 propositions :<br \/>\n&nbsp;<br \/>\n<img loading=\"lazy\" decoding=\"async\" class=\" aligncenter size-full wp-image-4575\" src=\"http:\/\/5.45.101.177\/haut-allier\/usagers-transportse\/wp-content\/uploads\/2023\/07\/sc003.jpg.png\" alt=\"sc003.jpg.png\" align=\"center\" width=\"1100\" height=\"619\" srcset=\"https:\/\/usagers-transports.haut-allier.eu\/wp-content\/uploads\/2023\/07\/sc003.jpg.png 1100w, https:\/\/usagers-transports.haut-allier.eu\/wp-content\/uploads\/2023\/07\/sc003.jpg-300x169.png 300w, https:\/\/usagers-transports.haut-allier.eu\/wp-content\/uploads\/2023\/07\/sc003.jpg-1024x576.png 1024w, https:\/\/usagers-transports.haut-allier.eu\/wp-content\/uploads\/2023\/07\/sc003.jpg-768x432.png 768w\" sizes=\"auto, (max-width: 1100px) 100vw, 1100px\" \/><br \/>\n<img loading=\"lazy\" decoding=\"async\" class=\" aligncenter size-full wp-image-4576\" src=\"http:\/\/5.45.101.177\/haut-allier\/usagers-transportse\/wp-content\/uploads\/2023\/07\/sc005.jpg.png\" alt=\"sc005.jpg.png\" align=\"center\" width=\"1086\" height=\"585\" srcset=\"https:\/\/usagers-transports.haut-allier.eu\/wp-content\/uploads\/2023\/07\/sc005.jpg.png 1086w, https:\/\/usagers-transports.haut-allier.eu\/wp-content\/uploads\/2023\/07\/sc005.jpg-300x162.png 300w, https:\/\/usagers-transports.haut-allier.eu\/wp-content\/uploads\/2023\/07\/sc005.jpg-1024x552.png 1024w, https:\/\/usagers-transports.haut-allier.eu\/wp-content\/uploads\/2023\/07\/sc005.jpg-768x414.png 768w\" sizes=\"auto, (max-width: 1086px) 100vw, 1086px\" \/><br \/>\n<img loading=\"lazy\" decoding=\"async\" class=\" aligncenter size-full wp-image-4577\" src=\"http:\/\/5.45.101.177\/haut-allier\/usagers-transportse\/wp-content\/uploads\/2023\/07\/sc006.jpg.png\" alt=\"sc006.jpg.png\" align=\"center\" width=\"1091\" height=\"600\" srcset=\"https:\/\/usagers-transports.haut-allier.eu\/wp-content\/uploads\/2023\/07\/sc006.jpg.png 1091w, https:\/\/usagers-transports.haut-allier.eu\/wp-content\/uploads\/2023\/07\/sc006.jpg-300x165.png 300w, https:\/\/usagers-transports.haut-allier.eu\/wp-content\/uploads\/2023\/07\/sc006.jpg-1024x563.png 1024w, https:\/\/usagers-transports.haut-allier.eu\/wp-content\/uploads\/2023\/07\/sc006.jpg-768x422.png 768w\" sizes=\"auto, (max-width: 1091px) 100vw, 1091px\" \/><br \/>\n<img loading=\"lazy\" decoding=\"async\" class=\" aligncenter size-full wp-image-4578\" src=\"http:\/\/5.45.101.177\/haut-allier\/usagers-transportse\/wp-content\/uploads\/2023\/07\/sc007.jpg.png\" alt=\"sc007.jpg.png\" align=\"center\" width=\"1081\" height=\"596\" srcset=\"https:\/\/usagers-transports.haut-allier.eu\/wp-content\/uploads\/2023\/07\/sc007.jpg.png 1081w, https:\/\/usagers-transports.haut-allier.eu\/wp-content\/uploads\/2023\/07\/sc007.jpg-300x165.png 300w, https:\/\/usagers-transports.haut-allier.eu\/wp-content\/uploads\/2023\/07\/sc007.jpg-1024x565.png 1024w, https:\/\/usagers-transports.haut-allier.eu\/wp-content\/uploads\/2023\/07\/sc007.jpg-768x423.png 768w\" sizes=\"auto, (max-width: 1081px) 100vw, 1081px\" \/><br \/>\n<img loading=\"lazy\" decoding=\"async\" class=\" aligncenter size-full wp-image-4579\" src=\"http:\/\/5.45.101.177\/haut-allier\/usagers-transportse\/wp-content\/uploads\/2023\/07\/sc008.jpg.png\" alt=\"sc008.jpg.png\" align=\"center\" width=\"1100\" height=\"587\" srcset=\"https:\/\/usagers-transports.haut-allier.eu\/wp-content\/uploads\/2023\/07\/sc008.jpg.png 1100w, https:\/\/usagers-transports.haut-allier.eu\/wp-content\/uploads\/2023\/07\/sc008.jpg-300x160.png 300w, https:\/\/usagers-transports.haut-allier.eu\/wp-content\/uploads\/2023\/07\/sc008.jpg-1024x546.png 1024w, https:\/\/usagers-transports.haut-allier.eu\/wp-content\/uploads\/2023\/07\/sc008.jpg-768x410.png 768w\" sizes=\"auto, (max-width: 1100px) 100vw, 1100px\" \/><\/p>\n<p><img loading=\"lazy\" decoding=\"async\" class=\" aligncenter size-full wp-image-4580\" src=\"http:\/\/5.45.101.177\/haut-allier\/usagers-transportse\/wp-content\/uploads\/2023\/07\/sc009.jpg.png\" alt=\"sc009.jpg.png\" align=\"center\" width=\"1065\" height=\"595\" srcset=\"https:\/\/usagers-transports.haut-allier.eu\/wp-content\/uploads\/2023\/07\/sc009.jpg.png 1065w, https:\/\/usagers-transports.haut-allier.eu\/wp-content\/uploads\/2023\/07\/sc009.jpg-300x168.png 300w, https:\/\/usagers-transports.haut-allier.eu\/wp-content\/uploads\/2023\/07\/sc009.jpg-1024x572.png 1024w, https:\/\/usagers-transports.haut-allier.eu\/wp-content\/uploads\/2023\/07\/sc009.jpg-768x429.png 768w\" sizes=\"auto, (max-width: 1065px) 100vw, 1065px\" \/><br \/>\n<img loading=\"lazy\" decoding=\"async\" class=\" aligncenter size-full wp-image-4581\" src=\"http:\/\/5.45.101.177\/haut-allier\/usagers-transportse\/wp-content\/uploads\/2023\/07\/sc010.jpg.png\" alt=\"sc010.jpg.png\" align=\"center\" width=\"1086\" height=\"596\" srcset=\"https:\/\/usagers-transports.haut-allier.eu\/wp-content\/uploads\/2023\/07\/sc010.jpg.png 1086w, https:\/\/usagers-transports.haut-allier.eu\/wp-content\/uploads\/2023\/07\/sc010.jpg-300x165.png 300w, https:\/\/usagers-transports.haut-allier.eu\/wp-content\/uploads\/2023\/07\/sc010.jpg-1024x562.png 1024w, https:\/\/usagers-transports.haut-allier.eu\/wp-content\/uploads\/2023\/07\/sc010.jpg-768x421.png 768w\" sizes=\"auto, (max-width: 1086px) 100vw, 1086px\" \/><br \/>\n<img loading=\"lazy\" decoding=\"async\" class=\" aligncenter size-full wp-image-4582\" src=\"http:\/\/5.45.101.177\/haut-allier\/usagers-transportse\/wp-content\/uploads\/2023\/07\/sc0011.jpg.png\" alt=\"sc0011.jpg.png\" align=\"center\" width=\"1084\" height=\"596\" srcset=\"https:\/\/usagers-transports.haut-allier.eu\/wp-content\/uploads\/2023\/07\/sc0011.jpg.png 1084w, https:\/\/usagers-transports.haut-allier.eu\/wp-content\/uploads\/2023\/07\/sc0011.jpg-300x165.png 300w, https:\/\/usagers-transports.haut-allier.eu\/wp-content\/uploads\/2023\/07\/sc0011.jpg-1024x563.png 1024w, https:\/\/usagers-transports.haut-allier.eu\/wp-content\/uploads\/2023\/07\/sc0011.jpg-768x422.png 768w\" sizes=\"auto, (max-width: 1084px) 100vw, 1084px\" \/><br \/>\n&nbsp;<br \/>\nLes co\u00fbts compar\u00e9s entre l&rsquo;actuel et les 3 propositions :<br \/>\n&nbsp;<br \/>\n<img loading=\"lazy\" decoding=\"async\" class=\" aligncenter size-full wp-image-4583\" src=\"http:\/\/5.45.101.177\/haut-allier\/usagers-transportse\/wp-content\/uploads\/2023\/07\/sc012.jpg.png\" alt=\"sc012.jpg.png\" align=\"center\" width=\"1098\" height=\"619\" srcset=\"https:\/\/usagers-transports.haut-allier.eu\/wp-content\/uploads\/2023\/07\/sc012.jpg.png 1098w, https:\/\/usagers-transports.haut-allier.eu\/wp-content\/uploads\/2023\/07\/sc012.jpg-300x169.png 300w, https:\/\/usagers-transports.haut-allier.eu\/wp-content\/uploads\/2023\/07\/sc012.jpg-1024x577.png 1024w, https:\/\/usagers-transports.haut-allier.eu\/wp-content\/uploads\/2023\/07\/sc012.jpg-768x433.png 768w\" sizes=\"auto, (max-width: 1098px) 100vw, 1098px\" \/><br \/>\n&nbsp;<br \/>\nLa conclusion avec l&rsquo;exemple du succ\u00e8s de la ligne italienne de Merano &#8211; Malles :<br \/>\n&nbsp;<br \/>\n<img loading=\"lazy\" decoding=\"async\" class=\" aligncenter size-full wp-image-4584\" src=\"http:\/\/5.45.101.177\/haut-allier\/usagers-transportse\/wp-content\/uploads\/2023\/07\/sc013.jpg.png\" alt=\"sc013.jpg.png\" align=\"center\" width=\"1094\" height=\"602\" srcset=\"https:\/\/usagers-transports.haut-allier.eu\/wp-content\/uploads\/2023\/07\/sc013.jpg.png 1094w, https:\/\/usagers-transports.haut-allier.eu\/wp-content\/uploads\/2023\/07\/sc013.jpg-300x165.png 300w, https:\/\/usagers-transports.haut-allier.eu\/wp-content\/uploads\/2023\/07\/sc013.jpg-1024x563.png 1024w, https:\/\/usagers-transports.haut-allier.eu\/wp-content\/uploads\/2023\/07\/sc013.jpg-768x423.png 768w\" sizes=\"auto, (max-width: 1094px) 100vw, 1094px\" \/><br \/>\n&nbsp;<br \/>\n[fond noir][blanc]<strong>Les annexes permettent d&rsquo;\u00e9claircir les solutions mises en avant :<\/strong>[\/blanc][\/fond noir]<br \/>\n&nbsp;<br \/>\nComment am\u00e9liorer la rotation des trains ?<br \/>\n&nbsp;<br \/>\n<img loading=\"lazy\" decoding=\"async\" class=\" aligncenter size-full wp-image-4585\" src=\"http:\/\/5.45.101.177\/haut-allier\/usagers-transportse\/wp-content\/uploads\/2023\/07\/sc014.jpg.png\" alt=\"sc014.jpg.png\" align=\"center\" width=\"1082\" height=\"593\" srcset=\"https:\/\/usagers-transports.haut-allier.eu\/wp-content\/uploads\/2023\/07\/sc014.jpg.png 1082w, https:\/\/usagers-transports.haut-allier.eu\/wp-content\/uploads\/2023\/07\/sc014.jpg-300x164.png 300w, https:\/\/usagers-transports.haut-allier.eu\/wp-content\/uploads\/2023\/07\/sc014.jpg-1024x561.png 1024w, https:\/\/usagers-transports.haut-allier.eu\/wp-content\/uploads\/2023\/07\/sc014.jpg-768x421.png 768w\" sizes=\"auto, (max-width: 1082px) 100vw, 1082px\" \/><br \/>\n&nbsp;<br \/>\nMieux int\u00e9grer les gares aux territoires<br \/>\n&nbsp;<br \/>\n<img loading=\"lazy\" decoding=\"async\" class=\" aligncenter size-full wp-image-4586\" src=\"http:\/\/5.45.101.177\/haut-allier\/usagers-transportse\/wp-content\/uploads\/2023\/07\/sc015.jpg.png\" alt=\"sc015.jpg.png\" align=\"center\" width=\"1063\" height=\"525\" srcset=\"https:\/\/usagers-transports.haut-allier.eu\/wp-content\/uploads\/2023\/07\/sc015.jpg.png 1063w, https:\/\/usagers-transports.haut-allier.eu\/wp-content\/uploads\/2023\/07\/sc015.jpg-300x148.png 300w, https:\/\/usagers-transports.haut-allier.eu\/wp-content\/uploads\/2023\/07\/sc015.jpg-1024x506.png 1024w, https:\/\/usagers-transports.haut-allier.eu\/wp-content\/uploads\/2023\/07\/sc015.jpg-768x379.png 768w\" sizes=\"auto, (max-width: 1063px) 100vw, 1063px\" \/><br \/>\n&nbsp;<br \/>\nUne gouvernance mieux int\u00e9gr\u00e9e<br \/>\n&nbsp;<br \/>\n<img loading=\"lazy\" decoding=\"async\" class=\" aligncenter size-full wp-image-4587\" src=\"http:\/\/5.45.101.177\/haut-allier\/usagers-transportse\/wp-content\/uploads\/2023\/07\/sc017.jpg.png\" alt=\"sc017.jpg.png\" align=\"center\" width=\"1084\" height=\"570\" srcset=\"https:\/\/usagers-transports.haut-allier.eu\/wp-content\/uploads\/2023\/07\/sc017.jpg.png 1084w, https:\/\/usagers-transports.haut-allier.eu\/wp-content\/uploads\/2023\/07\/sc017.jpg-300x158.png 300w, https:\/\/usagers-transports.haut-allier.eu\/wp-content\/uploads\/2023\/07\/sc017.jpg-1024x538.png 1024w, https:\/\/usagers-transports.haut-allier.eu\/wp-content\/uploads\/2023\/07\/sc017.jpg-768x404.png 768w\" sizes=\"auto, (max-width: 1084px) 100vw, 1084px\" \/><br \/>\n&nbsp;<br \/>\nEt mieux int\u00e9gr\u00e9e c\u00f4t\u00e9 autorit\u00e9(s) organisatrice(s) (Syndicat mixte ? R\u00e9gions OCC et AURA ?)<br \/>\n&nbsp;<br \/>\n<img loading=\"lazy\" decoding=\"async\" class=\" aligncenter size-full wp-image-4588\" src=\"http:\/\/5.45.101.177\/haut-allier\/usagers-transportse\/wp-content\/uploads\/2023\/07\/sc018.jpg.png\" alt=\"sc018.jpg.png\" align=\"center\" width=\"1058\" height=\"589\" srcset=\"https:\/\/usagers-transports.haut-allier.eu\/wp-content\/uploads\/2023\/07\/sc018.jpg.png 1058w, https:\/\/usagers-transports.haut-allier.eu\/wp-content\/uploads\/2023\/07\/sc018.jpg-300x167.png 300w, https:\/\/usagers-transports.haut-allier.eu\/wp-content\/uploads\/2023\/07\/sc018.jpg-1024x570.png 1024w, https:\/\/usagers-transports.haut-allier.eu\/wp-content\/uploads\/2023\/07\/sc018.jpg-768x428.png 768w\" sizes=\"auto, (max-width: 1058px) 100vw, 1058px\" \/><br \/>\n&nbsp;<br \/>\nComment rendre plus \u00e9conome le syst\u00e8me \u00e9lectrifi\u00e9 propos\u00e9 ?<br \/>\n&nbsp;<br \/>\n<img loading=\"lazy\" decoding=\"async\" class=\" aligncenter size-full wp-image-4589\" src=\"http:\/\/5.45.101.177\/haut-allier\/usagers-transportse\/wp-content\/uploads\/2023\/07\/sc020.jpg.png\" alt=\"sc020.jpg.png\" align=\"center\" width=\"1081\" height=\"567\" srcset=\"https:\/\/usagers-transports.haut-allier.eu\/wp-content\/uploads\/2023\/07\/sc020.jpg.png 1081w, https:\/\/usagers-transports.haut-allier.eu\/wp-content\/uploads\/2023\/07\/sc020.jpg-300x157.png 300w, https:\/\/usagers-transports.haut-allier.eu\/wp-content\/uploads\/2023\/07\/sc020.jpg-1024x537.png 1024w, https:\/\/usagers-transports.haut-allier.eu\/wp-content\/uploads\/2023\/07\/sc020.jpg-768x403.png 768w\" sizes=\"auto, (max-width: 1081px) 100vw, 1081px\" \/><br \/>\n&nbsp;<br \/>\n[fond noir][blanc]<strong>Le train \u00e0 hydrog\u00e8ne mis \u00e0 l&rsquo;\u00e9cart<\/strong>[\/blanc][\/fond noir]<br \/>\n&nbsp;<br \/>\nCar bien trop co\u00fbteux au kilom\u00e8tre. Il lui est pr\u00e9f\u00e9r\u00e9 les rames \u00e9lectriques \u00e0 batteries, dont le d\u00e9veloppement est tr\u00e8s rapide ailleurs qu&rsquo;en France. Ainsi l&rsquo;\u00e9lectrification n\u00e9cessaire des lignes ne se fait qu&rsquo;aux abords des grandes villes, pour recharger en \u00e9nergie, le reste du parcours est alors effectu\u00e9 sur ces r\u00e9serves. Les rames existantes sont compatibles avec ces \u00e9volutions d&rsquo;apr\u00e8s ce que nous comprenons.<br \/>\n&nbsp;<br \/>\n[fond noir][blanc]<strong>Les ouvrages d&rsquo;art sont en bon \u00e9tat<\/strong>[\/blanc][\/fond noir]<br \/>\n&nbsp;<br \/>\nL&rsquo;\u00e9tude int\u00e8gre le fait que, apr\u00e8s visites sur place des bureaux d&rsquo;\u00e9tude, l&rsquo;\u00e9tat g\u00e9n\u00e9ral des ouvrages d&rsquo;art, tunnels et viaducs, est bon, \u00e0 l&rsquo;exception du viaduc de Garabit qui pose de tr\u00e8s gros probl\u00e8mes quant \u00e0 son avenir. La solution future pourrait \u00eatre de notre point de vue un report du trafic ferroviaire sur un pont suppl\u00e9mentaire jouxtant celui de l&rsquo;autoroute.<br \/>\n&nbsp;<br \/>\n[fond noir][blanc]<strong>L&rsquo;\u00e9tude repose sur l&rsquo;existant<\/strong>[\/blanc][\/fond noir]<br \/>\n&nbsp;<br \/>\nLa prise en compte des installations actuelles est assur\u00e9e, possibilit\u00e9s de croisements dans les gares notamment. L&rsquo;\u00e9lectrification partielle des lignes, par secteurs, viendra se greffer sur les emm\u00e9nagements actuels.<br \/>\n&nbsp;<br \/>\n[fond noir][blanc]<strong>Et les trains de nuit ?<\/strong>[\/blanc][\/fond noir]<br \/>\n&nbsp;<br \/>\nCe n&rsquo;est pas mentionn\u00e9 dans les documents consult\u00e9s mais pour terminer signalons qu&rsquo;ainsi r\u00e9nov\u00e9e l&rsquo;infrastructure pourra accueillir \u00e0 nouveau les trains de nuit que nous attendons tous, le tribranche Paris &#8211; Clermont &#8211; Aurillac \/ Millau \/ Al\u00e8s . C&rsquo;est une excellente chose.<br \/>\n&nbsp;<br \/>\n<img loading=\"lazy\" decoding=\"async\" class=\" aligncenter size-full wp-image-4590\" src=\"http:\/\/5.45.101.177\/haut-allier\/usagers-transportse\/wp-content\/uploads\/2023\/07\/logo-tribranche-12-003-1000-2.jpg\" alt=\"logo-tribranche-12-003-1000-2.jpg\" align=\"center\" width=\"512\" height=\"1006\" srcset=\"https:\/\/usagers-transports.haut-allier.eu\/wp-content\/uploads\/2023\/07\/logo-tribranche-12-003-1000-2.jpg 512w, https:\/\/usagers-transports.haut-allier.eu\/wp-content\/uploads\/2023\/07\/logo-tribranche-12-003-1000-2-153x300.jpg 153w\" sizes=\"auto, (max-width: 512px) 100vw, 512px\" \/><br \/>\n&nbsp;<br \/>\n[fond noir][blanc]<strong>Notre avis<\/strong>[\/blanc][\/fond noir]<br \/>\n&nbsp;<br \/>\nDu beau travail effectu\u00e9 l\u00e0 par le CEREMA et AgroParisTech avec cette \u00e9tude ambitieuse et novatrice. Elle concentre toutes les solutions auxquelles modestement ici au collectif nous avons logiquement adh\u00e9r\u00e9 \u00e0 force de d\u00e9bats, de rencontres, de rapports sur le ferroviaire. Les deux derniers scenarii sont porteurs du d\u00e9veloppement esp\u00e9r\u00e9 au moins par la r\u00e9gion Occitanie, son Vice-pr\u00e9sident charg\u00e9 des transports Jean-Luc Gibelin et par tous les usagers. Il reste maintenant comme on s&rsquo;en doute \u00e0 convaincre la r\u00e9gion qui g\u00e8re la partie nord du syst\u00e8me.<br \/>\n&nbsp;<br \/>\nNous pouvons \u00eatre fiers, avec l&rsquo;association des 150 ans du train C\u00e9venol, d&rsquo;avoir rendu le dialogue possible entre les 2 r\u00e9gions concern\u00e9es en 2019, qui ont de suite d\u00e9cid\u00e9 cette \u00e9tude pour l&rsquo;avenir.<br \/>\n&nbsp;<br \/>\n<strong>La redynamisation des territoires du sud du Massif central souvent en perte de vitesse d\u00e9collerait enfin avec notamment la 4\u00e8me proposition. Pourvu que toutes les volont\u00e9s y contribuent ! On y croit.<\/strong><br \/>\n&nbsp;<\/p>\n","protected":false},"excerpt":{"rendered":"<p>Exclusif : L&rsquo;\u00e9tude sur l&rsquo;avenir de ces 3 \u00ab\u00a0petites-grandes\u00a0\u00bb lignes ferroviaires, command\u00e9e en 2020 par les r\u00e9gions Occitanie,<\/p>\n","protected":false},"author":1,"featured_media":4571,"comment_status":"open","ping_status":"open","sticky":false,"template":"","format":"standard","meta":{"footnotes":""},"categories":[2],"tags":[],"class_list":["post-1016","post","type-post","status-publish","format-standard","has-post-thumbnail","hentry","category-infos"],"_links":{"self":[{"href":"https:\/\/usagers-transports.haut-allier.eu\/index.php\/wp-json\/wp\/v2\/posts\/1016","targetHints":{"allow":["GET"]}}],"collection":[{"href":"https:\/\/usagers-transports.haut-allier.eu\/index.php\/wp-json\/wp\/v2\/posts"}],"about":[{"href":"https:\/\/usagers-transports.haut-allier.eu\/index.php\/wp-json\/wp\/v2\/types\/post"}],"author":[{"embeddable":true,"href":"https:\/\/usagers-transports.haut-allier.eu\/index.php\/wp-json\/wp\/v2\/users\/1"}],"replies":[{"embeddable":true,"href":"https:\/\/usagers-transports.haut-allier.eu\/index.php\/wp-json\/wp\/v2\/comments?post=1016"}],"version-history":[{"count":0,"href":"https:\/\/usagers-transports.haut-allier.eu\/index.php\/wp-json\/wp\/v2\/posts\/1016\/revisions"}],"wp:featuredmedia":[{"embeddable":true,"href":"https:\/\/usagers-transports.haut-allier.eu\/index.php\/wp-json\/wp\/v2\/media\/4571"}],"wp:attachment":[{"href":"https:\/\/usagers-transports.haut-allier.eu\/index.php\/wp-json\/wp\/v2\/media?parent=1016"}],"wp:term":[{"taxonomy":"category","embeddable":true,"href":"https:\/\/usagers-transports.haut-allier.eu\/index.php\/wp-json\/wp\/v2\/categories?post=1016"},{"taxonomy":"post_tag","embeddable":true,"href":"https:\/\/usagers-transports.haut-allier.eu\/index.php\/wp-json\/wp\/v2\/tags?post=1016"}],"curies":[{"name":"wp","href":"https:\/\/api.w.org\/{rel}","templated":true}]}}