{"id":1017,"date":"2023-08-01T10:56:17","date_gmt":"2023-08-01T08:56:17","guid":{"rendered":"http:\/\/5.45.101.177\/haut-allier\/usagers-transportse\/index.php\/2023\/08\/01\/etude-cerema-agroparistech-sur-les1017\/"},"modified":"2023-08-01T10:56:17","modified_gmt":"2023-08-01T08:56:17","slug":"etude-cerema-agroparistech-sur-les1017","status":"publish","type":"post","link":"https:\/\/usagers-transports.haut-allier.eu\/index.php\/2023\/08\/01\/etude-cerema-agroparistech-sur-les1017\/","title":{"rendered":"Etude CEREMA AgroParisTech sur les lignes du Massif central : r\u00e9action de Vincent Kaufmann"},"content":{"rendered":"<p>Vincent Kaufmann est un sociologue suisse, l&rsquo;un des pionniers de la recherche sur la mobilit\u00e9 et l&rsquo;inventeur du concept de motilit\u00e9, la facult\u00e9 de se mouvoir. Professeur de sociologie \u00e0 l&rsquo;EPFL (\u00c9cole Polytechnique F\u00e9d\u00e9rale de Lausanne) il dirige le Laboratoire de sociologie urbaine au sein de la Facult\u00e9 de l\u2019environnement naturel, architectural et construit. Il est aussi directeur scientifique du Forum Vies Mobiles \u00e0 Paris. En 2020, il devient Vice-doyen pour l\u2019\u00e9ducation et le transfert de savoir de la Facult\u00e9 de l\u2019environnement naturel, architectural et construit de l&rsquo;EPFL<br \/>\n&nbsp;<br \/>\nNous l&rsquo;avions <a href=\"https:\/\/150ans.traincevenol.eu\/?event_listing=lavant-gout-de-clermont-ferrand-en-un-coup-doeil\"><strong>invit\u00e9 en avril 2022<\/strong><\/a> \u00e0 Clermont Ferrand dans le cadre des c\u00e9l\u00e9brations autour des 150 ans de la ligne du train C\u00e9venol, pour une rencontre &#8211; d\u00e9bat de cl\u00f4ture \u00e0 l&rsquo;H\u00f4tel de la r\u00e9gion Auvergne Rh\u00f4ne Alpes en pr\u00e9sence des deux Vice-pr\u00e9sidents charg\u00e9s des mobilit\u00e9s aux r\u00e9gions Occitanie et AuRA. Le th\u00e8me en \u00e9tait \u00ab\u00a0La ligne du C\u00e9venol repens\u00e9e dans un r\u00e9seau\u200c \u00e0 haut niveau de performances ?\u00a0\u00bb<br \/>\n&nbsp;<br \/>\nFin juillet Vincent Kaufmann est revenu passer quelques jours dans le haut Allier, amen\u00e9 par le train, c&rsquo;\u00e9tait l&rsquo;occasion de lui demander comment s&rsquo;\u00e9tait pass\u00e9 son voyage dans les nouvelles rames depuis Arvant, avec les nouveaux am\u00e9nagements des gares, et ce qu&rsquo;il entrevoyait pour l&rsquo;avenir de la ligne des C\u00e9vennes.<br \/>\n&nbsp;<br \/>\nExtrait : <strong> <em>\u00ab\u00a0Ce serait dommage que l&rsquo;\u00e9tude du CEREMA AgroParisTech reste lettre morte, je pense qu&rsquo;il y a des sc\u00e9narios ambitieux, c&rsquo;est important d&rsquo;avoir de l&rsquo;ambition pour le chemin de fer notamment dans ces r\u00e9gions.\u00a0\u00bb<\/em> <\/strong><br \/>\n&nbsp;<br \/>\n<a href=\"http:\/\/5.45.101.177\/haut-allier\/usagers-transportse\/wp-content\/uploads\/2023\/08\/v-kaufmann-langogne-30juil2023.mp4\">v-kaufmann-langogne-30juil2023.mp4<\/a><br \/>\n&nbsp;<\/p>\n","protected":false},"excerpt":{"rendered":"<p>Vincent Kaufmann est un sociologue suisse, l&rsquo;un des pionniers de la recherche sur la mobilit\u00e9 et l&rsquo;inventeur du<\/p>\n","protected":false},"author":1,"featured_media":4591,"comment_status":"open","ping_status":"open","sticky":false,"template":"","format":"standard","meta":{"footnotes":""},"categories":[2],"tags":[],"class_list":["post-1017","post","type-post","status-publish","format-standard","has-post-thumbnail","hentry","category-infos"],"_links":{"self":[{"href":"https:\/\/usagers-transports.haut-allier.eu\/index.php\/wp-json\/wp\/v2\/posts\/1017","targetHints":{"allow":["GET"]}}],"collection":[{"href":"https:\/\/usagers-transports.haut-allier.eu\/index.php\/wp-json\/wp\/v2\/posts"}],"about":[{"href":"https:\/\/usagers-transports.haut-allier.eu\/index.php\/wp-json\/wp\/v2\/types\/post"}],"author":[{"embeddable":true,"href":"https:\/\/usagers-transports.haut-allier.eu\/index.php\/wp-json\/wp\/v2\/users\/1"}],"replies":[{"embeddable":true,"href":"https:\/\/usagers-transports.haut-allier.eu\/index.php\/wp-json\/wp\/v2\/comments?post=1017"}],"version-history":[{"count":0,"href":"https:\/\/usagers-transports.haut-allier.eu\/index.php\/wp-json\/wp\/v2\/posts\/1017\/revisions"}],"wp:featuredmedia":[{"embeddable":true,"href":"https:\/\/usagers-transports.haut-allier.eu\/index.php\/wp-json\/wp\/v2\/media\/4591"}],"wp:attachment":[{"href":"https:\/\/usagers-transports.haut-allier.eu\/index.php\/wp-json\/wp\/v2\/media?parent=1017"}],"wp:term":[{"taxonomy":"category","embeddable":true,"href":"https:\/\/usagers-transports.haut-allier.eu\/index.php\/wp-json\/wp\/v2\/categories?post=1017"},{"taxonomy":"post_tag","embeddable":true,"href":"https:\/\/usagers-transports.haut-allier.eu\/index.php\/wp-json\/wp\/v2\/tags?post=1017"}],"curies":[{"name":"wp","href":"https:\/\/api.w.org\/{rel}","templated":true}]}}