{"id":1018,"date":"2023-08-23T11:19:56","date_gmt":"2023-08-23T09:19:56","guid":{"rendered":"http:\/\/5.45.101.177\/haut-allier\/usagers-transportse\/index.php\/2023\/08\/23\/les-billets-vendus-par-sncf-sont1018\/"},"modified":"2026-09-01T16:03:38","modified_gmt":"2026-09-01T14:03:38","slug":"les-billets-vendus-par-sncf-sont1018","status":"publish","type":"post","link":"https:\/\/usagers-transports.haut-allier.eu\/index.php\/2023\/08\/23\/les-billets-vendus-par-sncf-sont1018\/","title":{"rendered":"Les billets vendus par SNCF toujours limit\u00e9s \u00e0 2 correspondances : nous relan\u00e7ons la p\u00e9tition"},"content":{"rendered":"Pour ceux et celles qui n&rsquo;ont pas suivi notre \u00ab\u00a0combat\u00a0\u00bb contre les billets limit\u00e9s que nous vend SNCF depuis des lustres, nous nous permettons de faire un petit rappel de notre p\u00e9tition car nous comprenons difficilement le faible nombre relatif de signatures en 4 ans : 800 seulement. Pour \u00eatre cr\u00e9dible il nous para\u00eet indispensable de poursuivre jusqu&rsquo;\u00e0 quelques milliers. \n&nbsp;\nNous ne manquons pas depuis le lancement de l&rsquo;op\u00e9ration d&rsquo;interroger sur ce th\u00e8me la SNCF, \u00e0 l&rsquo;\u00e9poque Voyages SNCF et Oui SNCF, maintenant SNCF Connect, chaque fois qu&rsquo;ils osent demander la participation des voyageurs pour am\u00e9liorer leur application smartphones ou leur site web. Et aucune r\u00e9ponse ne nous est apport\u00e9e. AUCUNE.\n&nbsp;\n<img loading=\"lazy\" decoding=\"async\" class=\" aligncenter size-full wp-image-4594\" src=\"http:\/\/5.45.101.177\/haut-allier\/usagers-transportse\/wp-content\/uploads\/2023\/08\/6-tweets-avec-des-reponses-de-collectif-usagers-transports-haut-allier-usagershtallier-x.png\" alt=\"-6-tweets-avec-des-reponses-de-collectif-usagers-transports-haut-allier-usagershtallier-x.png\" align=\"center\" width=\"459\" height=\"529\" srcset=\"https:\/\/usagers-transports.haut-allier.eu\/wp-content\/uploads\/2023\/08\/6-tweets-avec-des-reponses-de-collectif-usagers-transports-haut-allier-usagershtallier-x.png 459w, https:\/\/usagers-transports.haut-allier.eu\/wp-content\/uploads\/2023\/08\/6-tweets-avec-des-reponses-de-collectif-usagers-transports-haut-allier-usagershtallier-x-260x300.png 260w\" sizes=\"auto, (max-width: 459px) 100vw, 459px\" \/>\n&nbsp;\nNous sommes pourtant le SEUL pays europ\u00e9en dont la compagnie ferroviaire nationale ose vendre aux citoyens des BILLETS TROMPEURS, des billets ne correspondant pas \u00e0 ce qui est demand\u00e9, des billets aux trajets d\u00e9tourn\u00e9s, plus longs, aux tarifs plus \u00e9lev\u00e9s, le tout pour satisfaire la politique SNCF <strong>d\u00e9bile<\/strong> d\u00e9cr\u00e9tant que le voyageur ne veut pas plus de deux changements en train.\n&nbsp;\n<strong>C&rsquo;est FAUX ! Lorsque l&rsquo;on doit absolument joindre un point peu importe le nombre de correspondances si les horaires sont respect\u00e9s ! De quel droit l&rsquo;organisme ferroviaire d\u00e9cr\u00e8te-t-il que les voyageurs ne sont pas assez grands pour choisir eux-m\u00eames leurs trajets, avec une, deux, trois, quatre correspondances s&rsquo;ils le pr\u00e9f\u00e8rent ?<\/strong>\n&nbsp;\nNous avons test\u00e9, en nous appuyant sur le site allemand de <a href=\"https:\/\/www.bahn.com\/fr\">DB France<\/a> pour la recherche des possibilit\u00e9s et fractionnement en plusieurs tickets sur <a href=\"https:\/\/www.sncf-connect.com\/\">SNCF Connect<\/a> pour le r\u00e8glement, des trajets directs entre le massif central et la Bretagne avec pas moins de 5 changements sans aucune difficult\u00e9, avec un prix inf\u00e9rieur de moiti\u00e9 \u00e0 celui propos\u00e9 par SNCF Connect en passant par Paris. En \u00e9vitant de plus le changement de gares obligatoire dans la capitale \u00e0 m\u00e9tro, bus, taxi ou \u00e0 pied avec les valises. Une gal\u00e8re r\u00e9jouissante dont nous nous sommes bien pass\u00e9s.\n&nbsp;\n<strong>R\u00e9p\u00e9tons les cons\u00e9quences extr\u00eamement n\u00e9fastes pour notre mobilit\u00e9 li\u00e9s aux billets propos\u00e9s actuellement par SNCF :<\/strong>\n&nbsp;\n&#8211; Des billets vendus pour des trajets plus longs qui reviennent la plupart du temps plus chers au voyageur,\n\n&#8211; Aucune r\u00e9ponse \u00e0 une recherche d\u00e8s que plus de 2 changements sont n\u00e9cessaires,\n\n&#8211; Des passages forc\u00e9s par Paris avec souvent des changements de gares plus ou moins difficiles,\n\n&#8211; Un vidage math\u00e9matique des trains qui circulent sur les lignes classiques dites petites,\n\n&#8211; Une d\u00e9saffection des gares du r\u00e9seau historique et de leurs villes par les voyageurs,\n\n&#8211; Une d\u00e9sertification des zones rurales ou moins denses,\n\n&#8211; Des statistiques de fr\u00e9quentation des lignes du quotidien en baisse qui favorisent leurs fermetures,\n\n&#8211; Une surcharge permanente des lignes TGV.\n\n&nbsp;\nC&rsquo;est pourquoi nous vous invitons \u00e0 signer la p\u00e9tition en cours sur Change.org :\n&nbsp;\n<a href=\"https:\/\/www.change.org\/p\/jean-pierre-farandou-cl%C3%A9ment-beaune-elisabeth-borne-stop-aux-billets-sncf-limit%C3%A9s-%C3%A0-2-changements-imposant-des-trajets-plus-longs-et-plus-chers\"><strong> <em>La p\u00e9tition pour des billets SNCF non limit\u00e9s \u00e0 2 changements pour des trajets + directs et &#8211; chers<\/em> <\/strong><\/a>\n\n\n&nbsp;\nPour exemple une recherche sur SNCF Connect d&rsquo;un trajet Alleyras (ou n&rsquo;importe quelle gare de la ligne Clermont N\u00eemes) vers Toulouse puis la r\u00e9ponse :\n&nbsp;\n<img loading=\"lazy\" decoding=\"async\" class=\" aligncenter size-full wp-image-4595\" src=\"http:\/\/5.45.101.177\/haut-allier\/usagers-transportse\/wp-content\/uploads\/2023\/08\/sncf-connect-recherche-700.jpg\" alt=\"sncf-connect-recherche-700.jpg\" align=\"center\" width=\"700\" height=\"386\" srcset=\"https:\/\/usagers-transports.haut-allier.eu\/wp-content\/uploads\/2023\/08\/sncf-connect-recherche-700.jpg 700w, https:\/\/usagers-transports.haut-allier.eu\/wp-content\/uploads\/2023\/08\/sncf-connect-recherche-700-300x165.jpg 300w\" sizes=\"auto, (max-width: 700px) 100vw, 700px\" \/>\n<img loading=\"lazy\" decoding=\"async\" class=\" aligncenter size-full wp-image-4596\" src=\"http:\/\/5.45.101.177\/haut-allier\/usagers-transportse\/wp-content\/uploads\/2023\/08\/sncf-connect-resultats-d-itineraires-aller-700.jpg\" alt=\"sncf-connect-resultats-d-itineraires-aller-700.jpg\" align=\"center\" width=\"700\" height=\"306\" srcset=\"https:\/\/usagers-transports.haut-allier.eu\/wp-content\/uploads\/2023\/08\/sncf-connect-resultats-d-itineraires-aller-700.jpg 700w, https:\/\/usagers-transports.haut-allier.eu\/wp-content\/uploads\/2023\/08\/sncf-connect-resultats-d-itineraires-aller-700-300x131.jpg 300w\" sizes=\"auto, (max-width: 700px) 100vw, 700px\" \/>\n&nbsp;\nLa m\u00eame recherche sur le site DB :\n&nbsp;\n<img loading=\"lazy\" decoding=\"async\" class=\" aligncenter size-full wp-image-4597\" src=\"http:\/\/5.45.101.177\/haut-allier\/usagers-transportse\/wp-content\/uploads\/2023\/08\/deutsche-bahn-bahn-de-correspondances-votre-horaire-scaled.png\" alt=\"deutsche-bahn-bahn-de-correspondances-votre-horaire.png\" align=\"center\" width=\"853\" height=\"2560\" srcset=\"https:\/\/usagers-transports.haut-allier.eu\/wp-content\/uploads\/2023\/08\/deutsche-bahn-bahn-de-correspondances-votre-horaire-scaled.png 853w, https:\/\/usagers-transports.haut-allier.eu\/wp-content\/uploads\/2023\/08\/deutsche-bahn-bahn-de-correspondances-votre-horaire-100x300.png 100w, https:\/\/usagers-transports.haut-allier.eu\/wp-content\/uploads\/2023\/08\/deutsche-bahn-bahn-de-correspondances-votre-horaire-341x1024.png 341w, https:\/\/usagers-transports.haut-allier.eu\/wp-content\/uploads\/2023\/08\/deutsche-bahn-bahn-de-correspondances-votre-horaire-768x2306.png 768w, https:\/\/usagers-transports.haut-allier.eu\/wp-content\/uploads\/2023\/08\/deutsche-bahn-bahn-de-correspondances-votre-horaire-512x1536.png 512w, https:\/\/usagers-transports.haut-allier.eu\/wp-content\/uploads\/2023\/08\/deutsche-bahn-bahn-de-correspondances-votre-horaire-682x2048.png 682w\" sizes=\"auto, (max-width: 853px) 100vw, 853px\" \/>\n\n&nbsp;\nPour rappel voici les articles \u00e0 lire que nous avons publi\u00e9s sur le sujet :\n&nbsp;\nhttps:\/\/usagers-transports.haut-allier.eu\/?petition-signons-pour-la-fin-des,617\n&nbsp;\nhttps:\/\/usagers-transports.haut-allier.eu\/?billets-limites-de-oui-sncf,633\n&nbsp;\n<p>&nbsp;<\/p>\n\n\t<figure class=\"wp-block-gallery columns-2 is-cropped wp-block-gallery-1 is-layout-flex wp-block-gallery-is-layout-flex\">\n\t\t<ul class=\"blocks-gallery-grid\">\n\t\t\t<li class=\"blocks-gallery-item\">\n\t\t\t\t<figure>\n\t\t\t\t\t\t\t\t\t\t\t<img loading=\"lazy\" decoding=\"async\" width=\"834\" height=\"461\" src=\"http:\/\/5.45.101.177\/haut-allier\/usagers-transportse\/wp-content\/uploads\/2023\/08\/sncf-connect-recherche.png\"\n\t\t\t\t\t\t alt=\"sncf-connect-recherche.png\"\n\t\t\t\t\t\t data-id=\"4598\"\n\t\t\t\t\t\t data-full-url=\"http:\/\/5.45.101.177\/haut-allier\/usagers-transportse\/wp-content\/uploads\/2023\/08\/sncf-connect-recherche.png\"\n\t\t\t\t\t\t data-link=\"http:\/\/5.45.101.177\/haut-allier\/usagers-transportse\/attachment-sncf-connect-recherche-png\/\"\n\t\t\t\t\t\t class=\"wp-image-4598\" srcset=\"https:\/\/usagers-transports.haut-allier.eu\/wp-content\/uploads\/2023\/08\/sncf-connect-recherche.png 834w, https:\/\/usagers-transports.haut-allier.eu\/wp-content\/uploads\/2023\/08\/sncf-connect-recherche-300x166.png 300w, https:\/\/usagers-transports.haut-allier.eu\/wp-content\/uploads\/2023\/08\/sncf-connect-recherche-768x425.png 768w\" sizes=\"auto, (max-width: 834px) 100vw, 834px\" \/>\n\t\t\t\t<\/figure>\n\t\t\t<\/li>\n\t\t\t<li class=\"blocks-gallery-item\">\n\t\t\t\t<figure>\n\t\t\t\t\t\t\t\t\t\t\t<img loading=\"lazy\" decoding=\"async\" width=\"1198\" height=\"524\" src=\"http:\/\/5.45.101.177\/haut-allier\/usagers-transportse\/wp-content\/uploads\/2023\/08\/sncf-connect-resultats-d-itineraires-aller.png\"\n\t\t\t\t\t\t alt=\"sncf-connect-resultats-d-itineraires-aller.png\"\n\t\t\t\t\t\t data-id=\"4599\"\n\t\t\t\t\t\t data-full-url=\"http:\/\/5.45.101.177\/haut-allier\/usagers-transportse\/wp-content\/uploads\/2023\/08\/sncf-connect-resultats-d-itineraires-aller.png\"\n\t\t\t\t\t\t data-link=\"http:\/\/5.45.101.177\/haut-allier\/usagers-transportse\/attachment-sncf-connect-resultats-d-itineraires-aller-png\/\"\n\t\t\t\t\t\t class=\"wp-image-4599\" srcset=\"https:\/\/usagers-transports.haut-allier.eu\/wp-content\/uploads\/2023\/08\/sncf-connect-resultats-d-itineraires-aller.png 1198w, https:\/\/usagers-transports.haut-allier.eu\/wp-content\/uploads\/2023\/08\/sncf-connect-resultats-d-itineraires-aller-300x131.png 300w, https:\/\/usagers-transports.haut-allier.eu\/wp-content\/uploads\/2023\/08\/sncf-connect-resultats-d-itineraires-aller-1024x448.png 1024w, https:\/\/usagers-transports.haut-allier.eu\/wp-content\/uploads\/2023\/08\/sncf-connect-resultats-d-itineraires-aller-768x336.png 768w\" sizes=\"auto, (max-width: 1198px) 100vw, 1198px\" \/>\n\t\t\t\t<\/figure>\n\t\t\t<\/li>\n\t\t<\/ul>\n\t<\/figure>\n","protected":false},"excerpt":{"rendered":"<p>Pour ceux et celles qui n&rsquo;ont pas suivi notre \u00ab\u00a0combat\u00a0\u00bb contre les billets limit\u00e9s que nous vend SNCF<\/p>\n","protected":false},"author":1,"featured_media":4593,"comment_status":"open","ping_status":"open","sticky":false,"template":"","format":"standard","meta":{"footnotes":""},"categories":[3],"tags":[],"class_list":["post-1018","post","type-post","status-publish","format-standard","has-post-thumbnail","hentry","category-en-train"],"_links":{"self":[{"href":"https:\/\/usagers-transports.haut-allier.eu\/index.php\/wp-json\/wp\/v2\/posts\/1018","targetHints":{"allow":["GET"]}}],"collection":[{"href":"https:\/\/usagers-transports.haut-allier.eu\/index.php\/wp-json\/wp\/v2\/posts"}],"about":[{"href":"https:\/\/usagers-transports.haut-allier.eu\/index.php\/wp-json\/wp\/v2\/types\/post"}],"author":[{"embeddable":true,"href":"https:\/\/usagers-transports.haut-allier.eu\/index.php\/wp-json\/wp\/v2\/users\/1"}],"replies":[{"embeddable":true,"href":"https:\/\/usagers-transports.haut-allier.eu\/index.php\/wp-json\/wp\/v2\/comments?post=1018"}],"version-history":[{"count":1,"href":"https:\/\/usagers-transports.haut-allier.eu\/index.php\/wp-json\/wp\/v2\/posts\/1018\/revisions"}],"predecessor-version":[{"id":4600,"href":"https:\/\/usagers-transports.haut-allier.eu\/index.php\/wp-json\/wp\/v2\/posts\/1018\/revisions\/4600"}],"wp:featuredmedia":[{"embeddable":true,"href":"https:\/\/usagers-transports.haut-allier.eu\/index.php\/wp-json\/wp\/v2\/media\/4593"}],"wp:attachment":[{"href":"https:\/\/usagers-transports.haut-allier.eu\/index.php\/wp-json\/wp\/v2\/media?parent=1018"}],"wp:term":[{"taxonomy":"category","embeddable":true,"href":"https:\/\/usagers-transports.haut-allier.eu\/index.php\/wp-json\/wp\/v2\/categories?post=1018"},{"taxonomy":"post_tag","embeddable":true,"href":"https:\/\/usagers-transports.haut-allier.eu\/index.php\/wp-json\/wp\/v2\/tags?post=1018"}],"curies":[{"name":"wp","href":"https:\/\/api.w.org\/{rel}","templated":true}]}}