{"id":1019,"date":"2023-08-29T14:49:24","date_gmt":"2023-08-29T12:49:24","guid":{"rendered":"http:\/\/5.45.101.177\/haut-allier\/usagers-transportse\/index.php\/2023\/08\/29\/nord-de-la-ligne-ferroviaire1019\/"},"modified":"2023-08-29T14:49:24","modified_gmt":"2023-08-29T12:49:24","slug":"nord-de-la-ligne-ferroviaire1019","status":"publish","type":"post","link":"https:\/\/usagers-transports.haut-allier.eu\/index.php\/2023\/08\/29\/nord-de-la-ligne-ferroviaire1019\/","title":{"rendered":"Nord de la ligne ferroviaire B\u00e9ziers &#8211; Neussargues : l&rsquo;\u00e9tat confirme son engagement financier"},"content":{"rendered":"<p>Promesses aux Vice-pr\u00e9sidents charg\u00e9s de la mobilit\u00e9 dans les r\u00e9gions Occitanie et AuRA tenues serait-on tent\u00e9 de dire puisque nous apprenons aujourd&rsquo;hui l&rsquo;engagement financier de l&rsquo;Etat sur les travaux de maintien entre Saint-Ch\u00e9ly d&rsquo;Apcher et Neussargues &#8211; ligne dite des Causses et du train Aubrac &#8211; pour \u00e9viter la fermeture \u00e0 la fin de cette ann\u00e9e.<br \/>\n&nbsp;<br \/>\nJean-Luc Gibelin, \u00e0 la r\u00e9gion Occitanie nous l&rsquo;avait annonc\u00e9 en juin&#8230;<br \/>\n&nbsp;<br \/>\nhttps:\/\/usagers-transports.haut-allier.eu\/?ligne-intercites-beziers,1006<br \/>\n&nbsp;<br \/>\nPuis il l&rsquo;avait redit en juillet \u00e0 S\u00e8verac le Ch\u00e2teau,<br \/>\n&nbsp;<br \/>\nhttps:\/\/usagers-transports.haut-allier.eu\/?rassemblement-de-severac-le,1013<br \/>\n&nbsp;<br \/>\nIl ne restait plus qu&rsquo;\u00e0 confirmer, et c&rsquo;est chose faite ce 29 ao\u00fbt, avec les 41 millions d&rsquo;euros de l&rsquo;\u00e9tat, comme nous l&rsquo;apprend l&rsquo;article de <em>La Montagne<\/em> de ce matin : <a href=\"https:\/\/www.lamontagne.fr\/clermont-ferrand-63000\/actualites\/la-ligne-sncf-aubrac-clermont-beziers-ne-fermera-pas-en-fin-d-annee-mais-elle-reste-fragile_14361771\/\"><em>La ligne SNCF \u00ab\u00a0Aubrac\u00a0\u00bb Clermont-B\u00e9ziers ne fermera pas en fin d&rsquo;ann\u00e9e mais elle reste fragile<\/em><\/a> dont voici un extrait ci-dessous (cliquer). Un nouveau pansement dit <em>La Montagne<\/em>, nous sommes bien d&rsquo;accord :<br \/>\n&nbsp;<br \/>\n<img loading=\"lazy\" decoding=\"async\" class=\" aligncenter size-full wp-image-4602\" src=\"http:\/\/5.45.101.177\/haut-allier\/usagers-transportse\/wp-content\/uploads\/2023\/08\/la-ligne-sncf-aubrac-clermont-beziers-ne-fermera-pas-en-fin-d-annee-mais-elle-reste-fragile-clermont-ferrand-63000-.png\" alt=\"la-ligne-sncf-aubrac-clermont-beziers-ne-fermera-pas-en-fin-d-annee-mais-elle-reste-fragile-clermont-ferrand-63000-.png\" align=\"center\" width=\"1047\" height=\"1648\" srcset=\"https:\/\/usagers-transports.haut-allier.eu\/wp-content\/uploads\/2023\/08\/la-ligne-sncf-aubrac-clermont-beziers-ne-fermera-pas-en-fin-d-annee-mais-elle-reste-fragile-clermont-ferrand-63000-.png 1047w, https:\/\/usagers-transports.haut-allier.eu\/wp-content\/uploads\/2023\/08\/la-ligne-sncf-aubrac-clermont-beziers-ne-fermera-pas-en-fin-d-annee-mais-elle-reste-fragile-clermont-ferrand-63000--191x300.png 191w, https:\/\/usagers-transports.haut-allier.eu\/wp-content\/uploads\/2023\/08\/la-ligne-sncf-aubrac-clermont-beziers-ne-fermera-pas-en-fin-d-annee-mais-elle-reste-fragile-clermont-ferrand-63000--651x1024.png 651w, https:\/\/usagers-transports.haut-allier.eu\/wp-content\/uploads\/2023\/08\/la-ligne-sncf-aubrac-clermont-beziers-ne-fermera-pas-en-fin-d-annee-mais-elle-reste-fragile-clermont-ferrand-63000--768x1209.png 768w, https:\/\/usagers-transports.haut-allier.eu\/wp-content\/uploads\/2023\/08\/la-ligne-sncf-aubrac-clermont-beziers-ne-fermera-pas-en-fin-d-annee-mais-elle-reste-fragile-clermont-ferrand-63000--976x1536.png 976w\" sizes=\"auto, (max-width: 1047px) 100vw, 1047px\" \/><br \/>\n&nbsp;<br \/>\nEn voici le texte :<br \/>\n&nbsp;<\/p>\n<p>[(<br \/>\nLa ligne SNCF Aubrac Clermont-B\u00e9ziers ne fermera pas en fin d&rsquo;ann\u00e9e mais elle reste fragile.<br \/>\n&nbsp;<br \/>\nUn pansement \u00e0 41 millions d\u2019euros, mais un pansement quand m\u00eame. Pour \u00e9viter la fermeture de la ligne Clermont-B\u00e9ziers cette fin d\u2019ann\u00e9e, l\u2019\u00c9tat va financer seul 25 km de changement de voies entre Cantal et Loz\u00e8re, les R\u00e9gions ayant refus\u00e9 de participer.<br \/>\n&nbsp;<br \/>\n\u00ab\u00a0Vous allez souvent prendre cette ligne? Car elle pourrait \u00eatre suspendue le 31 d\u00e9cembre\u00a0\u00bb. \u00c0 la gare de Clermont-Ferrand, ce cheminot ne savait pas encore, mi-ao\u00fbt, que l\u2019\u00c9tat venait de s\u2019engager \u00e0 financer les travaux destin\u00e9s \u00e0 \u00e9viter que la ligne Clermont-B\u00e9ziers soit ferm\u00e9e aux voyageurs fin 2023 et au fret un an plus tard. Cinq mois apr\u00e8s l\u2019alerte lanc\u00e9e par SNCF R\u00e9seau, le ministre des Transports, Cl\u00e9ment Beaune, a annonc\u00e9 aux \u00e9lus que l\u2019\u00c9tat mettrait, seul, les 41 millions d\u2019euros n\u00e9cessaires au renouvellement de 25 km de voies entre Andelat (Cantal) et Loubaresse (Loz\u00e8re). Sans ces travaux d\u2019urgence, la ligne parmi les plus belles de France aurait une nouvelle fois \u00e9t\u00e9 suspendue, comme en 2021. Situ\u00e9e juste avant le c\u00e9l\u00e8bre viaduc de Garabit, en venant de Clermont, cette portion de 25 km oblige les trains \u00e0 ralentir \u00e0 50 km\/h depuis plusieurs ann\u00e9es. Mais comme souvent, c\u2019est au dernier moment que les pouvoirs publics ont r\u00e9agi.<br \/>\n&nbsp;<br \/>\nLe viaduc de Garabit joyau de la ligne, n&rsquo;est emprunt\u00e9 que par le Clermont-B\u00e9ziers et des trains de fret. Le ministre des Transports n\u2019avait d\u2019autre choix que de d\u00e9bloquer la somme, sa tentative de faire participer les R\u00e9gions travers\u00e9es, Occitanie, pr\u00e9sid\u00e9e par Carole Delga (PS), et Auvergne-Rh\u00f4ne-Alpes, pr\u00e9sid\u00e9e par Laurent Wauquiez (LR), s\u2019\u00e9tant sold\u00e9e par un refus cat\u00e9gorique. Dans un courrier commun, les deux \u00e9lus, \u00e9galement pr\u00e9sidente et vice-pr\u00e9sident de R\u00e9gions de France, rappellent que l\u2019infrastructure ferroviaire est une comp\u00e9tence de l\u2019\u00c9tat. \u00c0 plus forte raison pour l\u2019Aubrac, seul train de voyageurs empruntant la ligne de bout en bout et qui est un Intercit\u00e9s m\u00eame s\u2019il a tout l\u2019air d\u2019un Train express r\u00e9gional (TER).<br \/>\n&nbsp;<br \/>\nCarole Delga et Laurent Wauquiez rappellent aussi que le fret n\u2019est pas davantage une comp\u00e9tence de leurs collectivit\u00e9s. Prochain dossier, le viaduc de Garabit Si le ministre a tent\u00e9 de jouer sur la confusion des comp\u00e9tences, selon l\u2019expression d\u2019un \u00e9lu, c\u2019est parce que les R\u00e9gions n\u2019ont pas toujours rechign\u00e9 \u00e0 investir sur le r\u00e9seau ferr\u00e9. En 2021, Auvergne-Rh\u00f4ne-Alpes a financ\u00e9 un tiers des travaux ayant permis la r\u00e9ouverture de la ligne (11,5 M\u20ac). Au cours de son premier mandat, Laurent Wauquiez a accept\u00e9 de participer \u00e0 deux plans de sauvetage du r\u00e9seau r\u00e9gional (111 M\u20ac une premi\u00e8re fois, puis 65 M\u20ac dans le cadre du plan de relance). En 2009, Ren\u00e9 Souchon, pr\u00e9sident PS de l\u2019Auvergne, avait aussi fait voter un plan rail de 213 millions d\u2019euros. Mais, d\u00e9j\u00e0, il aurait fallu le double.<br \/>\n&nbsp;<br \/>\nC\u2019est tout le probl\u00e8me du r\u00e9seau ferroviaire : en raison de reports r\u00e9currents de travaux, les devis ne cessent d\u2019augmenter. Les finances de l\u2019\u00c9tat ne permettant pas d\u2019y faire face, ce dernier se tourne vers les R\u00e9gions. D\u00e9sormais, elles disent ne plus pouvoir participer : \u00ab\u00a0Jusqu\u2019\u00e0 pr\u00e9sent, parce que la demande \u00e9tait stagnante, les R\u00e9gions pouvaient accompagner l\u2019\u00c9tat [\u2026]. Dans les dix ann\u00e9es \u00e0 venir, elles vont devoir se reconcentrer sur leurs comp\u00e9tences premi\u00e8res, le mat\u00e9riel et le service\u00a0\u00bb, disait Fr\u00e9d\u00e9ric Aguilera, vice-pr\u00e9sident d\u2019Auvergne-Rh\u00f4ne-Alpes en charge des transports, fin 2022.<br \/>\n&nbsp;<br \/>\nLa hausse de la fr\u00e9quentation des TER (+15 %) impose en effet d\u2019investir massivement sur le mat\u00e9riel roulant, comp\u00e9tence r\u00e9gionale. Le volet mobilit\u00e9 du Contrat de plan Etat-R\u00e9gion (CPER), devant \u00eatre valid\u00e9 cet automne, dira si les R\u00e9gions sont rest\u00e9es sur leur posture. Peuvent-elles risquer d\u2019endosser la fermeture de petites lignes? \u00ab\u00a0Nous ne pourrons plus financer les lignes ferroviaires\u00a0\u00bb, affirme le vice-pr\u00e9sident de la R\u00e9gion Auvergne-Rh\u00f4ne-Alpes.<br \/>\n&nbsp;<br \/>\nPour l\u2019Aubrac, les 41 millions d\u00e9bloqu\u00e9s par l\u2019\u00c9tat ne r\u00e9gleront pas la question dans la dur\u00e9e. D\u00e9j\u00e0, un nouveau sujet \u00e9pineux se profile : la r\u00e9novation du somptueux viaduc de Garabit. Con\u00e7u par Gustave Eiffel, il est comme sa c\u00e9l\u00e8bre tour, construit en fer puddl\u00e9. Un mat\u00e9riau n\u00e9cessitant d\u2019\u00eatre repeint r\u00e9guli\u00e8rement. La tour Eiffel l\u2019est tous les sept ans, mais Garabit n\u2019a pas vu une goutte de peinture au cours de ce si\u00e8cle. Des op\u00e9rations de ma\u00e7onnerie sont aussi n\u00e9cessaires. D\u2019autres ouvrages d\u2019art de la ligne attendent des travaux : selon une \u00e9tude cit\u00e9e par le ministre des Transports, ce sont 500 millions sur dix ans dont auraient besoin Aubrac et C\u00e9venol (train Clermont-N\u00eemes) dans les dix ans \u00e0 venir. L\u2019\u00c9tat est-il pr\u00eat \u00e0 mettre autant pour une ligne peu fr\u00e9quent\u00e9e, alors que les 100 milliards du Plan d\u2019avenir pour les transports, annonc\u00e9 par la Premi\u00e8re ministre, \u00c9lisabeth Borne, paraissent d\u00e9j\u00e0 insuffisants face aux d\u00e9fis \u00e0 relever, notamment le d\u00e9veloppement de RER m\u00e9tropolitains ?<br \/>\n&nbsp;<br \/>\nEn m\u00eame temps, la fermeture de la ligne para\u00eet peu probable. Elle jetterait des milliers de camions en plus sur l\u2019autoroute A75, donnerait le sentiment d\u2019un nouveau d\u00e9laissement d\u2019une zone rurale et irait \u00e0 l\u2019encontre du retour \u00e0 des voyages plus lents. Selon SNCF voyageurs, la fr\u00e9quentation des trains de nuits a augment\u00e9 de 10 % cet \u00e9t\u00e9 en France \u2013 un train de nuit pour Aurillac sera d\u2019ailleurs relanc\u00e9 en d\u00e9cembre. Des trains Ouigo circulent d\u00e9sormais entre Paris et Lyon, plus seulement des TGV. Sur l\u2019Aubrac, une hausse de la fr\u00e9quentation a m\u00eame \u00e9t\u00e9 ressentie cet \u00e9t\u00e9. \u00ab\u00a0C\u2019est aussi parce que, pour la premi\u00e8re fois depuis plusieurs ann\u00e9es, la ligne n\u2019a pas \u00e9t\u00e9 ferm\u00e9e pour rafistolage pendant l\u2019\u00e9t\u00e9 \u00bb, indique Antoine Levesque, vice-pr\u00e9sident des Amis du viaduc de Garabit. \u00ab\u00a0Cela montre qu\u2019il existe une demande et c\u2019est tr\u00e8s encourageant. S\u2019il y avait une offre cadenc\u00e9e, la fr\u00e9quentation augmenterait fortement, nous le disons depuis des ann\u00e9es. C\u2019est pour cela aussi que nous r\u00e9clamons la mise en place d\u2019une offre TER\u00a0\u00bb.<br \/>\n&nbsp;<br \/>\n<strong>L&rsquo;usine Arcelor Mittal meilleur alli\u00e9 de la ligne<br \/>\n<\/strong><\/p>\n<p>Chaque jour, un train transportant 700 tonnes de bobines d\u2019acier est d\u00e9charg\u00e9 sur le site loz\u00e9rien d&rsquo;Arcelor Mittal, employant 250 personnes. Ces bobines arrivent d\u2019une autre usine du groupe, install\u00e9e \u00e0 Fos-sur-Mer, le port de Marseille. Elles remontent la vall\u00e9e du Rh\u00f4ne, passent par Lyon et Clermont avant de repartir vers le sud. Les pentes trop fortes entre B\u00e9ziers et Saint-Ch\u00e9ly ne permettent pas de prendre le chemin le plus court. \u00ab Sans le rail, ce sont 10.000 camions chaque ann\u00e9e qui seraient jet\u00e9s sur les routes et traverseraient le centre de Saint-Ch\u00e9ly \u00bb, insiste Philippe Chapus. Ancien directeur du site loz\u00e9rien, il est aujourd\u2019hui en charge du projet \u00e9lectromobilit\u00e9 du groupe Arcelor Mittal pour le sud de la France. Un changement de poste qui ne l\u2019a pas contraint \u00e0 d\u00e9m\u00e9nager, car Saint-Ch\u00e9ly est le premier producteur europ\u00e9en d\u2019acier \u00e9lectrique. Cet alliage sp\u00e9cifique est utilis\u00e9 pour les trains \u00e0 grande vitesse, les \u00e9oliennes et les voitures \u00e9lectriques. En pleine transition \u00e9cologique, l&rsquo;avenir du site semble donc assur\u00e9, malgr\u00e9 son enclavement. Des dizaines de millions d\u2019euros ont d\u2019ailleurs \u00e9t\u00e9 investis lors des dix derni\u00e8res ann\u00e9es. La production d\u2019acier \u00e9lectrique \u00e9tant en plein d\u00e9veloppement (la demande devrait doubler en Europe d\u2019ici la fin de la d\u00e9cennie) ArcelorMittal est en train de construire une autre usine d\u00e9di\u00e9e \u00e0 l\u2019acier \u00e9lectrique, pr\u00e8s de son site de Dunkerque. Son ouverture est pr\u00e9vue en 2024. Si la quasi-totalit\u00e9 des approvisionnements de l\u2019usine arrivent par le rail, Arcelor Mittal est en train de mettre en place des exp\u00e9ditions par le m\u00eame moyen. \u00ab\u00a0Le d\u00e9veloppement de l\u2019\u00e9lectromobilit\u00e9 permet les exp\u00e9ditions par le rail, car l\u2019industrie automobile a besoin de flux constants, contrairement \u00e0 d\u2019autres activit\u00e9s\u00a0\u00bb, pr\u00e9cise Philippe Chapus. Les premiers essais avec des clients allemands donnent satisfaction, insiste-t-il. Philippe Chapus estime pouvoir arriver \u00e0 50 % d\u2019exp\u00e9ditions par le rail, ce qui en fait un argument de plus pour la d\u00e9fense de la ligne Clermont-B\u00e9ziers. \u00bb<br \/>\n&nbsp;<br \/>\n<em>Laurent Bernard<br \/>\n<\/em><br \/>\n)]<\/p>\n<p>&nbsp;<br \/>\nQuelques photos r\u00e9centes prises par le collectif <strong>Nous Voyageurs ! Massif central <\/strong> :<br \/>\n&nbsp;<br \/>\n<em>Croisement \u00e0 Saint Ch\u00e9ly de l&rsquo;Intercit\u00e9s et du TER St-Ch\u00e9ly d&rsquo;Apcher B\u00e9ziers. Les \u00ab\u00a0coils\u00a0\u00bb d&rsquo;Arcelor Mittal sont stock\u00e9s en gare en bas \u00e0 droite<br \/>\n<\/em><br \/>\n<img loading=\"lazy\" decoding=\"async\" class=\" aligncenter size-full wp-image-4603\" src=\"http:\/\/5.45.101.177\/haut-allier\/usagers-transportse\/wp-content\/uploads\/2023\/08\/vlcsnap-2023-08-29-14h04m12s888.jpg\" alt=\"vlcsnap-2023-08-29-14h04m12s888.jpg\" align=\"center\" width=\"1860\" height=\"998\" srcset=\"https:\/\/usagers-transports.haut-allier.eu\/wp-content\/uploads\/2023\/08\/vlcsnap-2023-08-29-14h04m12s888.jpg 1860w, https:\/\/usagers-transports.haut-allier.eu\/wp-content\/uploads\/2023\/08\/vlcsnap-2023-08-29-14h04m12s888-300x161.jpg 300w, https:\/\/usagers-transports.haut-allier.eu\/wp-content\/uploads\/2023\/08\/vlcsnap-2023-08-29-14h04m12s888-1024x549.jpg 1024w, https:\/\/usagers-transports.haut-allier.eu\/wp-content\/uploads\/2023\/08\/vlcsnap-2023-08-29-14h04m12s888-768x412.jpg 768w, https:\/\/usagers-transports.haut-allier.eu\/wp-content\/uploads\/2023\/08\/vlcsnap-2023-08-29-14h04m12s888-1536x824.jpg 1536w\" sizes=\"auto, (max-width: 1860px) 100vw, 1860px\" \/><br \/>\n<em>Un TER Occitanie sur le viaduc de Rimeize<br \/>\n<\/em><br \/>\n<img loading=\"lazy\" decoding=\"async\" class=\" aligncenter size-full wp-image-4604\" src=\"http:\/\/5.45.101.177\/haut-allier\/usagers-transportse\/wp-content\/uploads\/2023\/08\/vlcsnap-2023-08-29-14h03m38s489.jpg\" alt=\"vlcsnap-2023-08-29-14h03m38s489.jpg\" align=\"center\" width=\"1920\" height=\"1008\" srcset=\"https:\/\/usagers-transports.haut-allier.eu\/wp-content\/uploads\/2023\/08\/vlcsnap-2023-08-29-14h03m38s489.jpg 1920w, https:\/\/usagers-transports.haut-allier.eu\/wp-content\/uploads\/2023\/08\/vlcsnap-2023-08-29-14h03m38s489-300x158.jpg 300w, https:\/\/usagers-transports.haut-allier.eu\/wp-content\/uploads\/2023\/08\/vlcsnap-2023-08-29-14h03m38s489-1024x538.jpg 1024w, https:\/\/usagers-transports.haut-allier.eu\/wp-content\/uploads\/2023\/08\/vlcsnap-2023-08-29-14h03m38s489-768x403.jpg 768w, https:\/\/usagers-transports.haut-allier.eu\/wp-content\/uploads\/2023\/08\/vlcsnap-2023-08-29-14h03m38s489-1536x806.jpg 1536w\" sizes=\"auto, (max-width: 1920px) 100vw, 1920px\" \/><br \/>\n<em>L&rsquo;Intercit\u00e9s quotidien sur le viaduc de Garabit<br \/>\n<\/em><br \/>\n<img loading=\"lazy\" decoding=\"async\" class=\" aligncenter size-full wp-image-4605\" src=\"http:\/\/5.45.101.177\/haut-allier\/usagers-transportse\/wp-content\/uploads\/2023\/08\/vlcsnap-2023-08-29-14h07m18s584-scaled.jpg\" alt=\"vlcsnap-2023-08-29-14h07m18s584.jpg\" align=\"center\" width=\"2560\" height=\"1350\" srcset=\"https:\/\/usagers-transports.haut-allier.eu\/wp-content\/uploads\/2023\/08\/vlcsnap-2023-08-29-14h07m18s584-scaled.jpg 2560w, https:\/\/usagers-transports.haut-allier.eu\/wp-content\/uploads\/2023\/08\/vlcsnap-2023-08-29-14h07m18s584-300x158.jpg 300w, https:\/\/usagers-transports.haut-allier.eu\/wp-content\/uploads\/2023\/08\/vlcsnap-2023-08-29-14h07m18s584-1024x540.jpg 1024w, https:\/\/usagers-transports.haut-allier.eu\/wp-content\/uploads\/2023\/08\/vlcsnap-2023-08-29-14h07m18s584-768x405.jpg 768w, https:\/\/usagers-transports.haut-allier.eu\/wp-content\/uploads\/2023\/08\/vlcsnap-2023-08-29-14h07m18s584-1536x810.jpg 1536w, https:\/\/usagers-transports.haut-allier.eu\/wp-content\/uploads\/2023\/08\/vlcsnap-2023-08-29-14h07m18s584-2048x1080.jpg 2048w\" sizes=\"auto, (max-width: 2560px) 100vw, 2560px\" \/><br \/>\n&nbsp;<br \/>\n<strong>Dans la presse :<br \/>\n<\/strong><br \/>\n&nbsp;<br \/>\n&#8211; Zoom d&rsquo;ici du 29\/08\/2023 :<a href=\"https:\/\/www.zoomdici.fr\/actualite\/apres-le-refus-de-la-region-letat-finance-la-ligne-clermont-beziers\"> <em>Apr\u00e8s le refus de la R\u00e9gion, l&rsquo;\u00c9tat finance la ligne Clermont-B\u00e9ziers<\/em><\/a><br \/>\n&nbsp;<br \/>\n<img loading=\"lazy\" decoding=\"async\" class=\" aligncenter size-full wp-image-4606\" src=\"http:\/\/5.45.101.177\/haut-allier\/usagers-transportse\/wp-content\/uploads\/2023\/08\/apres-le-refus-de-la-region-l-etat-finance-la-ligne-clermont-beziers-scaled.jpg\" alt=\"apres-le-refus-de-la-region-l-etat-finance-la-ligne-clermont-beziers.jpg\" align=\"center\" width=\"915\" height=\"2560\" srcset=\"https:\/\/usagers-transports.haut-allier.eu\/wp-content\/uploads\/2023\/08\/apres-le-refus-de-la-region-l-etat-finance-la-ligne-clermont-beziers-scaled.jpg 915w, https:\/\/usagers-transports.haut-allier.eu\/wp-content\/uploads\/2023\/08\/apres-le-refus-de-la-region-l-etat-finance-la-ligne-clermont-beziers-107x300.jpg 107w, https:\/\/usagers-transports.haut-allier.eu\/wp-content\/uploads\/2023\/08\/apres-le-refus-de-la-region-l-etat-finance-la-ligne-clermont-beziers-366x1024.jpg 366w, https:\/\/usagers-transports.haut-allier.eu\/wp-content\/uploads\/2023\/08\/apres-le-refus-de-la-region-l-etat-finance-la-ligne-clermont-beziers-768x2148.jpg 768w, https:\/\/usagers-transports.haut-allier.eu\/wp-content\/uploads\/2023\/08\/apres-le-refus-de-la-region-l-etat-finance-la-ligne-clermont-beziers-549x1536.jpg 549w, https:\/\/usagers-transports.haut-allier.eu\/wp-content\/uploads\/2023\/08\/apres-le-refus-de-la-region-l-etat-finance-la-ligne-clermont-beziers-732x2048.jpg 732w\" sizes=\"auto, (max-width: 915px) 100vw, 915px\" \/><br \/>\n&nbsp;<\/p>\n","protected":false},"excerpt":{"rendered":"<p>Promesses aux Vice-pr\u00e9sidents charg\u00e9s de la mobilit\u00e9 dans les r\u00e9gions Occitanie et AuRA tenues serait-on tent\u00e9 de dire<\/p>\n","protected":false},"author":1,"featured_media":4601,"comment_status":"open","ping_status":"open","sticky":false,"template":"","format":"standard","meta":{"footnotes":""},"categories":[2],"tags":[],"class_list":["post-1019","post","type-post","status-publish","format-standard","has-post-thumbnail","hentry","category-infos"],"_links":{"self":[{"href":"https:\/\/usagers-transports.haut-allier.eu\/index.php\/wp-json\/wp\/v2\/posts\/1019","targetHints":{"allow":["GET"]}}],"collection":[{"href":"https:\/\/usagers-transports.haut-allier.eu\/index.php\/wp-json\/wp\/v2\/posts"}],"about":[{"href":"https:\/\/usagers-transports.haut-allier.eu\/index.php\/wp-json\/wp\/v2\/types\/post"}],"author":[{"embeddable":true,"href":"https:\/\/usagers-transports.haut-allier.eu\/index.php\/wp-json\/wp\/v2\/users\/1"}],"replies":[{"embeddable":true,"href":"https:\/\/usagers-transports.haut-allier.eu\/index.php\/wp-json\/wp\/v2\/comments?post=1019"}],"version-history":[{"count":0,"href":"https:\/\/usagers-transports.haut-allier.eu\/index.php\/wp-json\/wp\/v2\/posts\/1019\/revisions"}],"wp:featuredmedia":[{"embeddable":true,"href":"https:\/\/usagers-transports.haut-allier.eu\/index.php\/wp-json\/wp\/v2\/media\/4601"}],"wp:attachment":[{"href":"https:\/\/usagers-transports.haut-allier.eu\/index.php\/wp-json\/wp\/v2\/media?parent=1019"}],"wp:term":[{"taxonomy":"category","embeddable":true,"href":"https:\/\/usagers-transports.haut-allier.eu\/index.php\/wp-json\/wp\/v2\/categories?post=1019"},{"taxonomy":"post_tag","embeddable":true,"href":"https:\/\/usagers-transports.haut-allier.eu\/index.php\/wp-json\/wp\/v2\/tags?post=1019"}],"curies":[{"name":"wp","href":"https:\/\/api.w.org\/{rel}","templated":true}]}}