{"id":102,"date":"2013-12-28T15:50:11","date_gmt":"2013-12-28T14:50:11","guid":{"rendered":"http:\/\/5.45.101.177\/haut-allier\/usagers-transportse\/index.php\/2013\/12\/28\/exclusif-lozere-la-gare-sncf-de102\/"},"modified":"2013-12-28T15:50:11","modified_gmt":"2013-12-28T14:50:11","slug":"exclusif-lozere-la-gare-sncf-de102","status":"publish","type":"post","link":"https:\/\/usagers-transports.haut-allier.eu\/index.php\/2013\/12\/28\/exclusif-lozere-la-gare-sncf-de102\/","title":{"rendered":"Exclusif Loz\u00e8re : la gare SNCF de Mende est devenue un arr\u00eat de bus"},"content":{"rendered":"<p>Un petit tour de curiosit\u00e9 \u00e0 la gare SNCF de Mende (48) ce samedi 28 d\u00e9cembre 2013 juste 5 minutes avant midi pour v\u00e9rifier si oui ou non les quelques trains conserv\u00e9s le week-end par la r\u00e9gion Languedoc Roussillon et la SNCF \u00e9taient bien pr\u00e9vus. De plus aujourd&rsquo;hui est un jour de \u00ab\u00a0non gr\u00eave\u00a0\u00bb. Nous avons donc de la chance.<\/p>\n<p><img loading=\"lazy\" decoding=\"async\" class=\" aligncenter size-full wp-image-1538\" src=\"http:\/\/5.45.101.177\/haut-allier\/usagers-transportse\/wp-content\/uploads\/2013\/12\/mende-gare-28dec2013-12h00-2.jpg\" alt=\"mende-gare-28dec2013-12h00-2.jpg\" align=\"center\" width=\"800\" height=\"298\" srcset=\"https:\/\/usagers-transports.haut-allier.eu\/wp-content\/uploads\/2013\/12\/mende-gare-28dec2013-12h00-2.jpg 800w, https:\/\/usagers-transports.haut-allier.eu\/wp-content\/uploads\/2013\/12\/mende-gare-28dec2013-12h00-2-300x112.jpg 300w, https:\/\/usagers-transports.haut-allier.eu\/wp-content\/uploads\/2013\/12\/mende-gare-28dec2013-12h00-2-768x286.jpg 768w\" sizes=\"auto, (max-width: 800px) 100vw, 800px\" \/><\/p>\n<p>Nous arrivons sur place et remarquons un immense panneau rouge et jaune de la r\u00e9gion couvrant une grande partie du mur&#8230; Feu Georges Fr\u00eache et sa sulfureuse agence de com Sens In\u00e9dit avaient bien fait les choses : la pub et l&rsquo;autocongratulation avant tout, c&rsquo;est essentiel. A tel point que nous doutons de l&rsquo;endroit. Est-ce bien la gare ? Ah \u00e7a y est un minuscule panneau indique \u00ab\u00a0SNCF\u00a0\u00bb au dessus d&rsquo;une entr\u00e9e. C&rsquo;est donc l\u00e0.<\/p>\n<p><img loading=\"lazy\" decoding=\"async\" class=\" aligncenter size-full wp-image-1539\" src=\"http:\/\/5.45.101.177\/haut-allier\/usagers-transportse\/wp-content\/uploads\/2013\/12\/mende-gare-28dec2013-12h00-3.jpg\" alt=\"mende-gare-28dec2013-12h00-3.jpg\" align=\"center\" width=\"800\" height=\"440\" srcset=\"https:\/\/usagers-transports.haut-allier.eu\/wp-content\/uploads\/2013\/12\/mende-gare-28dec2013-12h00-3.jpg 800w, https:\/\/usagers-transports.haut-allier.eu\/wp-content\/uploads\/2013\/12\/mende-gare-28dec2013-12h00-3-300x165.jpg 300w, https:\/\/usagers-transports.haut-allier.eu\/wp-content\/uploads\/2013\/12\/mende-gare-28dec2013-12h00-3-768x422.jpg 768w\" sizes=\"auto, (max-width: 800px) 100vw, 800px\" \/><\/p>\n<p>Et bien nous pouvons l&rsquo;affirmer maintenant en regardant rapidement les panneaux d&rsquo;arriv\u00e9e et d\u00e9part \u00ab\u00a0des trains\u00a0\u00bb, avant que le tenancier des lieux jettent litt\u00e9ralement les quatre usagers dont moi dehors sous la pluie, l&rsquo;accueil l\u00e9gendaire de la SNCF sans doute, avant de fermer \u00e0 double tour : <strong>la principale gare SNCF de Loz\u00e8re est devenue&#8230; un arr\u00eat d&rsquo;autobus !<\/strong><br \/>\n&nbsp;<br \/>\nSur 5 trajets 4 sont chaque fois assur\u00e9s par des CARS. Et nous ne sommes pas venus en semaine car l\u00e0 <a href=\"http:\/\/usagers-transports.haut-allier.eu\/spip.php?article77\">les trains n&rsquo;existent pratiquement plus<\/a>. Toujours est-il que cette r\u00e9gion Languedoc Roussillon conjointement \u00e0 la SNCF et RFF aura oeuvr\u00e9 tr\u00e8s efficacement et dans un silence m\u00e9diatique impressionnant pour la disparition du train en Loz\u00e8re. Les usagers qui ne peuvent pas prendre leurs voitures iront grossir N\u00eemes et Montpellier.<br \/>\n&nbsp;<br \/>\n<strong>Vive le nouvel exode des campagnes ! Merci Monsieur Bourquin ! Merci aussi \u00e0 l&rsquo;invisible charg\u00e9 des transports \u00e0 la r\u00e9gion, le divin Robert Navarro.<\/strong><\/p>\n","protected":false},"excerpt":{"rendered":"<p>Un petit tour de curiosit\u00e9 \u00e0 la gare SNCF de Mende (48) ce samedi 28 d\u00e9cembre 2013 juste<\/p>\n","protected":false},"author":1,"featured_media":1537,"comment_status":"closed","ping_status":"open","sticky":false,"template":"","format":"standard","meta":{"footnotes":""},"categories":[2],"tags":[],"class_list":["post-102","post","type-post","status-publish","format-standard","has-post-thumbnail","hentry","category-infos"],"_links":{"self":[{"href":"https:\/\/usagers-transports.haut-allier.eu\/index.php\/wp-json\/wp\/v2\/posts\/102","targetHints":{"allow":["GET"]}}],"collection":[{"href":"https:\/\/usagers-transports.haut-allier.eu\/index.php\/wp-json\/wp\/v2\/posts"}],"about":[{"href":"https:\/\/usagers-transports.haut-allier.eu\/index.php\/wp-json\/wp\/v2\/types\/post"}],"author":[{"embeddable":true,"href":"https:\/\/usagers-transports.haut-allier.eu\/index.php\/wp-json\/wp\/v2\/users\/1"}],"replies":[{"embeddable":true,"href":"https:\/\/usagers-transports.haut-allier.eu\/index.php\/wp-json\/wp\/v2\/comments?post=102"}],"version-history":[{"count":0,"href":"https:\/\/usagers-transports.haut-allier.eu\/index.php\/wp-json\/wp\/v2\/posts\/102\/revisions"}],"wp:featuredmedia":[{"embeddable":true,"href":"https:\/\/usagers-transports.haut-allier.eu\/index.php\/wp-json\/wp\/v2\/media\/1537"}],"wp:attachment":[{"href":"https:\/\/usagers-transports.haut-allier.eu\/index.php\/wp-json\/wp\/v2\/media?parent=102"}],"wp:term":[{"taxonomy":"category","embeddable":true,"href":"https:\/\/usagers-transports.haut-allier.eu\/index.php\/wp-json\/wp\/v2\/categories?post=102"},{"taxonomy":"post_tag","embeddable":true,"href":"https:\/\/usagers-transports.haut-allier.eu\/index.php\/wp-json\/wp\/v2\/tags?post=102"}],"curies":[{"name":"wp","href":"https:\/\/api.w.org\/{rel}","templated":true}]}}