{"id":1022,"date":"2023-09-10T15:12:12","date_gmt":"2023-09-10T13:12:12","guid":{"rendered":"http:\/\/5.45.101.177\/haut-allier\/usagers-transportse\/index.php\/2023\/09\/10\/trains-de-nuit-sncf-intercites-ne1022\/"},"modified":"2023-09-10T15:12:12","modified_gmt":"2023-09-10T13:12:12","slug":"trains-de-nuit-sncf-intercites-ne1022","status":"publish","type":"post","link":"https:\/\/usagers-transports.haut-allier.eu\/index.php\/2023\/09\/10\/trains-de-nuit-sncf-intercites-ne1022\/","title":{"rendered":"Trains de nuit : SNCF Intercit\u00e9s ne fera pas plus que ce que lui commande l&rsquo;\u00e9tat"},"content":{"rendered":"<p>Lors de l&rsquo;assembl\u00e9e g\u00e9n\u00e9rale de l&rsquo;association Destination Trains de nuit qui s&rsquo;est tenue \u00e0 l&rsquo;Argenti\u00e8re la Bess\u00e9e (Hautes Alpes) ce 8 septembre \u00e9taient notamment invit\u00e9s les responsables des trains de nuits \u00e0 SNCF Intercit\u00e9s pour r\u00e9pondre en direct aux questions des pr\u00e9sents.<br \/>\n&nbsp;<br \/>\n<img loading=\"lazy\" decoding=\"async\" class=\" aligncenter size-full wp-image-4609\" src=\"http:\/\/5.45.101.177\/haut-allier\/usagers-transportse\/wp-content\/uploads\/2023\/09\/1500-img_20230908_105017.jpg\" alt=\"1500-img_20230908_105017.jpg\" align=\"center\" width=\"1500\" height=\"964\" srcset=\"https:\/\/usagers-transports.haut-allier.eu\/wp-content\/uploads\/2023\/09\/1500-img_20230908_105017.jpg 1500w, https:\/\/usagers-transports.haut-allier.eu\/wp-content\/uploads\/2023\/09\/1500-img_20230908_105017-300x193.jpg 300w, https:\/\/usagers-transports.haut-allier.eu\/wp-content\/uploads\/2023\/09\/1500-img_20230908_105017-1024x658.jpg 1024w, https:\/\/usagers-transports.haut-allier.eu\/wp-content\/uploads\/2023\/09\/1500-img_20230908_105017-768x494.jpg 768w\" sizes=\"auto, (max-width: 1500px) 100vw, 1500px\" \/><br \/>\n&nbsp;<br \/>\nUn int\u00e9ressant et franc \u00e9change de 45 minutes et des r\u00e9ponses qui ont pourtant dans l&rsquo;ensemble esquiv\u00e9 les probl\u00e9matiques pos\u00e9es : les retards tr\u00e8s fr\u00e9quents, les suppressions de trains, les non dessertes de villes qui pourraient l&rsquo;\u00eatre au d\u00e9part et dans la zone d&rsquo;arriv\u00e9e, l&#8217;emport tr\u00e8s insuffisant de 4 v\u00e9los actuellement et 6 dans le futur, le prix des places vides de derni\u00e8re minute qui pourrait baisser afin d&rsquo;inciter&#8230; etc.<br \/>\n&nbsp;<br \/>\nNos interlocuteurs Julien Vanderpotte et Olivier Metge r\u00e9v\u00e8lent \u00ab\u00a0qu&rsquo;ils ne peuvent pas faire mieux, qu&rsquo;ils sont contraints par les diff\u00e9rents travaux de SNCF R\u00e9seau, qu&rsquo;ils r\u00e9pondent strictement \u00e0 la demande de l&rsquo;\u00e9tat, que les voitures couchettes disponibles en France sont toutes utilis\u00e9es, que le syst\u00e8me de billetterie SNCF Resarail est fig\u00e9, et aussi qu&rsquo;ils sont limit\u00e9s par le budget attribu\u00e9 par le minist\u00e8re de l&rsquo;\u00e9conomie (Bercy)\u00a0\u00bb.<br \/>\n&nbsp;<br \/>\nEt donc ils avouent indirectement que :<br \/>\n&#8211; le gouvernement n&rsquo;a aucune volont\u00e9 r\u00e9elle de d\u00e9velopper les trains de nuit face \u00e0 la demande de la population, malgr\u00e9 les campagnes de communication,<br \/>\n&#8211; la SNCF ne se substituera pas au gouvernement et ne fera pas de z\u00e8le,<br \/>\n&#8211; le gouvernement n&rsquo;a pas du tout anticip\u00e9 la demande et n&rsquo;a TOUJOURS PAS command\u00e9 le nombre de voitures couchettes suffisant juste pour ses pr\u00e9visions d&rsquo;ouverture.<br \/>\n&nbsp;<br \/>\n&#8230;Alors imaginons o\u00f9 en sont les projets d&rsquo;ouverture de lignes transversales souhait\u00e9s par tous ou les lignes desservant le Massif central ou la Bretagne ! C&rsquo;est simple, ce n&rsquo;est ni planifi\u00e9 ni envisag\u00e9.<br \/>\n&nbsp;<br \/>\nSi vous \u00eates int\u00e9ress\u00e9s par plus de d\u00e9tail vous pourrez consulter bient\u00f4t le compte-rendu officiel de l&rsquo;AG sur le site de <a href=\"http:\/\/destinationtrainsdenuit.eu\"><em>Destination Trains de nuit<\/em><\/a>.<br \/>\n&nbsp;<br \/>\nL&rsquo;association avait \u00e9galement invit\u00e9 Jo\u00ebl Giraud, d\u00e9put\u00e9 des Hautes-Alpes et ancien maire de l&rsquo;Argenti\u00e8re, dont le passage au gouvernement fut marqu\u00e9 par des actions en faveur du train de nuit Paris Brian\u00e7on. Il nous redit que rien n&rsquo;est acquis au vu des dysfonctionnements r\u00e9currents actuels.<br \/>\n&nbsp;<br \/>\n<img loading=\"lazy\" decoding=\"async\" class=\" aligncenter size-full wp-image-4610\" src=\"http:\/\/5.45.101.177\/haut-allier\/usagers-transportse\/wp-content\/uploads\/2023\/09\/1500-img_20230908_100422_446.jpg\" alt=\"1500-img_20230908_100422_446.jpg\" align=\"center\" width=\"1500\" height=\"866\" srcset=\"https:\/\/usagers-transports.haut-allier.eu\/wp-content\/uploads\/2023\/09\/1500-img_20230908_100422_446.jpg 1500w, https:\/\/usagers-transports.haut-allier.eu\/wp-content\/uploads\/2023\/09\/1500-img_20230908_100422_446-300x173.jpg 300w, https:\/\/usagers-transports.haut-allier.eu\/wp-content\/uploads\/2023\/09\/1500-img_20230908_100422_446-1024x591.jpg 1024w, https:\/\/usagers-transports.haut-allier.eu\/wp-content\/uploads\/2023\/09\/1500-img_20230908_100422_446-768x443.jpg 768w\" sizes=\"auto, (max-width: 1500px) 100vw, 1500px\" \/><br \/>\n&nbsp;<br \/>\n<em>Le passage du train de nuit Paris Brian\u00e7on, \u00e0 l&rsquo;heure, \u00e0 L&rsquo;Argenti\u00e8re ce vendredi 8 septembre<\/em><br \/>\n<img loading=\"lazy\" decoding=\"async\" class=\" aligncenter size-full wp-image-4611\" src=\"http:\/\/5.45.101.177\/haut-allier\/usagers-transportse\/wp-content\/uploads\/2023\/09\/vlcsnap-2023-09-10-15h26m03s885.jpg\" alt=\"vlcsnap-2023-09-10-15h26m03s885.jpg\" align=\"center\" width=\"1200\" height=\"675\" srcset=\"https:\/\/usagers-transports.haut-allier.eu\/wp-content\/uploads\/2023\/09\/vlcsnap-2023-09-10-15h26m03s885.jpg 1200w, https:\/\/usagers-transports.haut-allier.eu\/wp-content\/uploads\/2023\/09\/vlcsnap-2023-09-10-15h26m03s885-300x169.jpg 300w, https:\/\/usagers-transports.haut-allier.eu\/wp-content\/uploads\/2023\/09\/vlcsnap-2023-09-10-15h26m03s885-1024x576.jpg 1024w, https:\/\/usagers-transports.haut-allier.eu\/wp-content\/uploads\/2023\/09\/vlcsnap-2023-09-10-15h26m03s885-768x432.jpg 768w\" sizes=\"auto, (max-width: 1200px) 100vw, 1200px\" \/><br \/>\n&nbsp;<br \/>\nDTN a \u00e9t\u00e9 cr\u00e9\u00e9e pour prendre la suite de l&rsquo;association <em>&lsquo;Objectif train de nuit&rsquo;<\/em>, dissoute le 28 ao\u00fbt 2022. Elle fait partie du <a href=\"https:\/\/reseauentrain.eu\"><strong> <em>R\u00e9seau #enTrain<\/em> <\/strong><\/a> et prend r\u00e9guli\u00e8rement position de mani\u00e8re technique, objective et argument\u00e9e sur la n\u00e9cessit\u00e9 de d\u00e9velopper les trains de nuit dans toute l\u2019Europe.<br \/>\n&nbsp;<br \/>\n<em>La s\u00e9ance \u00e0 l&rsquo;Argenti\u00e8re<\/em><br \/>\n<img loading=\"lazy\" decoding=\"async\" class=\" aligncenter size-full wp-image-4612\" src=\"http:\/\/5.45.101.177\/haut-allier\/usagers-transportse\/wp-content\/uploads\/2023\/09\/1500-img_20230908_094637_244.jpg\" alt=\"1500-img_20230908_094637_244.jpg\" align=\"center\" width=\"1500\" height=\"860\" srcset=\"https:\/\/usagers-transports.haut-allier.eu\/wp-content\/uploads\/2023\/09\/1500-img_20230908_094637_244.jpg 1500w, https:\/\/usagers-transports.haut-allier.eu\/wp-content\/uploads\/2023\/09\/1500-img_20230908_094637_244-300x172.jpg 300w, https:\/\/usagers-transports.haut-allier.eu\/wp-content\/uploads\/2023\/09\/1500-img_20230908_094637_244-1024x587.jpg 1024w, https:\/\/usagers-transports.haut-allier.eu\/wp-content\/uploads\/2023\/09\/1500-img_20230908_094637_244-768x440.jpg 768w\" sizes=\"auto, (max-width: 1500px) 100vw, 1500px\" \/><br \/>\n&nbsp;<br \/>\n<em>Quelques photos<\/em><br \/>\n<em>Les Ecrins<\/em><br \/>\n<img loading=\"lazy\" decoding=\"async\" class=\" aligncenter size-full wp-image-4613\" src=\"http:\/\/5.45.101.177\/haut-allier\/usagers-transportse\/wp-content\/uploads\/2023\/09\/1500-img_20230908_090824_776.jpg\" alt=\"1500-img_20230908_090824_776.jpg\" align=\"center\" width=\"1500\" height=\"843\" srcset=\"https:\/\/usagers-transports.haut-allier.eu\/wp-content\/uploads\/2023\/09\/1500-img_20230908_090824_776.jpg 1500w, https:\/\/usagers-transports.haut-allier.eu\/wp-content\/uploads\/2023\/09\/1500-img_20230908_090824_776-300x169.jpg 300w, https:\/\/usagers-transports.haut-allier.eu\/wp-content\/uploads\/2023\/09\/1500-img_20230908_090824_776-1024x575.jpg 1024w, https:\/\/usagers-transports.haut-allier.eu\/wp-content\/uploads\/2023\/09\/1500-img_20230908_090824_776-768x432.jpg 768w\" sizes=\"auto, (max-width: 1500px) 100vw, 1500px\" \/><br \/>\n<em>La gare et \u00ab\u00a0l&rsquo;horloge\u00a0\u00bb qui la domine<\/em><br \/>\n<img loading=\"lazy\" decoding=\"async\" class=\" aligncenter size-full wp-image-4614\" src=\"http:\/\/5.45.101.177\/haut-allier\/usagers-transportse\/wp-content\/uploads\/2023\/09\/1500-img_20230908_083848_309.jpg\" alt=\"1500-img_20230908_083848_309.jpg\" align=\"center\" width=\"1500\" height=\"843\" srcset=\"https:\/\/usagers-transports.haut-allier.eu\/wp-content\/uploads\/2023\/09\/1500-img_20230908_083848_309.jpg 1500w, https:\/\/usagers-transports.haut-allier.eu\/wp-content\/uploads\/2023\/09\/1500-img_20230908_083848_309-300x169.jpg 300w, https:\/\/usagers-transports.haut-allier.eu\/wp-content\/uploads\/2023\/09\/1500-img_20230908_083848_309-1024x575.jpg 1024w, https:\/\/usagers-transports.haut-allier.eu\/wp-content\/uploads\/2023\/09\/1500-img_20230908_083848_309-768x432.jpg 768w\" sizes=\"auto, (max-width: 1500px) 100vw, 1500px\" \/><br \/>\n&nbsp;<br \/>\n<em>La conf\u00e9rence de presse \u00e0 la gare<\/em><br \/>\n<img loading=\"lazy\" decoding=\"async\" class=\" aligncenter size-full wp-image-4615\" src=\"http:\/\/5.45.101.177\/haut-allier\/usagers-transportse\/wp-content\/uploads\/2023\/09\/1500-img_20230908_121704_713.jpg\" alt=\"1500-img_20230908_121704_713.jpg\" align=\"center\" width=\"1500\" height=\"843\" srcset=\"https:\/\/usagers-transports.haut-allier.eu\/wp-content\/uploads\/2023\/09\/1500-img_20230908_121704_713.jpg 1500w, https:\/\/usagers-transports.haut-allier.eu\/wp-content\/uploads\/2023\/09\/1500-img_20230908_121704_713-300x169.jpg 300w, https:\/\/usagers-transports.haut-allier.eu\/wp-content\/uploads\/2023\/09\/1500-img_20230908_121704_713-1024x575.jpg 1024w, https:\/\/usagers-transports.haut-allier.eu\/wp-content\/uploads\/2023\/09\/1500-img_20230908_121704_713-768x432.jpg 768w\" sizes=\"auto, (max-width: 1500px) 100vw, 1500px\" \/><br \/>\n&nbsp;<br \/>\n<strong>Les m\u00e9dias :<\/strong><\/p>\n<p>&#8211; Dans le Dauphin\u00e9 Lib\u00e9r\u00e9 : <a href=\"https:\/\/www.ledauphine.com\/transport\/2023\/09\/08\/le-train-de-nuit-paris-briancon-au-coeur-des-preoccupations\"><em>Le train de nuit Paris-Brian\u00e7on au c\u0153ur des pr\u00e9occupations<\/em><\/a><br \/>\n&#8211; Sur BFM Alpes du Sud : <a href=\"https:\/\/www.bfmtv.com\/bfm-dici\/replay-emissions\/bonsoir-dici-alpes-du-sud\/hautes-alpes-ils-se-battent-pour-sauvegarder-le-train-de-nuit_VN-202309080645.html\"><em>Hautes-Alpes: ils se battent pour sauvegarder le train de nuit<\/em><\/a><br \/>\n<a href=\"https:\/\/www.bfmtv.com\/bfm-dici\/replay-emissions\/bonsoir-dici-alpes-du-sud\/hautes-alpes-ils-se-battent-pour-sauvegarder-le-train-de-nuit_VN-202309080645.html\"><img loading=\"lazy\" decoding=\"async\" class=\" aligncenter size-full wp-image-4616\" src=\"http:\/\/5.45.101.177\/haut-allier\/usagers-transportse\/wp-content\/uploads\/2023\/09\/hautes-alpes-ils-se-battent-pour-sauvegarder-le-train-de-nuit.png\" alt=\"hautes-alpes-ils-se-battent-pour-sauvegarder-le-train-de-nuit.png\" align=\"center\" width=\"788\" height=\"444\" srcset=\"https:\/\/usagers-transports.haut-allier.eu\/wp-content\/uploads\/2023\/09\/hautes-alpes-ils-se-battent-pour-sauvegarder-le-train-de-nuit.png 788w, https:\/\/usagers-transports.haut-allier.eu\/wp-content\/uploads\/2023\/09\/hautes-alpes-ils-se-battent-pour-sauvegarder-le-train-de-nuit-300x169.png 300w, https:\/\/usagers-transports.haut-allier.eu\/wp-content\/uploads\/2023\/09\/hautes-alpes-ils-se-battent-pour-sauvegarder-le-train-de-nuit-768x433.png 768w\" sizes=\"auto, (max-width: 788px) 100vw, 788px\" \/><\/a><\/p>\n","protected":false},"excerpt":{"rendered":"<p>Lors de l&rsquo;assembl\u00e9e g\u00e9n\u00e9rale de l&rsquo;association Destination Trains de nuit qui s&rsquo;est tenue \u00e0 l&rsquo;Argenti\u00e8re la Bess\u00e9e (Hautes<\/p>\n","protected":false},"author":1,"featured_media":4608,"comment_status":"open","ping_status":"open","sticky":false,"template":"","format":"standard","meta":{"footnotes":""},"categories":[2],"tags":[],"class_list":["post-1022","post","type-post","status-publish","format-standard","has-post-thumbnail","hentry","category-infos"],"_links":{"self":[{"href":"https:\/\/usagers-transports.haut-allier.eu\/index.php\/wp-json\/wp\/v2\/posts\/1022","targetHints":{"allow":["GET"]}}],"collection":[{"href":"https:\/\/usagers-transports.haut-allier.eu\/index.php\/wp-json\/wp\/v2\/posts"}],"about":[{"href":"https:\/\/usagers-transports.haut-allier.eu\/index.php\/wp-json\/wp\/v2\/types\/post"}],"author":[{"embeddable":true,"href":"https:\/\/usagers-transports.haut-allier.eu\/index.php\/wp-json\/wp\/v2\/users\/1"}],"replies":[{"embeddable":true,"href":"https:\/\/usagers-transports.haut-allier.eu\/index.php\/wp-json\/wp\/v2\/comments?post=1022"}],"version-history":[{"count":0,"href":"https:\/\/usagers-transports.haut-allier.eu\/index.php\/wp-json\/wp\/v2\/posts\/1022\/revisions"}],"wp:featuredmedia":[{"embeddable":true,"href":"https:\/\/usagers-transports.haut-allier.eu\/index.php\/wp-json\/wp\/v2\/media\/4608"}],"wp:attachment":[{"href":"https:\/\/usagers-transports.haut-allier.eu\/index.php\/wp-json\/wp\/v2\/media?parent=1022"}],"wp:term":[{"taxonomy":"category","embeddable":true,"href":"https:\/\/usagers-transports.haut-allier.eu\/index.php\/wp-json\/wp\/v2\/categories?post=1022"},{"taxonomy":"post_tag","embeddable":true,"href":"https:\/\/usagers-transports.haut-allier.eu\/index.php\/wp-json\/wp\/v2\/tags?post=1022"}],"curies":[{"name":"wp","href":"https:\/\/api.w.org\/{rel}","templated":true}]}}