{"id":1023,"date":"2023-09-12T06:00:00","date_gmt":"2023-09-12T04:00:00","guid":{"rendered":"http:\/\/5.45.101.177\/haut-allier\/usagers-transportse\/index.php\/2023\/09\/12\/ligne-clermont-la-bourboule-le1023\/"},"modified":"2023-09-12T06:00:00","modified_gmt":"2023-09-12T04:00:00","slug":"ligne-clermont-la-bourboule-le1023","status":"publish","type":"post","link":"https:\/\/usagers-transports.haut-allier.eu\/index.php\/2023\/09\/12\/ligne-clermont-la-bourboule-le1023\/","title":{"rendered":"Ligne Clermont La Bourboule Le Mont-Dore : un train organis\u00e9 par RTV le 21 octobre"},"content":{"rendered":"<p>L&rsquo;association cr\u00e9\u00e9e tout r\u00e9cemment pour pousser au retour du train des volcans supprim\u00e9 en 2015 (ici aussi) entre Le Mont-Dore et Clermont-Ferrand bouge :<br \/>\n&nbsp;<br \/>\n&#8211; Un nouveau site web tr\u00e8s bien agenc\u00e9 <a href=\"https:\/\/www.traindesvolcans.fr\/\"><em>ici<\/em><\/a><br \/>\n&nbsp;<br \/>\n&#8211; L&rsquo;association vous invite aussi sur son site \u00e0 raconter vos r\u00eaves de train, c&rsquo;est in\u00e9dit :<br \/>\n<a href=\"https:\/\/www.traindesvolcans.fr\/%C3%A9v%C3%A8nements\/adopte-un-nouveau-train-de-vie\"><img loading=\"lazy\" decoding=\"async\" class=\" aligncenter size-full wp-image-4618\" src=\"http:\/\/5.45.101.177\/haut-allier\/usagers-transportse\/wp-content\/uploads\/2023\/09\/retour-du-train-des-volcans-adopte-un-nouveau-train-de-vie--scaled.jpg\" alt=\"retour-du-train-des-volcans-adopte-un-nouveau-train-de-vie-.jpg\" align=\"center\" width=\"1127\" height=\"2560\" srcset=\"https:\/\/usagers-transports.haut-allier.eu\/wp-content\/uploads\/2023\/09\/retour-du-train-des-volcans-adopte-un-nouveau-train-de-vie--scaled.jpg 1127w, https:\/\/usagers-transports.haut-allier.eu\/wp-content\/uploads\/2023\/09\/retour-du-train-des-volcans-adopte-un-nouveau-train-de-vie--132x300.jpg 132w, https:\/\/usagers-transports.haut-allier.eu\/wp-content\/uploads\/2023\/09\/retour-du-train-des-volcans-adopte-un-nouveau-train-de-vie--451x1024.jpg 451w, https:\/\/usagers-transports.haut-allier.eu\/wp-content\/uploads\/2023\/09\/retour-du-train-des-volcans-adopte-un-nouveau-train-de-vie--768x1744.jpg 768w, https:\/\/usagers-transports.haut-allier.eu\/wp-content\/uploads\/2023\/09\/retour-du-train-des-volcans-adopte-un-nouveau-train-de-vie--676x1536.jpg 676w, https:\/\/usagers-transports.haut-allier.eu\/wp-content\/uploads\/2023\/09\/retour-du-train-des-volcans-adopte-un-nouveau-train-de-vie--902x2048.jpg 902w\" sizes=\"auto, (max-width: 1127px) 100vw, 1127px\" \/><\/a><br \/>\n&nbsp;<br \/>\n&#8211; Des \u00e9v\u00e9nements \u00e0 venir et particuli\u00e8rement ce voyage aller retour le samedi 21 octobre 2023 entre Clermont et La Bourboule \u00e0 bord d&rsquo;un autorail X2900 surnomm\u00e9 \u00ab\u00a0le bleu d&rsquo;Auvergne\u00a0\u00bb mis en service en 1962 et de deux X2200  de 1980 mis \u00e0 disposition par l&rsquo;association <a href=\"http:\/\/www.aaatvmontlucon.fr\/\"><em>AAATV<\/em><\/a> de Montlu\u00e7on.<br \/>\n&nbsp;<br \/>\nVous pouvez r\u00e9server vos places au bas de cette page :<br \/>\n&nbsp;<br \/>\n<a href=\"https:\/\/www.traindesvolcans.fr\/%C3%A9v%C3%A8nements\/attention-au-d%C3%A9part\"><img loading=\"lazy\" decoding=\"async\" class=\" aligncenter size-full wp-image-4619\" src=\"http:\/\/5.45.101.177\/haut-allier\/usagers-transportse\/wp-content\/uploads\/2023\/09\/retour-du-train-des-volcans-attention-au-depart--scaled.jpg\" alt=\"retour-du-train-des-volcans-attention-au-depart-.jpg\" align=\"center\" width=\"828\" height=\"2560\" srcset=\"https:\/\/usagers-transports.haut-allier.eu\/wp-content\/uploads\/2023\/09\/retour-du-train-des-volcans-attention-au-depart--scaled.jpg 828w, https:\/\/usagers-transports.haut-allier.eu\/wp-content\/uploads\/2023\/09\/retour-du-train-des-volcans-attention-au-depart--97x300.jpg 97w, https:\/\/usagers-transports.haut-allier.eu\/wp-content\/uploads\/2023\/09\/retour-du-train-des-volcans-attention-au-depart--331x1024.jpg 331w, https:\/\/usagers-transports.haut-allier.eu\/wp-content\/uploads\/2023\/09\/retour-du-train-des-volcans-attention-au-depart--497x1536.jpg 497w, https:\/\/usagers-transports.haut-allier.eu\/wp-content\/uploads\/2023\/09\/retour-du-train-des-volcans-attention-au-depart--662x2048.jpg 662w\" sizes=\"auto, (max-width: 828px) 100vw, 828px\" \/><\/a><br \/>\n&nbsp;<br \/>\nUne autre op\u00e9ration est pr\u00e9vue pour l&rsquo;an prochain : un week-end \u00ab\u00a0Adopte un nouveau Train de Vie !\u00a0\u00bb avec la circulation de trains et de v\u00e9hicules multimodaux rail\/route.<br \/>\n&nbsp;<br \/>\nL&rsquo;organisation dont le si\u00e8ge est \u00e0 Saint-Ours \u00e0 l&rsquo;ouest de Volvic et de Clermont-Ferrand participe aussi aux rencontres r\u00e9gion AuRA \/ usagers, aux forums des associations, elle est bien pr\u00e9sente pour les diff\u00e9rentes actions concernant le ferroviaire dans le massif central&#8230; Un d\u00e9marrage sur les chapeaux de roue. Bravo \u00e0 eux.<br \/>\n&nbsp;<\/p>\n","protected":false},"excerpt":{"rendered":"<p>L&rsquo;association cr\u00e9\u00e9e tout r\u00e9cemment pour pousser au retour du train des volcans supprim\u00e9 en 2015 (ici aussi) entre<\/p>\n","protected":false},"author":1,"featured_media":4617,"comment_status":"open","ping_status":"open","sticky":false,"template":"","format":"standard","meta":{"footnotes":""},"categories":[2],"tags":[],"class_list":["post-1023","post","type-post","status-publish","format-standard","has-post-thumbnail","hentry","category-infos"],"_links":{"self":[{"href":"https:\/\/usagers-transports.haut-allier.eu\/index.php\/wp-json\/wp\/v2\/posts\/1023","targetHints":{"allow":["GET"]}}],"collection":[{"href":"https:\/\/usagers-transports.haut-allier.eu\/index.php\/wp-json\/wp\/v2\/posts"}],"about":[{"href":"https:\/\/usagers-transports.haut-allier.eu\/index.php\/wp-json\/wp\/v2\/types\/post"}],"author":[{"embeddable":true,"href":"https:\/\/usagers-transports.haut-allier.eu\/index.php\/wp-json\/wp\/v2\/users\/1"}],"replies":[{"embeddable":true,"href":"https:\/\/usagers-transports.haut-allier.eu\/index.php\/wp-json\/wp\/v2\/comments?post=1023"}],"version-history":[{"count":0,"href":"https:\/\/usagers-transports.haut-allier.eu\/index.php\/wp-json\/wp\/v2\/posts\/1023\/revisions"}],"wp:featuredmedia":[{"embeddable":true,"href":"https:\/\/usagers-transports.haut-allier.eu\/index.php\/wp-json\/wp\/v2\/media\/4617"}],"wp:attachment":[{"href":"https:\/\/usagers-transports.haut-allier.eu\/index.php\/wp-json\/wp\/v2\/media?parent=1023"}],"wp:term":[{"taxonomy":"category","embeddable":true,"href":"https:\/\/usagers-transports.haut-allier.eu\/index.php\/wp-json\/wp\/v2\/categories?post=1023"},{"taxonomy":"post_tag","embeddable":true,"href":"https:\/\/usagers-transports.haut-allier.eu\/index.php\/wp-json\/wp\/v2\/tags?post=1023"}],"curies":[{"name":"wp","href":"https:\/\/api.w.org\/{rel}","templated":true}]}}