{"id":1024,"date":"2023-09-19T08:26:50","date_gmt":"2023-09-19T06:26:50","guid":{"rendered":"http:\/\/5.45.101.177\/haut-allier\/usagers-transportse\/index.php\/2023\/09\/19\/financement-du-rail-en-auvergne1024\/"},"modified":"2023-09-19T08:26:50","modified_gmt":"2023-09-19T06:26:50","slug":"financement-du-rail-en-auvergne1024","status":"publish","type":"post","link":"https:\/\/usagers-transports.haut-allier.eu\/index.php\/2023\/09\/19\/financement-du-rail-en-auvergne1024\/","title":{"rendered":"Financement du rail en Auvergne Rh\u00f4ne Alpes : La rencontre R\u00e9gion \/ Usagers signataires du voeu"},"content":{"rendered":"<p>Les repr\u00e9sentants des <a href=\"http:\/\/usagers-transports.haut-allier.eu\/?financement-du-rail-en-auvergne,1011\"><em>14 organisations d\u2019usagers<\/em><\/a> d\u2019Auvergne Rh\u00f4ne Alpes ont \u00e9t\u00e9 re\u00e7us ce lundi apr\u00e8s-midi par le Vice pr\u00e9sident \u00e0 la r\u00e9gion Fr\u00e9d\u00e9ric Aguilera, charg\u00e9 des transports.<br \/>\n&nbsp;<br \/>\n<img loading=\"lazy\" decoding=\"async\" class=\" aligncenter size-full wp-image-4621\" src=\"http:\/\/5.45.101.177\/haut-allier\/usagers-transportse\/wp-content\/uploads\/2023\/09\/2000-img_20230918_145503.jpg\" alt=\"2000-img_20230918_145503.jpg\" align=\"center\" width=\"2000\" height=\"1365\" srcset=\"https:\/\/usagers-transports.haut-allier.eu\/wp-content\/uploads\/2023\/09\/2000-img_20230918_145503.jpg 2000w, https:\/\/usagers-transports.haut-allier.eu\/wp-content\/uploads\/2023\/09\/2000-img_20230918_145503-300x205.jpg 300w, https:\/\/usagers-transports.haut-allier.eu\/wp-content\/uploads\/2023\/09\/2000-img_20230918_145503-1024x699.jpg 1024w, https:\/\/usagers-transports.haut-allier.eu\/wp-content\/uploads\/2023\/09\/2000-img_20230918_145503-768x524.jpg 768w, https:\/\/usagers-transports.haut-allier.eu\/wp-content\/uploads\/2023\/09\/2000-img_20230918_145503-1536x1048.jpg 1536w\" sizes=\"auto, (max-width: 2000px) 100vw, 2000px\" \/><br \/>\n&nbsp;<br \/>\n<strong>Le point avant la r\u00e9union :<\/strong><br \/>\n&nbsp;<br \/>\nSans comprendre le fond des enjeux de la bataille que se livrent l\u2019\u00c9tat et notre R\u00e9gion sur le financement du r\u00e9seau ferroviaire, nous sommes persuad\u00e9s que les infrastructures ferroviaires d\u2019Auvergne Rh\u00f4ne -Alpes doivent b\u00e9n\u00e9ficier d\u2019un financement partag\u00e9 entre l\u2019\u00c9tat, la R\u00e9gion et SNCF R\u00e9seau.<br \/>\n&nbsp;<br \/>\nIl n\u2019en reste pas moins que :<br \/>\n&nbsp;<br \/>\n&#8211; des erreurs ont \u00e9t\u00e9 commises \u00e0 partir de 2016 sur le ferroviaire avec la fermeture de certaines lignes,<br \/>\n&nbsp;<br \/>\n&#8211; la r\u00e9gion a perdu au moins 2 ans (2016 &#8211; 2018) sur une bonne gestion du r\u00e9seau notamment en ignorant les appels des usagers,<br \/>\n&nbsp;<br \/>\n&#8211; le transport de voyageurs par train qui devrait \u00eatre la pierre angulaire du syst\u00e8me de mobilit\u00e9, comme partout ailleurs, est d\u00e8s que possible d\u00e9consid\u00e9r\u00e9 et sous-investi,<br \/>\n&nbsp;<br \/>\nActuellement, la bataille politique R\u00e9gion AuRA \/ Etat se fait au d\u00e9triment des usager.e.s, et du service qui leur est d\u00fb, surtout hors m\u00e9tropoles puisque l&rsquo;\u00e9tat du r\u00e9seau y est volontairement maintenu par SNCF R\u00e9seau \u00e0 la limite de la fermeture,<br \/>\n&nbsp;<br \/>\nIl est en effet inconcevable\u00a0:<br \/>\n&nbsp;<br \/>\n&#8211; que de nouvelles suspensions de lignes soient d\u00e9cr\u00e9t\u00e9es faute de financement, dans ces \tzones (souvent de montagne, Auvergne 85% du r\u00e9seau, Alpes&#8230;) qui ont ces derni\u00e8res \td\u00e9cennies subi de nombreuses fermetures,<br \/>\n&nbsp;<br \/>\n&#8211; que les r\u00e9ouvertures de tron\u00e7ons d\u00e9j\u00e0 suspendus par SNCF R\u00e9seau pour les m\u00eames raisons, demand\u00e9es par les populations, soient repouss\u00e9es ou supprim\u00e9es,<br \/>\n&nbsp;<br \/>\n&#8211; que le service de transports install\u00e9 par la r\u00e9gion sur les lignes restaur\u00e9es soit indigne des populations avec de mauvaises fr\u00e9quences de circulation, des horaires non adapt\u00e9s et des prix dissuasifs,<br \/>\n&nbsp;<br \/>\n&#8211; que des liaisons par autocars doublant les lignes TER soient install\u00e9s, alors que bus et trains doivent coexister de fa\u00e7on compl\u00e9mentaire et non mis en concurrence.<br \/>\n&nbsp;<br \/>\nEn cons\u00e9quence nous demandons que la r\u00e9gion Auvergne Rh\u00f4ne-Alpes utilise la possibilit\u00e9 qui lui est donn\u00e9e par la loi LOM de contribuer financi\u00e8rement au maintien et au d\u00e9veloppement de son r\u00e9seau ferroviaire du quotidien afin d\u2019appliquer le principe d\u2019\u00e9galit\u00e9 de traitement de ses habitant.e.s en mati\u00e8re de mobilit\u00e9s et d&rsquo;\u00e9quit\u00e9 territoriale.<br \/>\n&nbsp;<br \/>\nLes habitant.e.s de nos r\u00e9gions n&rsquo;ont pas \u00e0 faire les frais des positions politiques de leurs dirigeants, surtout concernant leur mobilit\u00e9 du quotidien, avec la hausse permanente des co\u00fbts des carburants et du co\u00fbt de la vie dans un contexte o\u00f9 elles et ils expriment des attentes fortes sur le report modal en faveur du ferroviaire et souhaitent privil\u00e9gier cet outil d\u2019am\u00e9nagement du territoire, \u00e0 la fois social et \u00e9cologique.<br \/>\n&nbsp;<br \/>\nLe transport ferroviaire, et surtout nos \u00ab\u00a0petites lignes\u00a0\u00bb, sont un levier d\u2019action majeur pour la mobilit\u00e9 du quotidien et pour agir concr\u00e8tement sur le changement climatique.<br \/>\n&nbsp;<br \/>\nLa R\u00e9gion Auvergne Rh\u00f4ne-Alpes se doit d\u2019\u00eatre volontariste pour ses territoires.<br \/>\n&nbsp;<br \/>\n<em>Le dossier de presse distribu\u00e9 aux journalistes :<\/em><br \/>\n&nbsp;<br \/>\n<a href=\"http:\/\/5.45.101.177\/haut-allier\/usagers-transportse\/wp-content\/uploads\/2023\/09\/voeu-cper27-ferroviaire-pre-dossier-presse-18sept2023_compressed-2.pdf\">voeu-cper27-ferroviaire-pre-dossier-presse-18sept2023_compressed-2.pdf<\/a><br \/>\n&nbsp;<br \/>\n<img loading=\"lazy\" decoding=\"async\" class=\" aligncenter size-full wp-image-4623\" src=\"http:\/\/5.45.101.177\/haut-allier\/usagers-transportse\/wp-content\/uploads\/2023\/09\/2000r-img_20230918_152125.jpg\" alt=\"2000r-img_20230918_152125.jpg\" align=\"center\" width=\"2500\" height=\"1504\" srcset=\"https:\/\/usagers-transports.haut-allier.eu\/wp-content\/uploads\/2023\/09\/2000r-img_20230918_152125.jpg 2500w, https:\/\/usagers-transports.haut-allier.eu\/wp-content\/uploads\/2023\/09\/2000r-img_20230918_152125-300x180.jpg 300w, https:\/\/usagers-transports.haut-allier.eu\/wp-content\/uploads\/2023\/09\/2000r-img_20230918_152125-1024x616.jpg 1024w, https:\/\/usagers-transports.haut-allier.eu\/wp-content\/uploads\/2023\/09\/2000r-img_20230918_152125-768x462.jpg 768w, https:\/\/usagers-transports.haut-allier.eu\/wp-content\/uploads\/2023\/09\/2000r-img_20230918_152125-1536x924.jpg 1536w, https:\/\/usagers-transports.haut-allier.eu\/wp-content\/uploads\/2023\/09\/2000r-img_20230918_152125-2048x1232.jpg 2048w\" sizes=\"auto, (max-width: 2500px) 100vw, 2500px\" \/><br \/>\n&nbsp;<br \/>\n<strong>Apr\u00e8s la r\u00e9union :<\/strong><br \/>\n&nbsp;<br \/>\n<a href=\"http:\/\/5.45.101.177\/haut-allier\/usagers-transportse\/wp-content\/uploads\/2023\/09\/cp-voeu-cper-2023-2027-rencontre-aguilera_compressed.pdf\">cp-voeu-cper-2023-2027-rencontre-aguilera_compressed.pdf<\/a><br \/>\n&nbsp;<br \/>\n<em>Le texte  :<br \/>\n<\/em><br \/>\n&nbsp;<br \/>\n<strong>LE 18-09-2023<br \/>\nCOMMUNIQU\u00c9 DE PRESSE<br \/>\nSUITE \u00c0 LA RENCONTRE R\u00c9GION AUVERGNE RH\u00d4NE-ALPES &#8211; USAGERS DU 18 SEPTEMBRE 2023 \u00c0 LYON<br \/>\n&nbsp;<br \/>\nPOUR UN FINANCEMENT VOLONTARISTE DES \u201cPETITES LIGNES\u201d<br \/>\nEN R\u00c9GION AUVERGNE RH\u00d4NE-ALPES<\/strong><br \/>\n&nbsp;<br \/>\nLes repr\u00e9sentants des 14 organisations d\u2019usagers d\u2019Auvergne Rh\u00f4ne Alpes ont \u00e9t\u00e9 re\u00e7us ce lundi apr\u00e8s-midi par le Vice-pr\u00e9sident d\u00e9l\u00e9gu\u00e9 aux transports Fr\u00e9d\u00e9ric AGUILERA.<br \/>\n&nbsp;<br \/>\n<strong>Ce qu\u2019il nous a d\u00e9clar\u00e9 :<\/strong><br \/>\n&nbsp;<br \/>\n&#8211; La r\u00e9gion est scandalis\u00e9e de la proposition de financement de l\u2019\u00c9tat de 54 Millions d\u2019euros pour les lignes de desserte fines du territoire alors que le besoin pour ne pas fermer ces lignes est de l\u2019ordre de 200 \u00e0 300 Millions d\u2019euros. Elle est donc en n\u00e9gociation depuis juin pour obtenir ce financement.<br \/>\n&#8211; La r\u00e9gion s\u2019appr\u00eate \u00e0 d\u00e9penser 2 Milliards d\u2019euros pour le mat\u00e9riel roulant jusqu\u2019en 2035.<br \/>\n&#8211; La r\u00e9gion convient qu\u2019elle n\u2019a pas souhait\u00e9 communiquer tant que la discussion sur le CPER n\u2019\u00e9tait pas termin\u00e9e.<br \/>\n&#8211; La r\u00e9gion a convenu d\u2019un manque de communication claire sur sa strat\u00e9gie ferroviaire. Elle compte communiquer son plan d\u2019objectifs en fin d\u2019ann\u00e9e apr\u00e8s la signature du contrat de plan Etat R\u00e9gion.<br \/>\n&#8211; Que la r\u00e9gion refusera les fermetures de lignes.<br \/>\n&#8211; Qu\u2019au vu du niveau de financement demand\u00e9 \u00e0 l\u2019\u00c9tat, il n\u2019y aura pas de r\u00e9ouverture de lignes.<br \/>\n&#8211; Que la r\u00e9gion nous consid\u00e8re comme des int\u00e9gristes du train.<br \/>\n&#8211; Que la d\u00e9carbonation des transports passe par un combin\u00e9 routes \/ rail \/ avion \/ marche \u00e0 pied car il semblerait que le trafic routier y participerait au vu du colloque \u00ab<a href=\"https:\/\/www.sciencespo.fr\/liepp\/fr\/content\/decarboner-la-route-une-grande-cause-nationale.html\"><em>D\u00e9carboner la route, une grande cause nationale<\/em><\/a>\u00bb qui s\u2019est tenu le 20 juin 2023 \u00e0 Science Po et qui \u00e9tait co-organis\u00e9 par&#8230;&#8230; Vinci Autoroutes)<br \/>\n&nbsp;<br \/>\n<strong>Ce \u00e0 quoi le collectif des 14 organisations d\u2019usagers, qui va en r\u00e9f\u00e9rer aux <a href=\"https:\/\/framacarte.org\/m\/159700\/\"><em>51 signataires du v\u0153u<\/em><\/a>, \u00e0 son tour d\u00e9clare :<\/strong><br \/>\n&nbsp;<br \/>\n&#8211; Observer que la r\u00e9gion va se battre pour obtenir un financement de 300 Millions d\u2019euros pour les petites lignes, que nous pouvons comparer aux 1,8 Milliard en r\u00e9gion Occitanie avec une densit\u00e9 de population moins importante.<br \/>\n&#8211; Attendre avec int\u00e9r\u00eat son plan de mobilit\u00e9 promis avant la fin de l\u2019ann\u00e9e.<br \/>\n&#8211; Demander \u00e0 rencontrer l\u2019\u00c9tat en la personne de la Pr\u00e9f\u00e8te de r\u00e9gion et du Ministre des transports afin qu\u2019il revoit son montant de financement des lignes de desserte fines du territoire.<br \/>\n&nbsp;<br \/>\n<strong>Nous lui avons fait remarquer :<\/strong><br \/>\n&nbsp;<br \/>\n&#8211; Que plus de 50 collectivit\u00e9s ont adopt\u00e9 et \u00e9mis le v\u0153u pour une politique volontariste de la r\u00e9gion vis \u00e0 vis du train et de son r\u00e9seau ferroviaire \u00e0 l\u2019agonie dans la r\u00e9gion.<br \/>\n&#8211; Que les d\u00e9clarations de l\u2019\u00e9quipe du pr\u00e9sident de r\u00e9gion Mr Wauquiez sur la volont\u00e9 de non financement de la modernisation et de la r\u00e9ouverture de ces lignes vont \u00e0 l\u2019encontre de l\u2019int\u00e9r\u00eat des citoyens et du service au public.<br \/>\n&#8211; Que les habitants et les visiteurs de notre r\u00e9gion n\u2019ont pas \u00e0 faire les frais des positions politiques de la r\u00e9gion en ce qui concerne la mobilit\u00e9 du quotidien. Le r\u00e9seau ferroviaire et ses trains sont un bien commun dont il importe de pr\u00e9server et am\u00e9liorer le fonctionnement.<br \/>\n&#8211; Que la facult\u00e9 de se mouvoir facilement elle-m\u00eame devrait \u00eatre l\u2019objet de toute l\u2019attention et devrait constituer la priorit\u00e9 num\u00e9ro un de la r\u00e9gion, autorit\u00e9 organisatrice des transports.<br \/>\n&#8211; Que le service TER devrait constituer l\u2019\u00e9pine dorsale du r\u00e9seau de mobilit\u00e9 sur laquelle en compl\u00e9mentarit\u00e9 devrait venir se greffer le r\u00e9seau bus, tram etc. et que toute concurrence entre les modes devrait \u00eatre bannie (au moins ceux d\u00e9pendant de la r\u00e9gion).<br \/>\n&#8211; Que le train devrait \u00eatre la priorit\u00e9 au vu des bilans carbone des v\u00e9hicules personnels, des bus et des avions.<br \/>\n&#8211; Qu\u2019une politique tarifaire incitative devrait \u00eatre mise en place.<br \/>\n&nbsp;<br \/>\n<em>Les organisations d&rsquo;usagers signataires :<\/em><br \/>\n&nbsp;<br \/>\nhttps:\/\/www.facebook.com\/gardonslaligne<\/p>\n<blockquote class=\"wp-embedded-content\" data-secret=\"ILFla1cYyN\"><p><a href=\"https:\/\/etoileferroviairedeveynes.info\/\"><\/a><\/p><\/blockquote>\n<p><iframe loading=\"lazy\" class=\"wp-embedded-content\" sandbox=\"allow-scripts\" security=\"restricted\" style=\"position: absolute; visibility: hidden;\" title=\"\u00ab\u00a0\u00a0\u00bb \u2014 \" src=\"https:\/\/etoileferroviairedeveynes.info\/embed\/#?secret=I54QLWAIkO#?secret=ILFla1cYyN\" data-secret=\"ILFla1cYyN\" width=\"600\" height=\"338\" frameborder=\"0\" marginwidth=\"0\" marginheight=\"0\" scrolling=\"no\"><\/iframe><br \/>\nhttps:\/\/velocite63.fr<\/p>\n<blockquote class=\"wp-embedded-content\" data-secret=\"WG7jR94Vk7\"><p><a href=\"https:\/\/letrain634269.org\/\">Accueil &#8211; Bienvenue \u00e0 bord de l&rsquo;association LeTrain634269.<\/a><\/p><\/blockquote>\n<p><iframe loading=\"lazy\" class=\"wp-embedded-content\" sandbox=\"allow-scripts\" security=\"restricted\" style=\"position: absolute; visibility: hidden;\" title=\"\u00ab\u00a0Accueil \u2013 Bienvenue \u00e0 bord de l\u2019association LeTrain634269.\u00a0\u00bb \u2014 Association Le Train 634269\" src=\"https:\/\/letrain634269.org\/embed\/#?secret=g8J0Ulxmff#?secret=WG7jR94Vk7\" data-secret=\"WG7jR94Vk7\" width=\"600\" height=\"338\" frameborder=\"0\" marginwidth=\"0\" marginheight=\"0\" scrolling=\"no\"><\/iframe><br \/>\nhttps:\/\/massif-central.nous-voyageurs.eu<br \/>\nhttps:\/\/orcivelo.fr<br \/>\nhttps:\/\/www.traindesvolcans.fr<br \/>\nhttps:\/\/usagers-transports.haut-allier.eu<br \/>\nhttps:\/\/adelfipaly.fr<br \/>\nhttps:\/\/cutpsa07.fr<br \/>\nhttps:\/\/www.facebook.com\/collectifecomobilitebrevenneturdine<br \/>\n&nbsp;<br \/>\n<strong>La presse relate :<br \/>\n<\/strong><br \/>\n&nbsp;<br \/>\n&#8211; Zoom d&rsquo;ici du 18 septembre 2023 : <a href=\"https:\/\/www.zoomdici.fr\/actualite\/train-ils-somment-laurent-wauquiez-de-se-remettre-sur-les-rails\"><em>Train &#8211; ils somment Laurent Wauquiez de se remettre sur les rails<\/em><\/a><br \/>\n&nbsp;<br \/>\n<img loading=\"lazy\" decoding=\"async\" class=\" aligncenter size-full wp-image-4625\" src=\"http:\/\/5.45.101.177\/haut-allier\/usagers-transportse\/wp-content\/uploads\/2023\/09\/train-ils-somment-laurent-wauquiez-de-se-remettre-sur-les-rails-scaled.jpg\" alt=\"train-ils-somment-laurent-wauquiez-de-se-remettre-sur-les-rails.jpg\" align=\"center\" width=\"518\" height=\"2560\" srcset=\"https:\/\/usagers-transports.haut-allier.eu\/wp-content\/uploads\/2023\/09\/train-ils-somment-laurent-wauquiez-de-se-remettre-sur-les-rails-scaled.jpg 518w, https:\/\/usagers-transports.haut-allier.eu\/wp-content\/uploads\/2023\/09\/train-ils-somment-laurent-wauquiez-de-se-remettre-sur-les-rails-61x300.jpg 61w, https:\/\/usagers-transports.haut-allier.eu\/wp-content\/uploads\/2023\/09\/train-ils-somment-laurent-wauquiez-de-se-remettre-sur-les-rails-207x1024.jpg 207w, https:\/\/usagers-transports.haut-allier.eu\/wp-content\/uploads\/2023\/09\/train-ils-somment-laurent-wauquiez-de-se-remettre-sur-les-rails-311x1536.jpg 311w\" sizes=\"auto, (max-width: 518px) 100vw, 518px\" \/><br \/>\n&nbsp;<br \/>\n&#8211; La Montagne du 19 septembre 2023 : <a href=\"https:\/\/www.lamontagne.fr\/clermont-ferrand-63000\/actualites\/les-defenseurs-des-petites-lignes-mettent-la-pression-sur-l-etat-et-la-region-auvergne-rhone-alpes_14373538\/\"><em>Les d\u00e9fenseurs des petites lignes mettent la pression sur l&rsquo;Etat et la R\u00e9gion Auvergne-Rh\u00f4ne-Alpes<\/em><\/a><br \/>\n&nbsp;<br \/>\n<a href=\"http:\/\/5.45.101.177\/haut-allier\/usagers-transportse\/wp-content\/uploads\/2023\/09\/lamontagne.pdf\">lamontagne.pdf<\/a><br \/>\n&nbsp;<br \/>\n&#8211; France Bleu Saint-Etienne Loire du 19 septembre 2023 journal de 7h00 :<br \/>\n&nbsp;<br \/>\n<a href=\"http:\/\/5.45.101.177\/haut-allier\/usagers-transportse\/wp-content\/uploads\/2023\/09\/bleusaint-etienne-loire-journal7h00-19092023.mp3\">Les infos de 07h00 du mardi 19 septembre 2023<\/a><br \/>\n&nbsp;<br \/>\n&#8211; RCF du 20 septembre 2023 journal de 8h00 :<br \/>\n&nbsp;<br \/>\n<a href=\"http:\/\/5.45.101.177\/haut-allier\/usagers-transportse\/wp-content\/uploads\/2023\/09\/rcf-r.mp3\">rcf-r.mp3<\/a><br \/>\n&nbsp;<br \/>\n&#8211; IF Saint-Etienne du 21 septembre 2023 : <a href=\"https:\/\/www.if-saint-etienne.fr\/breves\/liaisons-ferroviaires-excedes-le-train-634269-et-les-autres-renvoient-region-et-etat-dos-a-dos\"><em>Liaisons ferroviaires &#8211; exc\u00e9d\u00e9s, Le Train 634269 et les autres renvoient R\u00e9gion et Etat dos \u00e0 dos.<\/em><\/a><br \/>\n&nbsp;<br \/>\n<img loading=\"lazy\" decoding=\"async\" class=\" aligncenter size-full wp-image-4630\" src=\"http:\/\/5.45.101.177\/haut-allier\/usagers-transportse\/wp-content\/uploads\/2023\/09\/liaisons-ferroviaires-excedes-le-train-634269-et-les-autres-renvoient-region-et-etat-dos-a-dos-if-saint-etienne-scaled.png\" alt=\"liaisons-ferroviaires-excedes-le-train-634269-et-les-autres-renvoient-region-et-etat-dos-a-dos-if-saint-etienne.png\" align=\"center\" width=\"717\" height=\"2560\" srcset=\"https:\/\/usagers-transports.haut-allier.eu\/wp-content\/uploads\/2023\/09\/liaisons-ferroviaires-excedes-le-train-634269-et-les-autres-renvoient-region-et-etat-dos-a-dos-if-saint-etienne-scaled.png 717w, https:\/\/usagers-transports.haut-allier.eu\/wp-content\/uploads\/2023\/09\/liaisons-ferroviaires-excedes-le-train-634269-et-les-autres-renvoient-region-et-etat-dos-a-dos-if-saint-etienne-84x300.png 84w, https:\/\/usagers-transports.haut-allier.eu\/wp-content\/uploads\/2023\/09\/liaisons-ferroviaires-excedes-le-train-634269-et-les-autres-renvoient-region-et-etat-dos-a-dos-if-saint-etienne-287x1024.png 287w, https:\/\/usagers-transports.haut-allier.eu\/wp-content\/uploads\/2023\/09\/liaisons-ferroviaires-excedes-le-train-634269-et-les-autres-renvoient-region-et-etat-dos-a-dos-if-saint-etienne-430x1536.png 430w\" sizes=\"auto, (max-width: 717px) 100vw, 717px\" \/><br \/>\n&nbsp;<br \/>\n&#8211; Zoom d&rsquo;ici du 20 septembre 2023 : <a href=\"https:\/\/www.zoomdici.fr\/actualite\/les-associations-du-train-ont-discute-avec-la-region\"><em>Les associations du train ont discut\u00e9 avec la R\u00e9gion<\/em><\/a><br \/>\n&nbsp;<br \/>\n<img loading=\"lazy\" decoding=\"async\" class=\" aligncenter size-full wp-image-4631\" src=\"http:\/\/5.45.101.177\/haut-allier\/usagers-transportse\/wp-content\/uploads\/2023\/09\/les-associations-du-train-ont-discute-avec-la-region-scaled.png\" alt=\"les-associations-du-train-ont-discute-avec-la-region.png\" align=\"center\" width=\"894\" height=\"2560\" srcset=\"https:\/\/usagers-transports.haut-allier.eu\/wp-content\/uploads\/2023\/09\/les-associations-du-train-ont-discute-avec-la-region-scaled.png 894w, https:\/\/usagers-transports.haut-allier.eu\/wp-content\/uploads\/2023\/09\/les-associations-du-train-ont-discute-avec-la-region-105x300.png 105w, https:\/\/usagers-transports.haut-allier.eu\/wp-content\/uploads\/2023\/09\/les-associations-du-train-ont-discute-avec-la-region-358x1024.png 358w, https:\/\/usagers-transports.haut-allier.eu\/wp-content\/uploads\/2023\/09\/les-associations-du-train-ont-discute-avec-la-region-768x2199.png 768w, https:\/\/usagers-transports.haut-allier.eu\/wp-content\/uploads\/2023\/09\/les-associations-du-train-ont-discute-avec-la-region-715x2048.png 715w\" sizes=\"auto, (max-width: 894px) 100vw, 894px\" \/><br \/>\n&nbsp;<br \/>\n&#8211; Le Progr\u00e8s du 4 octobre 2023 : <a href=\"https:\/\/www.leprogres.fr\/transport\/2023\/10\/04\/pour-que-la-reouverture-de-la-ligne-boen-thiers-ne-soit-pas-une-illusion#:&nbsp;:text=Loire%20Une%20association%20pour%20que,disparaisse%20sans%20laisser%20de%20trace.\"><em>Pour que la r\u00e9ouverture de la ligne Bo\u00ebn Thiers ne soit pas une illusion.<\/em><\/a><br \/>\n&nbsp;<br \/>\n<img loading=\"lazy\" decoding=\"async\" class=\" aligncenter size-full wp-image-4632\" src=\"http:\/\/5.45.101.177\/haut-allier\/usagers-transportse\/wp-content\/uploads\/2023\/09\/le_progres_04-10-2023-annote.jpg\" alt=\"le_progres_04-10-2023-annote.jpg\" align=\"center\" width=\"1260\" height=\"1808\" srcset=\"https:\/\/usagers-transports.haut-allier.eu\/wp-content\/uploads\/2023\/09\/le_progres_04-10-2023-annote.jpg 1260w, https:\/\/usagers-transports.haut-allier.eu\/wp-content\/uploads\/2023\/09\/le_progres_04-10-2023-annote-209x300.jpg 209w, https:\/\/usagers-transports.haut-allier.eu\/wp-content\/uploads\/2023\/09\/le_progres_04-10-2023-annote-714x1024.jpg 714w, https:\/\/usagers-transports.haut-allier.eu\/wp-content\/uploads\/2023\/09\/le_progres_04-10-2023-annote-768x1102.jpg 768w, https:\/\/usagers-transports.haut-allier.eu\/wp-content\/uploads\/2023\/09\/le_progres_04-10-2023-annote-1070x1536.jpg 1070w\" sizes=\"auto, (max-width: 1260px) 100vw, 1260px\" \/><br \/>\n&nbsp;<\/p>\n","protected":false},"excerpt":{"rendered":"<p>Les repr\u00e9sentants des 14 organisations d\u2019usagers d\u2019Auvergne Rh\u00f4ne Alpes ont \u00e9t\u00e9 re\u00e7us ce lundi apr\u00e8s-midi par le Vice<\/p>\n","protected":false},"author":1,"featured_media":4620,"comment_status":"open","ping_status":"open","sticky":false,"template":"","format":"standard","meta":{"footnotes":""},"categories":[3],"tags":[],"class_list":["post-1024","post","type-post","status-publish","format-standard","has-post-thumbnail","hentry","category-en-train"],"_links":{"self":[{"href":"https:\/\/usagers-transports.haut-allier.eu\/index.php\/wp-json\/wp\/v2\/posts\/1024","targetHints":{"allow":["GET"]}}],"collection":[{"href":"https:\/\/usagers-transports.haut-allier.eu\/index.php\/wp-json\/wp\/v2\/posts"}],"about":[{"href":"https:\/\/usagers-transports.haut-allier.eu\/index.php\/wp-json\/wp\/v2\/types\/post"}],"author":[{"embeddable":true,"href":"https:\/\/usagers-transports.haut-allier.eu\/index.php\/wp-json\/wp\/v2\/users\/1"}],"replies":[{"embeddable":true,"href":"https:\/\/usagers-transports.haut-allier.eu\/index.php\/wp-json\/wp\/v2\/comments?post=1024"}],"version-history":[{"count":0,"href":"https:\/\/usagers-transports.haut-allier.eu\/index.php\/wp-json\/wp\/v2\/posts\/1024\/revisions"}],"wp:featuredmedia":[{"embeddable":true,"href":"https:\/\/usagers-transports.haut-allier.eu\/index.php\/wp-json\/wp\/v2\/media\/4620"}],"wp:attachment":[{"href":"https:\/\/usagers-transports.haut-allier.eu\/index.php\/wp-json\/wp\/v2\/media?parent=1024"}],"wp:term":[{"taxonomy":"category","embeddable":true,"href":"https:\/\/usagers-transports.haut-allier.eu\/index.php\/wp-json\/wp\/v2\/categories?post=1024"},{"taxonomy":"post_tag","embeddable":true,"href":"https:\/\/usagers-transports.haut-allier.eu\/index.php\/wp-json\/wp\/v2\/tags?post=1024"}],"curies":[{"name":"wp","href":"https:\/\/api.w.org\/{rel}","templated":true}]}}