{"id":1025,"date":"2023-09-19T13:23:26","date_gmt":"2023-09-19T11:23:26","guid":{"rendered":"http:\/\/5.45.101.177\/haut-allier\/usagers-transportse\/index.php\/2023\/09\/19\/le-1er-podcast-du-reseau-entrain1025\/"},"modified":"2023-09-19T13:23:26","modified_gmt":"2023-09-19T11:23:26","slug":"le-1er-podcast-du-reseau-entrain1025","status":"publish","type":"post","link":"https:\/\/usagers-transports.haut-allier.eu\/index.php\/2023\/09\/19\/le-1er-podcast-du-reseau-entrain1025\/","title":{"rendered":"A d\u00e9guster : le 1er podcast du R\u00e9seau #Entrain sur l\u2019investissement public dans le ferroviaire"},"content":{"rendered":"<p>Pour la semaine de la mobilit\u00e9 nous vous offrons 45 minutes passionnantes avec ce 1er \u00e9pisode (sur 3) du podcast \/ vidcast sur le train et son financement public. Il a \u00e9t\u00e9 tourn\u00e9 \u00e0 Lyon cet \u00e9t\u00e9 avec des intervenants de choix : Anne Lassman-Trappier, Jean-Charles Kohlaas et Julien Niquille.<br \/>\n&nbsp;<br \/>\nEnsemble ils ont abord\u00e9 des questions telles que :<br \/>\n&#8211; O\u00f9 va l&rsquo;argent investi dans le ferroviaire en France ?<br \/>\n&#8211; Quel est le syst\u00e8me de financement de la Suisse ?<br \/>\n&#8211; Est-ce que la taxation des modes de transports polluants peut \u00eatre une solution pour soutenir le d\u00e9veloppement du ferroviaire ?<br \/>\n&nbsp;<br \/>\nEmmanuel Moreau de Radio France mod\u00e9rait la rencontre.<br \/>\n&nbsp;<br \/>\nSi le r\u00e9seau #Entrain dont nous faisons partie a \u00e9t\u00e9 le principal moteur du contenu de ces 3 \u00e9pisodes, nos remerciements vont \u00e0 Diego Mermoud de MUST (Mobilit\u00e9 et usages soutenables du territoire) qui a supervis\u00e9 le projet et \u00e0 la Fondation Charles Leopold Mayer qui en a financ\u00e9 la r\u00e9alisation.<br \/>\n&nbsp;<br \/>\nBon visionnage. N&rsquo;h\u00e9sitez pas \u00e0 commenter.<br \/>\n&nbsp;<br \/>\n<center><\/p>\n<p><iframe loading=\"lazy\" width=\"560\" height=\"315\" src=\"https:\/\/www.youtube.com\/embed\/Th2WmqGB-oA?si=XRn5gApCFkCWQ-2-\" title=\"YouTube video player\" frameborder=\"0\" allow=\"accelerometer; autoplay; clipboard-write; encrypted-media; gyroscope; picture-in-picture; web-share\" allowfullscreen><\/iframe><br \/>\n<\/center><\/p>\n","protected":false},"excerpt":{"rendered":"<p>Pour la semaine de la mobilit\u00e9 nous vous offrons 45 minutes passionnantes avec ce 1er \u00e9pisode (sur 3)<\/p>\n","protected":false},"author":1,"featured_media":4633,"comment_status":"open","ping_status":"open","sticky":false,"template":"","format":"standard","meta":{"footnotes":""},"categories":[3],"tags":[],"class_list":["post-1025","post","type-post","status-publish","format-standard","has-post-thumbnail","hentry","category-en-train"],"_links":{"self":[{"href":"https:\/\/usagers-transports.haut-allier.eu\/index.php\/wp-json\/wp\/v2\/posts\/1025","targetHints":{"allow":["GET"]}}],"collection":[{"href":"https:\/\/usagers-transports.haut-allier.eu\/index.php\/wp-json\/wp\/v2\/posts"}],"about":[{"href":"https:\/\/usagers-transports.haut-allier.eu\/index.php\/wp-json\/wp\/v2\/types\/post"}],"author":[{"embeddable":true,"href":"https:\/\/usagers-transports.haut-allier.eu\/index.php\/wp-json\/wp\/v2\/users\/1"}],"replies":[{"embeddable":true,"href":"https:\/\/usagers-transports.haut-allier.eu\/index.php\/wp-json\/wp\/v2\/comments?post=1025"}],"version-history":[{"count":0,"href":"https:\/\/usagers-transports.haut-allier.eu\/index.php\/wp-json\/wp\/v2\/posts\/1025\/revisions"}],"wp:featuredmedia":[{"embeddable":true,"href":"https:\/\/usagers-transports.haut-allier.eu\/index.php\/wp-json\/wp\/v2\/media\/4633"}],"wp:attachment":[{"href":"https:\/\/usagers-transports.haut-allier.eu\/index.php\/wp-json\/wp\/v2\/media?parent=1025"}],"wp:term":[{"taxonomy":"category","embeddable":true,"href":"https:\/\/usagers-transports.haut-allier.eu\/index.php\/wp-json\/wp\/v2\/categories?post=1025"},{"taxonomy":"post_tag","embeddable":true,"href":"https:\/\/usagers-transports.haut-allier.eu\/index.php\/wp-json\/wp\/v2\/tags?post=1025"}],"curies":[{"name":"wp","href":"https:\/\/api.w.org\/{rel}","templated":true}]}}