{"id":1028,"date":"2023-10-08T17:43:14","date_gmt":"2023-10-08T15:43:14","guid":{"rendered":"http:\/\/5.45.101.177\/haut-allier\/usagers-transportse\/index.php\/2023\/10\/08\/ligne-des-causses-et-du-train1028\/"},"modified":"2023-10-08T17:43:14","modified_gmt":"2023-10-08T15:43:14","slug":"ligne-des-causses-et-du-train1028","status":"publish","type":"post","link":"https:\/\/usagers-transports.haut-allier.eu\/index.php\/2023\/10\/08\/ligne-des-causses-et-du-train1028\/","title":{"rendered":"Ligne des Causses et du train Aubrac : Manifestation le 21 octobre 2023"},"content":{"rendered":"<p>Le Comit\u00e9 Pluraliste de la ligne B\u00e9ziers Neussargues, les comit\u00e9s CGT des cheminots et de l&rsquo;usine Arcelor Mittal organisent le samedi 21 octobre \u00e0 Saint-Ch\u00e9ly d&rsquo;Apcher un rassemblement, une <em>\u00ab\u00a0mobilisation convergente des salari\u00e9s, des cheminots et des usagers\u00a0\u00bb<\/em> \u00e0 10h30 Gare de la ville. D\u00e9tails ci-dessous dans leurs communiqu\u00e9s.<br \/>\n&nbsp;<br \/>\n<a href=\"http:\/\/5.45.101.177\/haut-allier\/usagers-transportse\/wp-content\/uploads\/2023\/10\/communique_de_presse_commun_21_10_2023_action_st_chely.pdf\">communique_de_presse_commun_21_10_2023_action_st_chely.pdf<\/a><br \/>\n&nbsp;<br \/>\nLe programme et les contacts pour s&rsquo;inscrire :<br \/>\n&nbsp;<br \/>\n<a href=\"http:\/\/5.45.101.177\/haut-allier\/usagers-transportse\/wp-content\/uploads\/2023\/10\/comite_pluraliste_cgt_cheminots_et_arcelor_st_chely_21_octobre_2023.pdf\">comite_pluraliste_cgt_cheminots_et_arcelor_st_chely_21_octobre_2023.pdf<\/a><br \/>\n&nbsp;<\/p>\n","protected":false},"excerpt":{"rendered":"<p>Le Comit\u00e9 Pluraliste de la ligne B\u00e9ziers Neussargues, les comit\u00e9s CGT des cheminots et de l&rsquo;usine Arcelor Mittal<\/p>\n","protected":false},"author":1,"featured_media":4637,"comment_status":"open","ping_status":"open","sticky":false,"template":"","format":"standard","meta":{"footnotes":""},"categories":[2],"tags":[],"class_list":["post-1028","post","type-post","status-publish","format-standard","has-post-thumbnail","hentry","category-infos"],"_links":{"self":[{"href":"https:\/\/usagers-transports.haut-allier.eu\/index.php\/wp-json\/wp\/v2\/posts\/1028","targetHints":{"allow":["GET"]}}],"collection":[{"href":"https:\/\/usagers-transports.haut-allier.eu\/index.php\/wp-json\/wp\/v2\/posts"}],"about":[{"href":"https:\/\/usagers-transports.haut-allier.eu\/index.php\/wp-json\/wp\/v2\/types\/post"}],"author":[{"embeddable":true,"href":"https:\/\/usagers-transports.haut-allier.eu\/index.php\/wp-json\/wp\/v2\/users\/1"}],"replies":[{"embeddable":true,"href":"https:\/\/usagers-transports.haut-allier.eu\/index.php\/wp-json\/wp\/v2\/comments?post=1028"}],"version-history":[{"count":0,"href":"https:\/\/usagers-transports.haut-allier.eu\/index.php\/wp-json\/wp\/v2\/posts\/1028\/revisions"}],"wp:featuredmedia":[{"embeddable":true,"href":"https:\/\/usagers-transports.haut-allier.eu\/index.php\/wp-json\/wp\/v2\/media\/4637"}],"wp:attachment":[{"href":"https:\/\/usagers-transports.haut-allier.eu\/index.php\/wp-json\/wp\/v2\/media?parent=1028"}],"wp:term":[{"taxonomy":"category","embeddable":true,"href":"https:\/\/usagers-transports.haut-allier.eu\/index.php\/wp-json\/wp\/v2\/categories?post=1028"},{"taxonomy":"post_tag","embeddable":true,"href":"https:\/\/usagers-transports.haut-allier.eu\/index.php\/wp-json\/wp\/v2\/tags?post=1028"}],"curies":[{"name":"wp","href":"https:\/\/api.w.org\/{rel}","templated":true}]}}