{"id":1029,"date":"2023-10-08T20:21:00","date_gmt":"2023-10-08T18:21:00","guid":{"rendered":"http:\/\/5.45.101.177\/haut-allier\/usagers-transportse\/index.php\/2023\/10\/08\/liaison-ferroviaire-lyon-limoges1029\/"},"modified":"2023-10-08T20:21:00","modified_gmt":"2023-10-08T18:21:00","slug":"liaison-ferroviaire-lyon-limoges1029","status":"publish","type":"post","link":"https:\/\/usagers-transports.haut-allier.eu\/index.php\/2023\/10\/08\/liaison-ferroviaire-lyon-limoges1029\/","title":{"rendered":"Liaison ferroviaire Lyon Limoges Bordeaux : le projet Railcoop proche du pr\u00e9cipice"},"content":{"rendered":"<p>Et nous ne nous en r\u00e9jouissons pas loin de l\u00e0, nous y avons cru nous aussi, contrairement aux oiseaux de mauvais augure crois\u00e9s ici et l\u00e0 sur les r\u00e9seaux, essentiellement issus de l&rsquo;op\u00e9rateur ferroviaire national d&rsquo;ailleurs. Ils auront tout fait d\u00e8s le d\u00e9but pour faire capoter l&rsquo;initiative, eux, leurs positions archa\u00efques qui am\u00e8nent trop souvent leur entreprise dans le mur, ainsi que les r\u00e8gles impossibles auto-\u00e9dict\u00e9es, avec le chapelet de tarifs prohibitifs, pour les sillons et services de la SNCF, cons\u00e9quences aussi il est vrai d&rsquo;un sous-investissement de l&rsquo;Etat.<br \/>\n&nbsp;<br \/>\n<strong>Les erreurs de la coop\u00e9rative.<\/strong><br \/>\n&nbsp;<br \/>\nMais que ne soit pas exempt\u00e9e non plus l&rsquo;\u00e9quipe dirigeante de Railcoop ! Une personne qui s&rsquo;est investie fortement dans la coop\u00e9rative nous souffle : <em>\u00a0\u00bb Le premier dirigeant, haut fonctionnaire dans l&rsquo;administration et dipl\u00f4m\u00e9 des Mines, mais dont on peut douter de la comp\u00e9tence ferroviaire ainsi que pour la gestion d&rsquo;une SCOOP, a eu beaucoup de mal \u00e0 accepter la critique. Il aura fait par ses choix pas mal d&rsquo;erreurs strat\u00e9giques. L&#8217;embauche de 35 personnes par exemple alors qu&rsquo;il n&rsquo;y avait pas assez de rentr\u00e9es financi\u00e8res issues de l&rsquo;activit\u00e9 fret, la liquidation du capital social pour des d\u00e9penses de fonctionnement, le choix d&rsquo;offres maximales, sans compter ses relations trop \u00e9troites avec le bureau d&rsquo;\u00e9tudes Systra, coentreprise de la SNCF et de la RATP.\u00a0\u00bb<\/em><br \/>\n&nbsp;<br \/>\n<strong>Tentative de redressement tardive<\/strong><br \/>\n&nbsp;<br \/>\nIl y a eu tentative du deuxi\u00e8me pr\u00e9sident Philippe Bourguignon d&rsquo;essayer de recoller \u00e0 un fonctionnement coop\u00e9ratif. Mais il d\u00e9clarait dans <a href=\"https:\/\/www.lesechos.fr\/industrie-services\/tourisme-transport\/railcoop-la-cooperative-ferroviaire-persevere-avec-des-ambitions-revues-a-la-baisse-1913972\"><em>les Echos<\/em><\/a> en mars 2023 : <em>\u00ab\u00a0On cherchait beaucoup d&rsquo;argent et le mod\u00e8le coop\u00e9ratif n&rsquo;a pas inspir\u00e9 confiance.\u00a0\u00bb<\/em>.<br \/>\n&nbsp;<br \/>\nDe quoi s&rsquo;interroger en effet sur l&rsquo;ad\u00e9quation de la premi\u00e8re direction.<br \/>\n&nbsp;<br \/>\n<em>Les projets de la coop\u00e9rative :<\/em><br \/>\n<img loading=\"lazy\" decoding=\"async\" class=\" aligncenter size-full wp-image-4641\" src=\"http:\/\/5.45.101.177\/haut-allier\/usagers-transportse\/wp-content\/uploads\/2023\/10\/railcoop-carte-art-10-lignes-version-sept.-2021.jpg\" alt=\"railcoop-carte-art-10-lignes-version-sept.-2021.jpg\" align=\"center\" width=\"1328\" height=\"1277\" srcset=\"https:\/\/usagers-transports.haut-allier.eu\/wp-content\/uploads\/2023\/10\/railcoop-carte-art-10-lignes-version-sept.-2021.jpg 1328w, https:\/\/usagers-transports.haut-allier.eu\/wp-content\/uploads\/2023\/10\/railcoop-carte-art-10-lignes-version-sept.-2021-300x288.jpg 300w, https:\/\/usagers-transports.haut-allier.eu\/wp-content\/uploads\/2023\/10\/railcoop-carte-art-10-lignes-version-sept.-2021-1024x985.jpg 1024w, https:\/\/usagers-transports.haut-allier.eu\/wp-content\/uploads\/2023\/10\/railcoop-carte-art-10-lignes-version-sept.-2021-768x739.jpg 768w\" sizes=\"auto, (max-width: 1328px) 100vw, 1328px\" \/><br \/>\n&nbsp;<br \/>\nLa gare de Lyon Pardieu<br \/>\n<img loading=\"lazy\" decoding=\"async\" class=\" aligncenter size-full wp-image-4642\" src=\"http:\/\/5.45.101.177\/haut-allier\/usagers-transportse\/wp-content\/uploads\/2023\/10\/gare_de_la_part_dieu_1.jpg\" alt=\"gare_de_la_part_dieu_1.jpg\" align=\"center\" width=\"1200\" height=\"900\" srcset=\"https:\/\/usagers-transports.haut-allier.eu\/wp-content\/uploads\/2023\/10\/gare_de_la_part_dieu_1.jpg 1200w, https:\/\/usagers-transports.haut-allier.eu\/wp-content\/uploads\/2023\/10\/gare_de_la_part_dieu_1-300x225.jpg 300w, https:\/\/usagers-transports.haut-allier.eu\/wp-content\/uploads\/2023\/10\/gare_de_la_part_dieu_1-1024x768.jpg 1024w, https:\/\/usagers-transports.haut-allier.eu\/wp-content\/uploads\/2023\/10\/gare_de_la_part_dieu_1-768x576.jpg 768w\" sizes=\"auto, (max-width: 1200px) 100vw, 1200px\" \/><br \/>\nLa gare de Limoges<br \/>\n<img loading=\"lazy\" decoding=\"async\" class=\" aligncenter size-full wp-image-4643\" src=\"http:\/\/5.45.101.177\/haut-allier\/usagers-transportse\/wp-content\/uploads\/2023\/10\/garelimogesfrance_na_87_limoges_gare_02.jpg\" alt=\"garelimogesfrance_na_87_limoges_gare_02.jpg\" align=\"center\" width=\"1200\" height=\"801\" srcset=\"https:\/\/usagers-transports.haut-allier.eu\/wp-content\/uploads\/2023\/10\/garelimogesfrance_na_87_limoges_gare_02.jpg 1200w, https:\/\/usagers-transports.haut-allier.eu\/wp-content\/uploads\/2023\/10\/garelimogesfrance_na_87_limoges_gare_02-300x200.jpg 300w, https:\/\/usagers-transports.haut-allier.eu\/wp-content\/uploads\/2023\/10\/garelimogesfrance_na_87_limoges_gare_02-1024x684.jpg 1024w, https:\/\/usagers-transports.haut-allier.eu\/wp-content\/uploads\/2023\/10\/garelimogesfrance_na_87_limoges_gare_02-768x513.jpg 768w\" sizes=\"auto, (max-width: 1200px) 100vw, 1200px\" \/><br \/>\nLe hall de Bordeaux Saint-Jean<br \/>\n<img loading=\"lazy\" decoding=\"async\" class=\" aligncenter size-full wp-image-4644\" src=\"http:\/\/5.45.101.177\/haut-allier\/usagers-transportse\/wp-content\/uploads\/2023\/10\/garebdxdscf0474.jpg\" alt=\"garebdxdscf0474.jpg\" align=\"center\" width=\"1200\" height=\"900\" srcset=\"https:\/\/usagers-transports.haut-allier.eu\/wp-content\/uploads\/2023\/10\/garebdxdscf0474.jpg 1200w, https:\/\/usagers-transports.haut-allier.eu\/wp-content\/uploads\/2023\/10\/garebdxdscf0474-300x225.jpg 300w, https:\/\/usagers-transports.haut-allier.eu\/wp-content\/uploads\/2023\/10\/garebdxdscf0474-1024x768.jpg 1024w, https:\/\/usagers-transports.haut-allier.eu\/wp-content\/uploads\/2023\/10\/garebdxdscf0474-768x576.jpg 768w\" sizes=\"auto, (max-width: 1200px) 100vw, 1200px\" \/><br \/>\n&nbsp;<br \/>\nMais Railcoop a-t-elle \u00e9t\u00e9 suffisamment accompagn\u00e9e ? L&rsquo;union r\u00e9gionale des soci\u00e9t\u00e9s coop\u00e9ratives qui doit surveiller les projets de cette cat\u00e9gorie a-t-elle bien jou\u00e9 son r\u00f4le ?  Les banques coop\u00e9ratives comme la NEF ou le Cr\u00e9dit coop\u00e9ratif ont-elles, elles aussi, suffisamment accompagn\u00e9 ? Et sur la r\u00e9novation des rames, la soci\u00e9t\u00e9 ACC-M (Clermont-Ferrand) a-t-elle pris des risques suffisants avec leurs exigences d&rsquo;un maximum de garanties ?<br \/>\n&nbsp;<br \/>\nD&rsquo;autres questions se posent encore : sait-on faire vraiment fonctionner des coop\u00e9ratives de cette importance en France ? Railcoop essuie-t-elle les pl\u00e2tres ?<br \/>\n&nbsp;<br \/>\nQuoiqu&rsquo;il en soit si leur dernier communiqu\u00e9 \u00e9mis apr\u00e8s l&rsquo;AG de ce samedi 7 octobre se f\u00e9licite de la participation \u00e0 42% des soci\u00e9taires pour le vote de la poursuite de l&rsquo;activit\u00e9 (88,5 %) ainsi que la poursuite des discussions avec le fonds d&rsquo;investissement Serena Partners approuv\u00e9e \u00e0 85,5 % , il faut noter que les votes en distanciel ont d\u00e9but\u00e9 il y a un mois environ alors que les soci\u00e9taires ne disposaient pas des mauvaises infos parvenues r\u00e9cemment.<br \/>\n&nbsp;<br \/>\nToujours est-il que, mis \u00e0 part les craintes d&rsquo;un fonctionnement de moins en moins coop\u00e9ratif, le nouvel investisseur priv\u00e9 devra prendre les risques qui n&rsquo;ont pas \u00e9t\u00e9 pris, tout seul.<br \/>\n&nbsp;<br \/>\nLaissons leur le dernier mot :<br \/>\n&nbsp;<\/p>\n<blockquote class=\"poesie\"><p>\nComme nous vous l&rsquo;avons indiqu\u00e9 cette semaine, il va d\u00e9sormais \u00eatre n\u00e9cessaire, pour envisager une poursuite de l&rsquo;activit\u00e9, de nous placer sous la protection du Tribunal de Commerce.<\/p>\n<p>Si nous arrivons \u00e0 d\u00e9finir des solutions cr\u00e9dibles, nous proposerons au Tribunal un \u00ab\u00a0plan de continuation\u00a0\u00bb, pour ouvrir une proc\u00e9dure de redressement judiciaire. Si le Tribunal l&rsquo;accepte, nous disposerons d&rsquo;un d\u00e9lai pour redresser la coop\u00e9rative. En vue de ce plan, nous \u00e9tudions depuis plusieurs jours toutes les options possibles. Nous avons \u00e9galement demand\u00e9 \u00e0 l&rsquo;Etat d&rsquo;entrer au capital de Railcoop.<\/p>\n<p>Si nous estimons que les chances de succ\u00e8s sont trop faibles, nous ne solliciterons pas davantage l&rsquo;argent des soci\u00e9taires ni du public, et nous proposerons alors une proc\u00e9dure de liquidation.\n<\/p><\/blockquote>\n<p>&nbsp;<\/p>\n","protected":false},"excerpt":{"rendered":"<p>Et nous ne nous en r\u00e9jouissons pas loin de l\u00e0, nous y avons cru nous aussi, contrairement aux<\/p>\n","protected":false},"author":1,"featured_media":4640,"comment_status":"open","ping_status":"open","sticky":false,"template":"","format":"standard","meta":{"footnotes":""},"categories":[2],"tags":[],"class_list":["post-1029","post","type-post","status-publish","format-standard","has-post-thumbnail","hentry","category-infos"],"_links":{"self":[{"href":"https:\/\/usagers-transports.haut-allier.eu\/index.php\/wp-json\/wp\/v2\/posts\/1029","targetHints":{"allow":["GET"]}}],"collection":[{"href":"https:\/\/usagers-transports.haut-allier.eu\/index.php\/wp-json\/wp\/v2\/posts"}],"about":[{"href":"https:\/\/usagers-transports.haut-allier.eu\/index.php\/wp-json\/wp\/v2\/types\/post"}],"author":[{"embeddable":true,"href":"https:\/\/usagers-transports.haut-allier.eu\/index.php\/wp-json\/wp\/v2\/users\/1"}],"replies":[{"embeddable":true,"href":"https:\/\/usagers-transports.haut-allier.eu\/index.php\/wp-json\/wp\/v2\/comments?post=1029"}],"version-history":[{"count":0,"href":"https:\/\/usagers-transports.haut-allier.eu\/index.php\/wp-json\/wp\/v2\/posts\/1029\/revisions"}],"wp:featuredmedia":[{"embeddable":true,"href":"https:\/\/usagers-transports.haut-allier.eu\/index.php\/wp-json\/wp\/v2\/media\/4640"}],"wp:attachment":[{"href":"https:\/\/usagers-transports.haut-allier.eu\/index.php\/wp-json\/wp\/v2\/media?parent=1029"}],"wp:term":[{"taxonomy":"category","embeddable":true,"href":"https:\/\/usagers-transports.haut-allier.eu\/index.php\/wp-json\/wp\/v2\/categories?post=1029"},{"taxonomy":"post_tag","embeddable":true,"href":"https:\/\/usagers-transports.haut-allier.eu\/index.php\/wp-json\/wp\/v2\/tags?post=1029"}],"curies":[{"name":"wp","href":"https:\/\/api.w.org\/{rel}","templated":true}]}}