{"id":1031,"date":"2023-10-17T15:50:42","date_gmt":"2023-10-17T13:50:42","guid":{"rendered":"http:\/\/5.45.101.177\/haut-allier\/usagers-transportse\/index.php\/2023\/10\/17\/sncf-connect-les-ameliorations-en1031\/"},"modified":"2023-10-17T15:50:42","modified_gmt":"2023-10-17T13:50:42","slug":"sncf-connect-les-ameliorations-en1031","status":"publish","type":"post","link":"https:\/\/usagers-transports.haut-allier.eu\/index.php\/2023\/10\/17\/sncf-connect-les-ameliorations-en1031\/","title":{"rendered":"SNCF Connect : les am\u00e9liorations en cours de l&rsquo;application si d\u00e9cri\u00e9e"},"content":{"rendered":"<p>Nous avons pu rencontrer l&rsquo;\u00e9quipe Mobilit\u00e9 urbaine de SNCF Connect. Nous n&rsquo;avons pas manqu\u00e9 de leur parler du \u00ab\u00a0ressenti utilisateur\u00a0\u00bb.<br \/>\n&nbsp;<br \/>\nParmi les nouveaut\u00e9s notables en cours depuis septembre, en r\u00e9gion Aquitaine uniquement, l&rsquo;application permet un fonctionnement \u00ab\u00a0\u00e0 la <a href=\"http:\/\/usagers-transports.haut-allier.eu\/?prendre-le-train-desempares-devant,1012\"><em>FAIRTIQ<\/em><\/a>\u00a0\u00bb c&rsquo;est-\u00e0-dire le paiement des transports sur le mode \u00ab\u00a0par trajet\u00a0\u00bb, avec paiement mensualis\u00e9 en fin de mois, suivi automatique avec g\u00e9olocalisation &#8211; obligatoire &#8211; et \u00e0 l&rsquo;aide d&rsquo;un bouton \u00ab\u00a0START\u00a0\u00bb au d\u00e9but du trajet puis un bouton \u00ab\u00a0STOP\u00a0\u00bb \u00e0 la fin.<br \/>\n&nbsp;<br \/>\nLa r\u00e9gion Aquitaine on s&rsquo;en souvient, avait adopt\u00e9 FAIRTIQ jusqu&rsquo;alors. Elle vient de laisser tomber cette application novatrice d&rsquo;origine suisse pour adopter SNCF Connect qui propose la m\u00eame chose depuis peu sous l&rsquo;appellation \u00ab\u00a0<a href=\"https:\/\/www.sncf-connect.com\/aide\/just-go\"><em>Just Go<\/em><\/a>\u00ab\u00a0. Par contre le type de transports qu&rsquo;on pourra prendre se limitera aux trains TER Aquitaine. Ni les autres trains ni les bus comme en Occitanie, ni les d&rsquo;autres modes sont utilisables avec JustGo. Les avantages de Fairtiq sont bien l\u00e0 : simplicit\u00e9, paiement au meilleur tarif, tenue compte du nombre de voyages, etc. Bravo \u00e0  la SNCF pour sa facult\u00e9 \u00e0 pomper les id\u00e9es qui marchent des petits copains afin de garder les clients \/ usagers captifs.<br \/>\n&nbsp;<br \/>\n<img loading=\"lazy\" decoding=\"async\" class=\" aligncenter size-full wp-image-4648\" src=\"http:\/\/5.45.101.177\/haut-allier\/usagers-transportse\/wp-content\/uploads\/2023\/10\/img_20231017_110938-scaled.jpg\" alt=\"img_20231017_110938.jpg\" align=\"center\" width=\"2560\" height=\"1920\" srcset=\"https:\/\/usagers-transports.haut-allier.eu\/wp-content\/uploads\/2023\/10\/img_20231017_110938-scaled.jpg 2560w, https:\/\/usagers-transports.haut-allier.eu\/wp-content\/uploads\/2023\/10\/img_20231017_110938-300x225.jpg 300w, https:\/\/usagers-transports.haut-allier.eu\/wp-content\/uploads\/2023\/10\/img_20231017_110938-1024x768.jpg 1024w, https:\/\/usagers-transports.haut-allier.eu\/wp-content\/uploads\/2023\/10\/img_20231017_110938-768x576.jpg 768w, https:\/\/usagers-transports.haut-allier.eu\/wp-content\/uploads\/2023\/10\/img_20231017_110938-1536x1152.jpg 1536w, https:\/\/usagers-transports.haut-allier.eu\/wp-content\/uploads\/2023\/10\/img_20231017_110938-2048x1536.jpg 2048w\" sizes=\"auto, (max-width: 2560px) 100vw, 2560px\" \/><br \/>\n&nbsp;<br \/>\n<strong>Et les billets limit\u00e9s \u00e0 2 correspondances ?<\/strong><br \/>\n&nbsp;<br \/>\nC&rsquo;est la premi\u00e8re question que nous avons pos\u00e9 \u00e0 l&rsquo;\u00e9quipe. A notre grand \u00e9tonnement, alors que jamais aucune r\u00e9ponse n&rsquo;a \u00e9t\u00e9 apport\u00e9e \u00e0 nos interpellations nombreuses et \u00e0 notre <a href=\"http:\/\/usagers-transports.haut-allier.eu\/?les-billets-vendus-par-sncf-sont,1018\"><em>p\u00e9tition<\/em><\/a>, SNCF Connect y travaillerait \u00ab\u00a0mais \u00e7a prend du temps parce que ce n&rsquo;est pas simple\u00a0\u00bb. En tous cas c&rsquo;est dans les tuyaux et si l&rsquo;\u00e9quipe ne peut pas encore fournir de date <strong>elle esp\u00e8re enlever la limitation avant 2025<\/strong>.<br \/>\n&nbsp;<br \/>\nEnfin serait-on amen\u00e9 \u00e0 r\u00e9agir ! Apr\u00e8s tous les autres pays europ\u00e9ens il \u00e9tait grand temps. Encore un h\u00e9ritage malheureux de l&rsquo;ex PDG P\u00e9py.<br \/>\n&nbsp;<br \/>\n<strong>Les autres caract\u00e9ristiques de l&rsquo;application<\/strong><br \/>\n&nbsp;<br \/>\nSi vous avez besoin d&rsquo;une agence de tourisme les sections \u00ab\u00a0O\u00f9 partir\u00a0\u00bb et \u00ab\u00a0A voir \u00e0 faire\u00a0\u00bb vont vous ravir et faire plonger certains bobos dans la nouvelle tendance du \u00ab\u00a0train-bragging\u00a0\u00bb, cette volont\u00e9 assum\u00e9e de prendre le train pour des raisons \u00e9cologiques et d&rsquo;\u00eatre fiers de privil\u00e9gier ce mode de transport durable pour ses voyages.<br \/>\n&nbsp;<br \/>\nLes alertes petits prix : on peut enregistrer un trajet sp\u00e9cifique et recevoir un email lorsque un tarif int\u00e9ressant est d\u00e9tect\u00e9. Rubrique \u00ab\u00a0Favoris et alertes\u00a0\u00bb puis Alertes petits prix\u00a0\u00bb. Il y a aussi d&rsquo;autres alertes : R\u00e9sa Max, R\u00e9servation, et, nouveau, \u00ab\u00a0train complet\u00a0\u00bb disponible fin octobre. Cette derni\u00e8re donnera la possibilit\u00e9 de s&rsquo;inscrire sur une liste d&rsquo;attente et de reprendre le si\u00e8ge d&rsquo;un voyageur qui a annul\u00e9 son voyage.<br \/>\n&nbsp;<br \/>\nL&rsquo;info trafic en temps r\u00e9el : incident, travaux, annulations&#8230; On a aussi maintenant et nous l&rsquo;avons tous remarqu\u00e9, la composition des trains.<br \/>\n&nbsp;<br \/>\n<strong>Et la mobilit\u00e9 urbaine ?<\/strong><br \/>\n&nbsp;<br \/>\nIl est int\u00e9ressant de signaler que SNCF Connect permet d\u00e9sormais d&rsquo;acheter et valider les tickets dans 27 r\u00e9seaux de transports urbains qui couvrent plus de 1500 villes et communes en France. Les villes offrant cette possibilit\u00e9 sont : Avignon, Draguignan, Menton, Saintes, Angoul\u00eame, Cognac, Bourgouin-Jallieu, Annecy, Saint-L\u00f4, Caen, Arras, Maubeuge, Evreux, Saint-Brieuc, Alen\u00e7on, Paris (Passe Navigo), Belfort, Montb\u00e9liard, Orl\u00e9ans, Le Mans, Gu\u00e9rande, Saint-Nazaire, Tours, Nevers, Beaune, Cholet et les Sables d&rsquo;Olonne.<br \/>\n&nbsp;<br \/>\n<img loading=\"lazy\" decoding=\"async\" class=\" aligncenter size-full wp-image-4649\" src=\"http:\/\/5.45.101.177\/haut-allier\/usagers-transportse\/wp-content\/uploads\/2023\/10\/1675356585_sncf-connect-transports-urbains-france.jpg\" alt=\"1675356585_sncf-connect-transports-urbains-france.jpg\" align=\"center\" width=\"955\" height=\"952\" srcset=\"https:\/\/usagers-transports.haut-allier.eu\/wp-content\/uploads\/2023\/10\/1675356585_sncf-connect-transports-urbains-france.jpg 955w, https:\/\/usagers-transports.haut-allier.eu\/wp-content\/uploads\/2023\/10\/1675356585_sncf-connect-transports-urbains-france-300x300.jpg 300w, https:\/\/usagers-transports.haut-allier.eu\/wp-content\/uploads\/2023\/10\/1675356585_sncf-connect-transports-urbains-france-150x150.jpg 150w, https:\/\/usagers-transports.haut-allier.eu\/wp-content\/uploads\/2023\/10\/1675356585_sncf-connect-transports-urbains-france-768x766.jpg 768w\" sizes=\"auto, (max-width: 955px) 100vw, 955px\" \/><br \/>\n&nbsp;<br \/>\nVoil\u00e0 quelques nouvelles de l&rsquo;application officielle de notre op\u00e9rateur national.<br \/>\n&nbsp;<\/p>\n","protected":false},"excerpt":{"rendered":"<p>Nous avons pu rencontrer l&rsquo;\u00e9quipe Mobilit\u00e9 urbaine de SNCF Connect. Nous n&rsquo;avons pas manqu\u00e9 de leur parler du<\/p>\n","protected":false},"author":1,"featured_media":4647,"comment_status":"open","ping_status":"open","sticky":false,"template":"","format":"standard","meta":{"footnotes":""},"categories":[2],"tags":[],"class_list":["post-1031","post","type-post","status-publish","format-standard","has-post-thumbnail","hentry","category-infos"],"_links":{"self":[{"href":"https:\/\/usagers-transports.haut-allier.eu\/index.php\/wp-json\/wp\/v2\/posts\/1031","targetHints":{"allow":["GET"]}}],"collection":[{"href":"https:\/\/usagers-transports.haut-allier.eu\/index.php\/wp-json\/wp\/v2\/posts"}],"about":[{"href":"https:\/\/usagers-transports.haut-allier.eu\/index.php\/wp-json\/wp\/v2\/types\/post"}],"author":[{"embeddable":true,"href":"https:\/\/usagers-transports.haut-allier.eu\/index.php\/wp-json\/wp\/v2\/users\/1"}],"replies":[{"embeddable":true,"href":"https:\/\/usagers-transports.haut-allier.eu\/index.php\/wp-json\/wp\/v2\/comments?post=1031"}],"version-history":[{"count":0,"href":"https:\/\/usagers-transports.haut-allier.eu\/index.php\/wp-json\/wp\/v2\/posts\/1031\/revisions"}],"wp:featuredmedia":[{"embeddable":true,"href":"https:\/\/usagers-transports.haut-allier.eu\/index.php\/wp-json\/wp\/v2\/media\/4647"}],"wp:attachment":[{"href":"https:\/\/usagers-transports.haut-allier.eu\/index.php\/wp-json\/wp\/v2\/media?parent=1031"}],"wp:term":[{"taxonomy":"category","embeddable":true,"href":"https:\/\/usagers-transports.haut-allier.eu\/index.php\/wp-json\/wp\/v2\/categories?post=1031"},{"taxonomy":"post_tag","embeddable":true,"href":"https:\/\/usagers-transports.haut-allier.eu\/index.php\/wp-json\/wp\/v2\/tags?post=1031"}],"curies":[{"name":"wp","href":"https:\/\/api.w.org\/{rel}","templated":true}]}}