{"id":1032,"date":"2023-10-18T11:23:52","date_gmt":"2023-10-18T09:23:52","guid":{"rendered":"http:\/\/5.45.101.177\/haut-allier\/usagers-transportse\/index.php\/2023\/10\/18\/rntp-2023-clermont-ferrand-la1032\/"},"modified":"2023-10-18T11:23:52","modified_gmt":"2023-10-18T09:23:52","slug":"rntp-2023-clermont-ferrand-la1032","status":"publish","type":"post","link":"https:\/\/usagers-transports.haut-allier.eu\/index.php\/2023\/10\/18\/rntp-2023-clermont-ferrand-la1032\/","title":{"rendered":"RNTP 2023 Clermont-Ferrand : la r\u00e9gion Auvergne Rh\u00f4ne Alpes absente des forums"},"content":{"rendered":"<p>Et \u00e9galement de stand sur le salon. Une absence tr\u00e8s remarqu\u00e9e. D\u00e9monstration s&rsquo;il en fallait une autre du peu d&rsquo;int\u00e9r\u00eat que porte cette r\u00e9gion au transport public. La r\u00e9gion Occitanie, elle, disposait d&rsquo;un stand, et son Vice-pr\u00e9sident charg\u00e9 des transports, Jean-Luc Gibelin intervenait le mercredi 18 dans le forum &#8211; atelier officiel pour traiter du th\u00e8me \u00ab\u00a0Accessibilit\u00e9 des transports : comment favoriser la mobilit\u00e9 universelle ?\u00a0\u00bb Quel chef de file pour l\u2019accessibilit\u00e9 des arr\u00eats en milieu rural ? Quels am\u00e9nagements d\u2019accessibilit\u00e9 entreprendre autour du point d\u2019arr\u00eat ? Le plan de mise en accessibilit\u00e9 de la voirie et des am\u00e9nagements des espaces publics (PAVE) comme seul outil incontournable ?.<br \/>\n&nbsp;<br \/>\n<img loading=\"lazy\" decoding=\"async\" class=\" aligncenter size-full wp-image-4651\" src=\"http:\/\/5.45.101.177\/haut-allier\/usagers-transportse\/wp-content\/uploads\/2023\/10\/1500-img_20231017_113106.jpg\" alt=\"1500-img_20231017_113106.jpg\" align=\"center\" width=\"1500\" height=\"1125\" srcset=\"https:\/\/usagers-transports.haut-allier.eu\/wp-content\/uploads\/2023\/10\/1500-img_20231017_113106.jpg 1500w, https:\/\/usagers-transports.haut-allier.eu\/wp-content\/uploads\/2023\/10\/1500-img_20231017_113106-300x225.jpg 300w, https:\/\/usagers-transports.haut-allier.eu\/wp-content\/uploads\/2023\/10\/1500-img_20231017_113106-1024x768.jpg 1024w, https:\/\/usagers-transports.haut-allier.eu\/wp-content\/uploads\/2023\/10\/1500-img_20231017_113106-768x576.jpg 768w\" sizes=\"auto, (max-width: 1500px) 100vw, 1500px\" \/><br \/>\n&nbsp;<br \/>\n<strong>[Mise \u00e0 jour du 19\/10\/2023]<br \/>\n<\/strong><br \/>\nNous corrigeons : Fr\u00e9d\u00e9ric Aguilera a particip\u00e9 \u00e0 une pr\u00e9sentation du train \u00e0 batteries le mercredi 18 en compagnie de 5 autres vice-pr\u00e9sidents de r\u00e9gions charg\u00e9s des mobilit\u00e9s sur le stand de la SNCF selon son tweet :<br \/>\n&nbsp;<br \/>\n<img loading=\"lazy\" decoding=\"async\" class=\" aligncenter size-full wp-image-4652\" src=\"http:\/\/5.45.101.177\/haut-allier\/usagers-transportse\/wp-content\/uploads\/2023\/10\/aguilera-frederic-aguilera_fred-x.png\" alt=\"aguilera-frederic-aguilera_fred-x.png\" align=\"center\" width=\"590\" height=\"556\" srcset=\"https:\/\/usagers-transports.haut-allier.eu\/wp-content\/uploads\/2023\/10\/aguilera-frederic-aguilera_fred-x.png 590w, https:\/\/usagers-transports.haut-allier.eu\/wp-content\/uploads\/2023\/10\/aguilera-frederic-aguilera_fred-x-300x283.png 300w\" sizes=\"auto, (max-width: 590px) 100vw, 590px\" \/><\/p>\n<p>&nbsp;<br \/>\nJustement, un petit tour des exposants et du salon :<br \/>\n&nbsp;<br \/>\n<em>Se tenaient tout au long de multiples mini conf\u00e9rences sur des sujets divers :<\/em><br \/>\n<img loading=\"lazy\" decoding=\"async\" class=\" aligncenter size-full wp-image-4653\" src=\"http:\/\/5.45.101.177\/haut-allier\/usagers-transportse\/wp-content\/uploads\/2023\/10\/1500-img_20231017_112442.jpg\" alt=\"1500-img_20231017_112442.jpg\" align=\"center\" width=\"1500\" height=\"1125\" srcset=\"https:\/\/usagers-transports.haut-allier.eu\/wp-content\/uploads\/2023\/10\/1500-img_20231017_112442.jpg 1500w, https:\/\/usagers-transports.haut-allier.eu\/wp-content\/uploads\/2023\/10\/1500-img_20231017_112442-300x225.jpg 300w, https:\/\/usagers-transports.haut-allier.eu\/wp-content\/uploads\/2023\/10\/1500-img_20231017_112442-1024x768.jpg 1024w, https:\/\/usagers-transports.haut-allier.eu\/wp-content\/uploads\/2023\/10\/1500-img_20231017_112442-768x576.jpg 768w\" sizes=\"auto, (max-width: 1500px) 100vw, 1500px\" \/><br \/>\n<em>Fairtiq la solution suisse de billettique tout int\u00e9gr\u00e9e<\/em><br \/>\n<img loading=\"lazy\" decoding=\"async\" class=\" aligncenter size-full wp-image-4654\" src=\"http:\/\/5.45.101.177\/haut-allier\/usagers-transportse\/wp-content\/uploads\/2023\/10\/1500-img_20231017_112556.jpg\" alt=\"1500-img_20231017_112556.jpg\" align=\"center\" width=\"1500\" height=\"1125\" srcset=\"https:\/\/usagers-transports.haut-allier.eu\/wp-content\/uploads\/2023\/10\/1500-img_20231017_112556.jpg 1500w, https:\/\/usagers-transports.haut-allier.eu\/wp-content\/uploads\/2023\/10\/1500-img_20231017_112556-300x225.jpg 300w, https:\/\/usagers-transports.haut-allier.eu\/wp-content\/uploads\/2023\/10\/1500-img_20231017_112556-1024x768.jpg 1024w, https:\/\/usagers-transports.haut-allier.eu\/wp-content\/uploads\/2023\/10\/1500-img_20231017_112556-768x576.jpg 768w\" sizes=\"auto, (max-width: 1500px) 100vw, 1500px\" \/><br \/>\n<em>Sur le stand SNCF on peut voir la maquette du Train L\u00e9ger Innovant promu par la SNCF et le constructeur CAF. Bimode \u00e9lectrique et batteries<\/em><br \/>\n<img loading=\"lazy\" decoding=\"async\" class=\" aligncenter size-full wp-image-4655\" src=\"http:\/\/5.45.101.177\/haut-allier\/usagers-transportse\/wp-content\/uploads\/2023\/10\/1500-img_20231017_112050.jpg\" alt=\"1500-img_20231017_112050.jpg\" align=\"center\" width=\"1500\" height=\"1125\" srcset=\"https:\/\/usagers-transports.haut-allier.eu\/wp-content\/uploads\/2023\/10\/1500-img_20231017_112050.jpg 1500w, https:\/\/usagers-transports.haut-allier.eu\/wp-content\/uploads\/2023\/10\/1500-img_20231017_112050-300x225.jpg 300w, https:\/\/usagers-transports.haut-allier.eu\/wp-content\/uploads\/2023\/10\/1500-img_20231017_112050-1024x768.jpg 1024w, https:\/\/usagers-transports.haut-allier.eu\/wp-content\/uploads\/2023\/10\/1500-img_20231017_112050-768x576.jpg 768w\" sizes=\"auto, (max-width: 1500px) 100vw, 1500px\" \/><br \/>\n<em>Puis l&rsquo;Intercit\u00e9s Oxyg\u00e8ne de CAF destin\u00e9 \u00e0 remplacer les rames actuelles entre Paris Montlu\u00e7on et Paris Clermont<\/em><br \/>\n<img loading=\"lazy\" decoding=\"async\" class=\" aligncenter size-full wp-image-4656\" src=\"http:\/\/5.45.101.177\/haut-allier\/usagers-transportse\/wp-content\/uploads\/2023\/10\/1500-img_20231017_111749.jpg\" alt=\"1500-img_20231017_111749.jpg\" align=\"center\" width=\"1500\" height=\"1125\" srcset=\"https:\/\/usagers-transports.haut-allier.eu\/wp-content\/uploads\/2023\/10\/1500-img_20231017_111749.jpg 1500w, https:\/\/usagers-transports.haut-allier.eu\/wp-content\/uploads\/2023\/10\/1500-img_20231017_111749-300x225.jpg 300w, https:\/\/usagers-transports.haut-allier.eu\/wp-content\/uploads\/2023\/10\/1500-img_20231017_111749-1024x768.jpg 1024w, https:\/\/usagers-transports.haut-allier.eu\/wp-content\/uploads\/2023\/10\/1500-img_20231017_111749-768x576.jpg 768w\" sizes=\"auto, (max-width: 1500px) 100vw, 1500px\" \/><br \/>\n<em>SNCF Connect pr\u00e9sente Just Go d\u00e9ploy\u00e9 en r\u00e9gion Aquitaine qui concurrence ainsi Fairtiq<\/em><br \/>\n<img loading=\"lazy\" decoding=\"async\" class=\" aligncenter size-full wp-image-4657\" src=\"http:\/\/5.45.101.177\/haut-allier\/usagers-transportse\/wp-content\/uploads\/2023\/10\/1500-img_20231017_110938.jpg\" alt=\"1500-img_20231017_110938.jpg\" align=\"center\" width=\"1377\" height=\"1500\" srcset=\"https:\/\/usagers-transports.haut-allier.eu\/wp-content\/uploads\/2023\/10\/1500-img_20231017_110938.jpg 1377w, https:\/\/usagers-transports.haut-allier.eu\/wp-content\/uploads\/2023\/10\/1500-img_20231017_110938-275x300.jpg 275w, https:\/\/usagers-transports.haut-allier.eu\/wp-content\/uploads\/2023\/10\/1500-img_20231017_110938-940x1024.jpg 940w, https:\/\/usagers-transports.haut-allier.eu\/wp-content\/uploads\/2023\/10\/1500-img_20231017_110938-768x837.jpg 768w\" sizes=\"auto, (max-width: 1377px) 100vw, 1377px\" \/><br \/>\n<em>Les op\u00e9rateurs alternatifs comme Le Train sont pr\u00e9sents<\/em><br \/>\n<img loading=\"lazy\" decoding=\"async\" class=\" aligncenter size-full wp-image-4658\" src=\"http:\/\/5.45.101.177\/haut-allier\/usagers-transportse\/wp-content\/uploads\/2023\/10\/1500-img_20231017_105759.jpg\" alt=\"1500-img_20231017_105759.jpg\" align=\"center\" width=\"1125\" height=\"1500\" srcset=\"https:\/\/usagers-transports.haut-allier.eu\/wp-content\/uploads\/2023\/10\/1500-img_20231017_105759.jpg 1125w, https:\/\/usagers-transports.haut-allier.eu\/wp-content\/uploads\/2023\/10\/1500-img_20231017_105759-225x300.jpg 225w, https:\/\/usagers-transports.haut-allier.eu\/wp-content\/uploads\/2023\/10\/1500-img_20231017_105759-768x1024.jpg 768w\" sizes=\"auto, (max-width: 1125px) 100vw, 1125px\" \/><br \/>\n<em>Leur projet de desserte dans l&rsquo;ouest de la France<\/em><br \/>\n<img loading=\"lazy\" decoding=\"async\" class=\" aligncenter size-full wp-image-4659\" src=\"http:\/\/5.45.101.177\/haut-allier\/usagers-transportse\/wp-content\/uploads\/2023\/10\/1500-img_20231017_105817.jpg\" alt=\"1500-img_20231017_105817.jpg\" align=\"center\" width=\"1125\" height=\"1500\" srcset=\"https:\/\/usagers-transports.haut-allier.eu\/wp-content\/uploads\/2023\/10\/1500-img_20231017_105817.jpg 1125w, https:\/\/usagers-transports.haut-allier.eu\/wp-content\/uploads\/2023\/10\/1500-img_20231017_105817-225x300.jpg 225w, https:\/\/usagers-transports.haut-allier.eu\/wp-content\/uploads\/2023\/10\/1500-img_20231017_105817-768x1024.jpg 768w\" sizes=\"auto, (max-width: 1125px) 100vw, 1125px\" \/><br \/>\n<em>L&rsquo;agglo de Clermont pr\u00e9sentait la reproduction du \u00abcarrosse \u00e0 cinq sols\u00bb, cet anc\u00eatre des omnibus, qui fut imagin\u00e9 par le philosophe et math\u00e9maticien de g\u00e9nie Blaise Pascal n\u00e9 le 19 juin 1623 \u00e0 Clermont-Ferrand<\/em><br \/>\n<img loading=\"lazy\" decoding=\"async\" class=\" aligncenter size-full wp-image-4660\" src=\"http:\/\/5.45.101.177\/haut-allier\/usagers-transportse\/wp-content\/uploads\/2023\/10\/1500-img_20231017_111719.jpg\" alt=\"1500-img_20231017_111719.jpg\" align=\"center\" width=\"1500\" height=\"1125\" srcset=\"https:\/\/usagers-transports.haut-allier.eu\/wp-content\/uploads\/2023\/10\/1500-img_20231017_111719.jpg 1500w, https:\/\/usagers-transports.haut-allier.eu\/wp-content\/uploads\/2023\/10\/1500-img_20231017_111719-300x225.jpg 300w, https:\/\/usagers-transports.haut-allier.eu\/wp-content\/uploads\/2023\/10\/1500-img_20231017_111719-1024x768.jpg 1024w, https:\/\/usagers-transports.haut-allier.eu\/wp-content\/uploads\/2023\/10\/1500-img_20231017_111719-768x576.jpg 768w\" sizes=\"auto, (max-width: 1500px) 100vw, 1500px\" \/><br \/>\n<em>On ne sourit pas en lisant le slogan&#8230;<\/em><br \/>\n<img loading=\"lazy\" decoding=\"async\" class=\" aligncenter size-full wp-image-4661\" src=\"http:\/\/5.45.101.177\/haut-allier\/usagers-transportse\/wp-content\/uploads\/2023\/10\/1500-img_20231017_105648.jpg\" alt=\"1500-img_20231017_105648.jpg\" align=\"center\" width=\"1500\" height=\"1125\" srcset=\"https:\/\/usagers-transports.haut-allier.eu\/wp-content\/uploads\/2023\/10\/1500-img_20231017_105648.jpg 1500w, https:\/\/usagers-transports.haut-allier.eu\/wp-content\/uploads\/2023\/10\/1500-img_20231017_105648-300x225.jpg 300w, https:\/\/usagers-transports.haut-allier.eu\/wp-content\/uploads\/2023\/10\/1500-img_20231017_105648-1024x768.jpg 1024w, https:\/\/usagers-transports.haut-allier.eu\/wp-content\/uploads\/2023\/10\/1500-img_20231017_105648-768x576.jpg 768w\" sizes=\"auto, (max-width: 1500px) 100vw, 1500px\" \/><br \/>\n<em>Sinon grosse partie du salon consacr\u00e9e aux mini bus \u00e9lectriques et \u00e0 hydrog\u00e8ne sans conducteurs<\/em><br \/>\n<img loading=\"lazy\" decoding=\"async\" class=\" aligncenter size-full wp-image-4662\" src=\"http:\/\/5.45.101.177\/haut-allier\/usagers-transportse\/wp-content\/uploads\/2023\/10\/1500-img_20231017_105457.jpg\" alt=\"1500-img_20231017_105457.jpg\" align=\"center\" width=\"1500\" height=\"1125\" srcset=\"https:\/\/usagers-transports.haut-allier.eu\/wp-content\/uploads\/2023\/10\/1500-img_20231017_105457.jpg 1500w, https:\/\/usagers-transports.haut-allier.eu\/wp-content\/uploads\/2023\/10\/1500-img_20231017_105457-300x225.jpg 300w, https:\/\/usagers-transports.haut-allier.eu\/wp-content\/uploads\/2023\/10\/1500-img_20231017_105457-1024x768.jpg 1024w, https:\/\/usagers-transports.haut-allier.eu\/wp-content\/uploads\/2023\/10\/1500-img_20231017_105457-768x576.jpg 768w\" sizes=\"auto, (max-width: 1500px) 100vw, 1500px\" \/><br \/>\n<img loading=\"lazy\" decoding=\"async\" class=\" aligncenter size-full wp-image-4663\" src=\"http:\/\/5.45.101.177\/haut-allier\/usagers-transportse\/wp-content\/uploads\/2023\/10\/1500-img_20231017_105414.jpg\" alt=\"1500-img_20231017_105414.jpg\" align=\"center\" width=\"1500\" height=\"1125\" srcset=\"https:\/\/usagers-transports.haut-allier.eu\/wp-content\/uploads\/2023\/10\/1500-img_20231017_105414.jpg 1500w, https:\/\/usagers-transports.haut-allier.eu\/wp-content\/uploads\/2023\/10\/1500-img_20231017_105414-300x225.jpg 300w, https:\/\/usagers-transports.haut-allier.eu\/wp-content\/uploads\/2023\/10\/1500-img_20231017_105414-1024x768.jpg 1024w, https:\/\/usagers-transports.haut-allier.eu\/wp-content\/uploads\/2023\/10\/1500-img_20231017_105414-768x576.jpg 768w\" sizes=\"auto, (max-width: 1500px) 100vw, 1500px\" \/><br \/>\n<img loading=\"lazy\" decoding=\"async\" class=\" aligncenter size-full wp-image-4664\" src=\"http:\/\/5.45.101.177\/haut-allier\/usagers-transportse\/wp-content\/uploads\/2023\/10\/1500-img_20231017_121552.jpg\" alt=\"1500-img_20231017_121552.jpg\" align=\"center\" width=\"1500\" height=\"1125\" srcset=\"https:\/\/usagers-transports.haut-allier.eu\/wp-content\/uploads\/2023\/10\/1500-img_20231017_121552.jpg 1500w, https:\/\/usagers-transports.haut-allier.eu\/wp-content\/uploads\/2023\/10\/1500-img_20231017_121552-300x225.jpg 300w, https:\/\/usagers-transports.haut-allier.eu\/wp-content\/uploads\/2023\/10\/1500-img_20231017_121552-1024x768.jpg 1024w, https:\/\/usagers-transports.haut-allier.eu\/wp-content\/uploads\/2023\/10\/1500-img_20231017_121552-768x576.jpg 768w\" sizes=\"auto, (max-width: 1500px) 100vw, 1500px\" \/><br \/>\n<em>Le v\u00e9lo occupait aussi une section importante de la manifestation. Se tenait d&rsquo;ailleurs le congr\u00e8s et les conf\u00e9rences de la FUB la f\u00e9d\u00e9ration des usagers de la bicyclette<\/em><br \/>\n<img loading=\"lazy\" decoding=\"async\" class=\" aligncenter size-full wp-image-4665\" src=\"http:\/\/5.45.101.177\/haut-allier\/usagers-transportse\/wp-content\/uploads\/2023\/10\/1500-img_20231017_113313.jpg\" alt=\"1500-img_20231017_113313.jpg\" align=\"center\" width=\"1500\" height=\"1125\" srcset=\"https:\/\/usagers-transports.haut-allier.eu\/wp-content\/uploads\/2023\/10\/1500-img_20231017_113313.jpg 1500w, https:\/\/usagers-transports.haut-allier.eu\/wp-content\/uploads\/2023\/10\/1500-img_20231017_113313-300x225.jpg 300w, https:\/\/usagers-transports.haut-allier.eu\/wp-content\/uploads\/2023\/10\/1500-img_20231017_113313-1024x768.jpg 1024w, https:\/\/usagers-transports.haut-allier.eu\/wp-content\/uploads\/2023\/10\/1500-img_20231017_113313-768x576.jpg 768w\" sizes=\"auto, (max-width: 1500px) 100vw, 1500px\" \/><br \/>\n<img loading=\"lazy\" decoding=\"async\" class=\" aligncenter size-full wp-image-4666\" src=\"http:\/\/5.45.101.177\/haut-allier\/usagers-transportse\/wp-content\/uploads\/2023\/10\/1500-img_20231017_113358.jpg\" alt=\"1500-img_20231017_113358.jpg\" align=\"center\" width=\"1500\" height=\"2000\" srcset=\"https:\/\/usagers-transports.haut-allier.eu\/wp-content\/uploads\/2023\/10\/1500-img_20231017_113358.jpg 1500w, https:\/\/usagers-transports.haut-allier.eu\/wp-content\/uploads\/2023\/10\/1500-img_20231017_113358-225x300.jpg 225w, https:\/\/usagers-transports.haut-allier.eu\/wp-content\/uploads\/2023\/10\/1500-img_20231017_113358-768x1024.jpg 768w, https:\/\/usagers-transports.haut-allier.eu\/wp-content\/uploads\/2023\/10\/1500-img_20231017_113358-1152x1536.jpg 1152w\" sizes=\"auto, (max-width: 1500px) 100vw, 1500px\" \/><br \/>\n<img loading=\"lazy\" decoding=\"async\" class=\" aligncenter size-full wp-image-4667\" src=\"http:\/\/5.45.101.177\/haut-allier\/usagers-transportse\/wp-content\/uploads\/2023\/10\/1500-img_20231017_113238.jpg\" alt=\"1500-img_20231017_113238.jpg\" align=\"center\" width=\"1500\" height=\"1125\" srcset=\"https:\/\/usagers-transports.haut-allier.eu\/wp-content\/uploads\/2023\/10\/1500-img_20231017_113238.jpg 1500w, https:\/\/usagers-transports.haut-allier.eu\/wp-content\/uploads\/2023\/10\/1500-img_20231017_113238-300x225.jpg 300w, https:\/\/usagers-transports.haut-allier.eu\/wp-content\/uploads\/2023\/10\/1500-img_20231017_113238-1024x768.jpg 1024w, https:\/\/usagers-transports.haut-allier.eu\/wp-content\/uploads\/2023\/10\/1500-img_20231017_113238-768x576.jpg 768w\" sizes=\"auto, (max-width: 1500px) 100vw, 1500px\" \/><br \/>\n<img loading=\"lazy\" decoding=\"async\" class=\" aligncenter size-full wp-image-4668\" src=\"http:\/\/5.45.101.177\/haut-allier\/usagers-transportse\/wp-content\/uploads\/2023\/10\/1500-img_20231017_113151.jpg\" alt=\"1500-img_20231017_113151.jpg\" align=\"center\" width=\"1500\" height=\"1125\" srcset=\"https:\/\/usagers-transports.haut-allier.eu\/wp-content\/uploads\/2023\/10\/1500-img_20231017_113151.jpg 1500w, https:\/\/usagers-transports.haut-allier.eu\/wp-content\/uploads\/2023\/10\/1500-img_20231017_113151-300x225.jpg 300w, https:\/\/usagers-transports.haut-allier.eu\/wp-content\/uploads\/2023\/10\/1500-img_20231017_113151-1024x768.jpg 1024w, https:\/\/usagers-transports.haut-allier.eu\/wp-content\/uploads\/2023\/10\/1500-img_20231017_113151-768x576.jpg 768w\" sizes=\"auto, (max-width: 1500px) 100vw, 1500px\" \/><br \/>\n&nbsp;<br \/>\n<em>Le congr\u00e8s Orbimob<\/em><br \/>\n&nbsp;<br \/>\nMardi 17 au matin avait lieu le congr\u00e8s annuel Orbimob, une association universitaire cr\u00e9\u00e9e voici peu autour des mobilit\u00e9s ainsi que ses ateliers.<br \/>\n<img loading=\"lazy\" decoding=\"async\" class=\" aligncenter size-full wp-image-4669\" src=\"http:\/\/5.45.101.177\/haut-allier\/usagers-transportse\/wp-content\/uploads\/2023\/10\/1500-img_20231017_115323.jpg\" alt=\"1500-img_20231017_115323.jpg\" align=\"center\" width=\"1500\" height=\"1125\" srcset=\"https:\/\/usagers-transports.haut-allier.eu\/wp-content\/uploads\/2023\/10\/1500-img_20231017_115323.jpg 1500w, https:\/\/usagers-transports.haut-allier.eu\/wp-content\/uploads\/2023\/10\/1500-img_20231017_115323-300x225.jpg 300w, https:\/\/usagers-transports.haut-allier.eu\/wp-content\/uploads\/2023\/10\/1500-img_20231017_115323-1024x768.jpg 1024w, https:\/\/usagers-transports.haut-allier.eu\/wp-content\/uploads\/2023\/10\/1500-img_20231017_115323-768x576.jpg 768w\" sizes=\"auto, (max-width: 1500px) 100vw, 1500px\" \/><br \/>\n<em>Organis\u00e9e en collaboration cette ann\u00e9e avec le Commissariat au plan du massif central, Orbimob habituellement centr\u00e9e sur l&rsquo;Auvergne se voyait pousser quelques ailes&#8230;<\/em><br \/>\n<img loading=\"lazy\" decoding=\"async\" class=\" aligncenter size-full wp-image-4670\" src=\"http:\/\/5.45.101.177\/haut-allier\/usagers-transportse\/wp-content\/uploads\/2023\/10\/1500-img_20231017_091430.jpg\" alt=\"1500-img_20231017_091430.jpg\" align=\"center\" width=\"1500\" height=\"1125\" srcset=\"https:\/\/usagers-transports.haut-allier.eu\/wp-content\/uploads\/2023\/10\/1500-img_20231017_091430.jpg 1500w, https:\/\/usagers-transports.haut-allier.eu\/wp-content\/uploads\/2023\/10\/1500-img_20231017_091430-300x225.jpg 300w, https:\/\/usagers-transports.haut-allier.eu\/wp-content\/uploads\/2023\/10\/1500-img_20231017_091430-1024x768.jpg 1024w, https:\/\/usagers-transports.haut-allier.eu\/wp-content\/uploads\/2023\/10\/1500-img_20231017_091430-768x576.jpg 768w\" sizes=\"auto, (max-width: 1500px) 100vw, 1500px\" \/><br \/>\n<em>Premi\u00e8re partie consacr\u00e9e aux projets de l&rsquo;association dont une \u00e9cole d&rsquo;ing\u00e9nieurs l&rsquo; \u00ab\u00a0Ecomob\u00a0\u00bb que le futur directeur pr\u00e9sente<\/em><br \/>\n<img loading=\"lazy\" decoding=\"async\" class=\" aligncenter size-full wp-image-4671\" src=\"http:\/\/5.45.101.177\/haut-allier\/usagers-transportse\/wp-content\/uploads\/2023\/10\/1500-img_20231017_095444.jpg\" alt=\"1500-img_20231017_095444.jpg\" align=\"center\" width=\"1500\" height=\"1125\" srcset=\"https:\/\/usagers-transports.haut-allier.eu\/wp-content\/uploads\/2023\/10\/1500-img_20231017_095444.jpg 1500w, https:\/\/usagers-transports.haut-allier.eu\/wp-content\/uploads\/2023\/10\/1500-img_20231017_095444-300x225.jpg 300w, https:\/\/usagers-transports.haut-allier.eu\/wp-content\/uploads\/2023\/10\/1500-img_20231017_095444-1024x768.jpg 1024w, https:\/\/usagers-transports.haut-allier.eu\/wp-content\/uploads\/2023\/10\/1500-img_20231017_095444-768x576.jpg 768w\" sizes=\"auto, (max-width: 1500px) 100vw, 1500px\" \/><br \/>\n<img loading=\"lazy\" decoding=\"async\" class=\" aligncenter size-full wp-image-4672\" src=\"http:\/\/5.45.101.177\/haut-allier\/usagers-transportse\/wp-content\/uploads\/2023\/10\/1500-img_20231017_095621.jpg\" alt=\"1500-img_20231017_095621.jpg\" align=\"center\" width=\"1500\" height=\"1125\" srcset=\"https:\/\/usagers-transports.haut-allier.eu\/wp-content\/uploads\/2023\/10\/1500-img_20231017_095621.jpg 1500w, https:\/\/usagers-transports.haut-allier.eu\/wp-content\/uploads\/2023\/10\/1500-img_20231017_095621-300x225.jpg 300w, https:\/\/usagers-transports.haut-allier.eu\/wp-content\/uploads\/2023\/10\/1500-img_20231017_095621-1024x768.jpg 1024w, https:\/\/usagers-transports.haut-allier.eu\/wp-content\/uploads\/2023\/10\/1500-img_20231017_095621-768x576.jpg 768w\" sizes=\"auto, (max-width: 1500px) 100vw, 1500px\" \/><br \/>\n<em>Dans cette premi\u00e8re partie on note la pr\u00e9sence de Claire Baritaud, de l&rsquo;Agence de l&rsquo;innovation pour les transports d\u00e9pendant de la DGTIM d\u00e9pendant elle du premier ministre<\/em><br \/>\n<img loading=\"lazy\" decoding=\"async\" class=\" aligncenter size-full wp-image-4673\" src=\"http:\/\/5.45.101.177\/haut-allier\/usagers-transportse\/wp-content\/uploads\/2023\/10\/1500-img_20231017_092547.jpg\" alt=\"1500-img_20231017_092547.jpg\" align=\"center\" width=\"1500\" height=\"1125\" srcset=\"https:\/\/usagers-transports.haut-allier.eu\/wp-content\/uploads\/2023\/10\/1500-img_20231017_092547.jpg 1500w, https:\/\/usagers-transports.haut-allier.eu\/wp-content\/uploads\/2023\/10\/1500-img_20231017_092547-300x225.jpg 300w, https:\/\/usagers-transports.haut-allier.eu\/wp-content\/uploads\/2023\/10\/1500-img_20231017_092547-1024x768.jpg 1024w, https:\/\/usagers-transports.haut-allier.eu\/wp-content\/uploads\/2023\/10\/1500-img_20231017_092547-768x576.jpg 768w\" sizes=\"auto, (max-width: 1500px) 100vw, 1500px\" \/><br \/>\n<em>Parmi les projets pr\u00e9sent\u00e9s cette route \u00e0 induction destin\u00e9e \u00e0 alimenter les v\u00e9hicules y roulant, sans stockage d&rsquo;\u00e9nergie donc. L&rsquo;exp\u00e9rience va \u00eatre men\u00e9e en Auvergne, un bon point. MAIS et c&rsquo;est \u00e9difiant dans tous les projets pr\u00e9sent\u00e9s et celui-ci en particulier l&rsquo;aspect environnemental est oubli\u00e9 : les effets des boucles \u00e0 induction sur le corps humain par exemple<\/em><br \/>\n<img loading=\"lazy\" decoding=\"async\" class=\" aligncenter size-full wp-image-4674\" src=\"http:\/\/5.45.101.177\/haut-allier\/usagers-transportse\/wp-content\/uploads\/2023\/10\/1500-img_20231017_100207.jpg\" alt=\"1500-img_20231017_100207.jpg\" align=\"center\" width=\"1500\" height=\"1125\" srcset=\"https:\/\/usagers-transports.haut-allier.eu\/wp-content\/uploads\/2023\/10\/1500-img_20231017_100207.jpg 1500w, https:\/\/usagers-transports.haut-allier.eu\/wp-content\/uploads\/2023\/10\/1500-img_20231017_100207-300x225.jpg 300w, https:\/\/usagers-transports.haut-allier.eu\/wp-content\/uploads\/2023\/10\/1500-img_20231017_100207-1024x768.jpg 1024w, https:\/\/usagers-transports.haut-allier.eu\/wp-content\/uploads\/2023\/10\/1500-img_20231017_100207-768x576.jpg 768w\" sizes=\"auto, (max-width: 1500px) 100vw, 1500px\" \/><br \/>\n<em>D&rsquo;ailleurs un tr\u00e8s mauvais point : le d\u00e9veloppement de l&rsquo;a\u00e9roport d&rsquo;Aulnat semble indispensable \u00e0 l&rsquo;association<\/em><br \/>\n<img loading=\"lazy\" decoding=\"async\" class=\" aligncenter size-full wp-image-4675\" src=\"http:\/\/5.45.101.177\/haut-allier\/usagers-transportse\/wp-content\/uploads\/2023\/10\/1500-img_20231017_102803.jpg\" alt=\"1500-img_20231017_102803.jpg\" align=\"center\" width=\"1500\" height=\"1125\" srcset=\"https:\/\/usagers-transports.haut-allier.eu\/wp-content\/uploads\/2023\/10\/1500-img_20231017_102803.jpg 1500w, https:\/\/usagers-transports.haut-allier.eu\/wp-content\/uploads\/2023\/10\/1500-img_20231017_102803-300x225.jpg 300w, https:\/\/usagers-transports.haut-allier.eu\/wp-content\/uploads\/2023\/10\/1500-img_20231017_102803-1024x768.jpg 1024w, https:\/\/usagers-transports.haut-allier.eu\/wp-content\/uploads\/2023\/10\/1500-img_20231017_102803-768x576.jpg 768w\" sizes=\"auto, (max-width: 1500px) 100vw, 1500px\" \/><br \/>\n&nbsp;<br \/>\nVoici l&rsquo;int\u00e9gralit\u00e9 de cette premi\u00e8re partie en audio :<br \/>\n<a href=\"http:\/\/5.45.101.177\/haut-allier\/usagers-transportse\/wp-content\/uploads\/2023\/10\/2023-10-17_09.11.39c.mp3\">2023-10-17_09.11.39c.mp3<\/a><br \/>\n&nbsp;<\/p>\n<p><em>La deuxi\u00e8me partie traitait des \u00ab\u00a0Mobilit\u00e9s dans le massif central, un sujet primordial dans le dossier de candidature 2028\u00a0\u00bb de Clermont Ferrand, capitale de la culture<\/em><br \/>\n<img loading=\"lazy\" decoding=\"async\" class=\" aligncenter size-full wp-image-4677\" src=\"http:\/\/5.45.101.177\/haut-allier\/usagers-transportse\/wp-content\/uploads\/2023\/10\/1500-img_20231017_121248.jpg\" alt=\"1500-img_20231017_121248.jpg\" align=\"center\" width=\"1500\" height=\"1125\" srcset=\"https:\/\/usagers-transports.haut-allier.eu\/wp-content\/uploads\/2023\/10\/1500-img_20231017_121248.jpg 1500w, https:\/\/usagers-transports.haut-allier.eu\/wp-content\/uploads\/2023\/10\/1500-img_20231017_121248-300x225.jpg 300w, https:\/\/usagers-transports.haut-allier.eu\/wp-content\/uploads\/2023\/10\/1500-img_20231017_121248-1024x768.jpg 1024w, https:\/\/usagers-transports.haut-allier.eu\/wp-content\/uploads\/2023\/10\/1500-img_20231017_121248-768x576.jpg 768w\" sizes=\"auto, (max-width: 1500px) 100vw, 1500px\" \/><br \/>\n<em>Un \u00e9change savoureux et plein d&rsquo;espoir o\u00f9 le ma\u00eetre mot aura \u00e9t\u00e9 \u00ab\u00a0frugalit\u00e9\u00a0\u00bb autrement dit comment am\u00e9liorer ou r\u00eaver d&rsquo;am\u00e9liorer les transports en Auvergne sans argent&#8230;<\/em><br \/>\n<img loading=\"lazy\" decoding=\"async\" class=\" aligncenter size-full wp-image-4678\" src=\"http:\/\/5.45.101.177\/haut-allier\/usagers-transportse\/wp-content\/uploads\/2023\/10\/1500-img_20231017_115751.jpg\" alt=\"1500-img_20231017_115751.jpg\" align=\"center\" width=\"1500\" height=\"1125\" srcset=\"https:\/\/usagers-transports.haut-allier.eu\/wp-content\/uploads\/2023\/10\/1500-img_20231017_115751.jpg 1500w, https:\/\/usagers-transports.haut-allier.eu\/wp-content\/uploads\/2023\/10\/1500-img_20231017_115751-300x225.jpg 300w, https:\/\/usagers-transports.haut-allier.eu\/wp-content\/uploads\/2023\/10\/1500-img_20231017_115751-1024x768.jpg 1024w, https:\/\/usagers-transports.haut-allier.eu\/wp-content\/uploads\/2023\/10\/1500-img_20231017_115751-768x576.jpg 768w\" sizes=\"auto, (max-width: 1500px) 100vw, 1500px\" \/><br \/>\n&nbsp;<br \/>\nLa fin de cette discussion en audio :<br \/>\n<a href=\"http:\/\/5.45.101.177\/haut-allier\/usagers-transportse\/wp-content\/uploads\/2023\/10\/2023-10-17_11.40.28c.mp3\">2023-10-17_11.40.28c.mp3<\/a><br \/>\n&nbsp;<\/p>\n","protected":false},"excerpt":{"rendered":"<p>Et \u00e9galement de stand sur le salon. Une absence tr\u00e8s remarqu\u00e9e. D\u00e9monstration s&rsquo;il en fallait une autre du<\/p>\n","protected":false},"author":1,"featured_media":4650,"comment_status":"open","ping_status":"open","sticky":false,"template":"","format":"standard","meta":{"footnotes":""},"categories":[2],"tags":[],"class_list":["post-1032","post","type-post","status-publish","format-standard","has-post-thumbnail","hentry","category-infos"],"_links":{"self":[{"href":"https:\/\/usagers-transports.haut-allier.eu\/index.php\/wp-json\/wp\/v2\/posts\/1032","targetHints":{"allow":["GET"]}}],"collection":[{"href":"https:\/\/usagers-transports.haut-allier.eu\/index.php\/wp-json\/wp\/v2\/posts"}],"about":[{"href":"https:\/\/usagers-transports.haut-allier.eu\/index.php\/wp-json\/wp\/v2\/types\/post"}],"author":[{"embeddable":true,"href":"https:\/\/usagers-transports.haut-allier.eu\/index.php\/wp-json\/wp\/v2\/users\/1"}],"replies":[{"embeddable":true,"href":"https:\/\/usagers-transports.haut-allier.eu\/index.php\/wp-json\/wp\/v2\/comments?post=1032"}],"version-history":[{"count":0,"href":"https:\/\/usagers-transports.haut-allier.eu\/index.php\/wp-json\/wp\/v2\/posts\/1032\/revisions"}],"wp:featuredmedia":[{"embeddable":true,"href":"https:\/\/usagers-transports.haut-allier.eu\/index.php\/wp-json\/wp\/v2\/media\/4650"}],"wp:attachment":[{"href":"https:\/\/usagers-transports.haut-allier.eu\/index.php\/wp-json\/wp\/v2\/media?parent=1032"}],"wp:term":[{"taxonomy":"category","embeddable":true,"href":"https:\/\/usagers-transports.haut-allier.eu\/index.php\/wp-json\/wp\/v2\/categories?post=1032"},{"taxonomy":"post_tag","embeddable":true,"href":"https:\/\/usagers-transports.haut-allier.eu\/index.php\/wp-json\/wp\/v2\/tags?post=1032"}],"curies":[{"name":"wp","href":"https:\/\/api.w.org\/{rel}","templated":true}]}}