{"id":1033,"date":"2023-10-19T05:55:51","date_gmt":"2023-10-19T03:55:51","guid":{"rendered":"http:\/\/5.45.101.177\/haut-allier\/usagers-transportse\/index.php\/2023\/10\/19\/rntp-2023-clermont-ferrand-pas1033\/"},"modified":"2023-10-19T05:55:51","modified_gmt":"2023-10-19T03:55:51","slug":"rntp-2023-clermont-ferrand-pas1033","status":"publish","type":"post","link":"https:\/\/usagers-transports.haut-allier.eu\/index.php\/2023\/10\/19\/rntp-2023-clermont-ferrand-pas1033\/","title":{"rendered":"RNTP 2023 Clermont-Ferrand : Pas encore de financement pour les transports d\u00e9carbonn\u00e9s selon Cl\u00e9ment Beaune"},"content":{"rendered":"<p>Ecoutez bien les questions inqui\u00e8tes de Louis N\u00e8gre pr\u00e9sident du GART, le Groupement des autorit\u00e9s responsables de transport, au ministre charg\u00e9 des transports, au sujet du financement des nouveaux syst\u00e8mes de mobilit\u00e9 et du maintien des infrastructures y compris ferroviaires : Cl\u00e9ment Beaune avoue n&rsquo;avoir aucune r\u00e9ponse.<br \/>\n&nbsp;<br \/>\nLa vid\u00e9o (42 minutes) de l&rsquo;\u00e9change qui a eu lieu entre Marie-Ange Debon, pr\u00e9sidente de l&rsquo;UTP, Louis N\u00e8gre et le ministre le mercredi 18 octobre \u00e0 la Grande Halle d&rsquo;Auvergne :<br \/>\n&nbsp;<br \/>\n<center><br \/>\n<iframe loading=\"lazy\" width=\"560\" height=\"315\" src=\"https:\/\/www.youtube.com\/embed\/uwkPstky8VI?si=fZ2c3n0UwJzwAQk4\" title=\"YouTube video player\" frameborder=\"0\" allow=\"accelerometer; autoplay; clipboard-write; encrypted-media; gyroscope; picture-in-picture; web-share\" allowfullscreen><\/iframe><br \/>\n<\/center><br \/>\n&nbsp;<\/p>\n","protected":false},"excerpt":{"rendered":"<p>Ecoutez bien les questions inqui\u00e8tes de Louis N\u00e8gre pr\u00e9sident du GART, le Groupement des autorit\u00e9s responsables de transport,<\/p>\n","protected":false},"author":1,"featured_media":4680,"comment_status":"open","ping_status":"open","sticky":false,"template":"","format":"standard","meta":{"footnotes":""},"categories":[2],"tags":[],"class_list":["post-1033","post","type-post","status-publish","format-standard","has-post-thumbnail","hentry","category-infos"],"_links":{"self":[{"href":"https:\/\/usagers-transports.haut-allier.eu\/index.php\/wp-json\/wp\/v2\/posts\/1033","targetHints":{"allow":["GET"]}}],"collection":[{"href":"https:\/\/usagers-transports.haut-allier.eu\/index.php\/wp-json\/wp\/v2\/posts"}],"about":[{"href":"https:\/\/usagers-transports.haut-allier.eu\/index.php\/wp-json\/wp\/v2\/types\/post"}],"author":[{"embeddable":true,"href":"https:\/\/usagers-transports.haut-allier.eu\/index.php\/wp-json\/wp\/v2\/users\/1"}],"replies":[{"embeddable":true,"href":"https:\/\/usagers-transports.haut-allier.eu\/index.php\/wp-json\/wp\/v2\/comments?post=1033"}],"version-history":[{"count":0,"href":"https:\/\/usagers-transports.haut-allier.eu\/index.php\/wp-json\/wp\/v2\/posts\/1033\/revisions"}],"wp:featuredmedia":[{"embeddable":true,"href":"https:\/\/usagers-transports.haut-allier.eu\/index.php\/wp-json\/wp\/v2\/media\/4680"}],"wp:attachment":[{"href":"https:\/\/usagers-transports.haut-allier.eu\/index.php\/wp-json\/wp\/v2\/media?parent=1033"}],"wp:term":[{"taxonomy":"category","embeddable":true,"href":"https:\/\/usagers-transports.haut-allier.eu\/index.php\/wp-json\/wp\/v2\/categories?post=1033"},{"taxonomy":"post_tag","embeddable":true,"href":"https:\/\/usagers-transports.haut-allier.eu\/index.php\/wp-json\/wp\/v2\/tags?post=1033"}],"curies":[{"name":"wp","href":"https:\/\/api.w.org\/{rel}","templated":true}]}}