{"id":1034,"date":"2023-10-19T18:57:27","date_gmt":"2023-10-19T16:57:27","guid":{"rendered":"http:\/\/5.45.101.177\/haut-allier\/usagers-transportse\/index.php\/2023\/10\/19\/financement-du-rail-en-auvergne1034\/"},"modified":"2023-10-19T18:57:27","modified_gmt":"2023-10-19T16:57:27","slug":"financement-du-rail-en-auvergne1034","status":"publish","type":"post","link":"https:\/\/usagers-transports.haut-allier.eu\/index.php\/2023\/10\/19\/financement-du-rail-en-auvergne1034\/","title":{"rendered":"Financement du rail en Auvergne Rh\u00f4ne Alpes : Cl\u00e9ment Beaune pr\u00eat \u00e0 discuter avec Laurent Wauquiez"},"content":{"rendered":"<p>Nous avons pos\u00e9 la question au ministre au sujet du <a href=\"https:\/\/usagers-transports.haut-allier.eu\/?financement-du-rail-en-auvergne,1024\"><em>financement du r\u00e9seau ferr\u00e9 en Auvergne Rh\u00f4ne Alpes<\/em><\/a> rendu tr\u00e8s difficile par la position politico politique du pr\u00e9sident de r\u00e9gion Laurent Wauquiez. C&rsquo;\u00e9tait un peu rapide, en fin d&rsquo;interview jeudi 19 octobre sur France Bleu Pays d&rsquo;Auvergne.<br \/>\n&nbsp;<br \/>\nEn premi\u00e8re partie il aura parl\u00e9 de la ligne Intercit\u00e9s Clermont Paris, du RER de Clermont voulu par Olivier Bianchi pr\u00e9sident de Clermont Auvergne M\u00e9tropole, puis c&rsquo;est au tour des auditeurs et le premier est Fran\u00e7ois de l&rsquo;association <a href=\"https:\/\/letrain634269.org\"><em>LeTrain634269<\/em><\/a> qui pose une question au sujet de la r\u00e9ouverture du tron\u00e7on Thiers Bo\u00ebn. Nous intervenons en deuxi\u00e8me et dernier pour interpeller Cl\u00e9ment Beaune sur l&rsquo;avenir d\u00e9licat qui se profile pour les trains en Auvergne.<br \/>\n&nbsp;<br \/>\nSachez que nous approfondirons la question avec le ministre courant novembre, rendez-vous est pris.<br \/>\n&nbsp;<br \/>\nEcouter :<br \/>\n&nbsp;<br \/>\n<img loading=\"lazy\" decoding=\"async\" class=\" aligncenter size-full wp-image-4682\" src=\"http:\/\/5.45.101.177\/haut-allier\/usagers-transportse\/wp-content\/uploads\/2023\/10\/logo_francebleu_auvergne-1170x1170.jpg\" alt=\"logo_francebleu_auvergne-1170x1170.jpg\" align=\"center\" width=\"900\" height=\"900\" srcset=\"https:\/\/usagers-transports.haut-allier.eu\/wp-content\/uploads\/2023\/10\/logo_francebleu_auvergne-1170x1170.jpg 900w, https:\/\/usagers-transports.haut-allier.eu\/wp-content\/uploads\/2023\/10\/logo_francebleu_auvergne-1170x1170-300x300.jpg 300w, https:\/\/usagers-transports.haut-allier.eu\/wp-content\/uploads\/2023\/10\/logo_francebleu_auvergne-1170x1170-150x150.jpg 150w, https:\/\/usagers-transports.haut-allier.eu\/wp-content\/uploads\/2023\/10\/logo_francebleu_auvergne-1170x1170-768x768.jpg 768w\" sizes=\"auto, (max-width: 900px) 100vw, 900px\" \/><br \/>\n&nbsp;<br \/>\n<a href=\"http:\/\/5.45.101.177\/haut-allier\/usagers-transportse\/wp-content\/uploads\/2023\/10\/15343-19.10.2023-itema_23524376-2023b20624s0292-21.mp3\">L&rsquo;invit\u00e9 de la Matinale<\/a><br \/>\n&nbsp;<br \/>\n<em> Le ministre durant sa visite ce matin au salon RNTP 2023 accompagne du pr\u00e9sident de Clermont Auvergne M\u00e9tropole Olivier Bianchi. Ici devant la reproduction grandeur nature du premier cal\u00e8che \u00ab\u00a0de transports en commun\u00a0\u00bb con\u00e7u par Blaise Pascal natif de Clermont Ferrand<\/em><br \/>\n<img loading=\"lazy\" decoding=\"async\" class=\" aligncenter size-full wp-image-4685\" src=\"http:\/\/5.45.101.177\/haut-allier\/usagers-transportse\/wp-content\/uploads\/2023\/10\/cm-rntp-blaisepascal.jpg\" alt=\"cm-rntp-blaisepascal.jpg\" align=\"center\" width=\"1527\" height=\"903\" srcset=\"https:\/\/usagers-transports.haut-allier.eu\/wp-content\/uploads\/2023\/10\/cm-rntp-blaisepascal.jpg 1527w, https:\/\/usagers-transports.haut-allier.eu\/wp-content\/uploads\/2023\/10\/cm-rntp-blaisepascal-300x177.jpg 300w, https:\/\/usagers-transports.haut-allier.eu\/wp-content\/uploads\/2023\/10\/cm-rntp-blaisepascal-1024x606.jpg 1024w, https:\/\/usagers-transports.haut-allier.eu\/wp-content\/uploads\/2023\/10\/cm-rntp-blaisepascal-768x454.jpg 768w\" sizes=\"auto, (max-width: 1527px) 100vw, 1527px\" \/><\/p>\n","protected":false},"excerpt":{"rendered":"<p>Nous avons pos\u00e9 la question au ministre au sujet du financement du r\u00e9seau ferr\u00e9 en Auvergne Rh\u00f4ne Alpes<\/p>\n","protected":false},"author":1,"featured_media":4681,"comment_status":"open","ping_status":"open","sticky":false,"template":"","format":"standard","meta":{"footnotes":""},"categories":[3],"tags":[],"class_list":["post-1034","post","type-post","status-publish","format-standard","has-post-thumbnail","hentry","category-en-train"],"_links":{"self":[{"href":"https:\/\/usagers-transports.haut-allier.eu\/index.php\/wp-json\/wp\/v2\/posts\/1034","targetHints":{"allow":["GET"]}}],"collection":[{"href":"https:\/\/usagers-transports.haut-allier.eu\/index.php\/wp-json\/wp\/v2\/posts"}],"about":[{"href":"https:\/\/usagers-transports.haut-allier.eu\/index.php\/wp-json\/wp\/v2\/types\/post"}],"author":[{"embeddable":true,"href":"https:\/\/usagers-transports.haut-allier.eu\/index.php\/wp-json\/wp\/v2\/users\/1"}],"replies":[{"embeddable":true,"href":"https:\/\/usagers-transports.haut-allier.eu\/index.php\/wp-json\/wp\/v2\/comments?post=1034"}],"version-history":[{"count":0,"href":"https:\/\/usagers-transports.haut-allier.eu\/index.php\/wp-json\/wp\/v2\/posts\/1034\/revisions"}],"wp:featuredmedia":[{"embeddable":true,"href":"https:\/\/usagers-transports.haut-allier.eu\/index.php\/wp-json\/wp\/v2\/media\/4681"}],"wp:attachment":[{"href":"https:\/\/usagers-transports.haut-allier.eu\/index.php\/wp-json\/wp\/v2\/media?parent=1034"}],"wp:term":[{"taxonomy":"category","embeddable":true,"href":"https:\/\/usagers-transports.haut-allier.eu\/index.php\/wp-json\/wp\/v2\/categories?post=1034"},{"taxonomy":"post_tag","embeddable":true,"href":"https:\/\/usagers-transports.haut-allier.eu\/index.php\/wp-json\/wp\/v2\/tags?post=1034"}],"curies":[{"name":"wp","href":"https:\/\/api.w.org\/{rel}","templated":true}]}}