{"id":1036,"date":"2023-10-21T14:54:12","date_gmt":"2023-10-21T12:54:12","guid":{"rendered":"http:\/\/5.45.101.177\/haut-allier\/usagers-transportse\/index.php\/2023\/10\/21\/ligne-des-causses-et-du-train1036\/"},"modified":"2023-10-21T14:54:12","modified_gmt":"2023-10-21T12:54:12","slug":"ligne-des-causses-et-du-train1036","status":"publish","type":"post","link":"https:\/\/usagers-transports.haut-allier.eu\/index.php\/2023\/10\/21\/ligne-des-causses-et-du-train1036\/","title":{"rendered":"Ligne des Causses et du train Aubrac : les nouvelles"},"content":{"rendered":"<p>Ce matin avait lieu \u00e0 Saint-Ch\u00e9ly d&rsquo;Apcher le rassemblement organis\u00e9 par Convergence Rail et le Comit\u00e9 Pluraliste pour le maintien et le d\u00e9veloppement de la ligne B\u00e9ziers Neussargues Clermont. Nous en avons profit\u00e9 pour demander \u00e0 Fr\u00e9d\u00e9ric Laur, le secr\u00e9taire du comit\u00e9, de nous faire un point sur ce qu&rsquo;il se passe sur cette ligne. D&rsquo;abord les circulations ont-elles repris apr\u00e8s les d\u00e9gradations de la voie entre B\u00e9ziers et Millau r\u00e9cemment et suite aux intemp\u00e9ries ?<br \/>\n&nbsp;<br \/>\n<a href=\"http:\/\/5.45.101.177\/haut-allier\/usagers-transportse\/wp-content\/uploads\/2023\/10\/01vid_20231021_105926.mp4\">01vid_20231021_105926.mp4<\/a><br \/>\n&nbsp;<br \/>\n<em>Vue du rassemblement devant la gare<br \/>\n<\/em><br \/>\n<img loading=\"lazy\" decoding=\"async\" class=\" aligncenter size-full wp-image-4686\" src=\"http:\/\/5.45.101.177\/haut-allier\/usagers-transportse\/wp-content\/uploads\/2023\/10\/1500-img_20231021_104203.jpg\" alt=\"1500-img_20231021_104203.jpg\" align=\"center\" width=\"1500\" height=\"1125\" srcset=\"https:\/\/usagers-transports.haut-allier.eu\/wp-content\/uploads\/2023\/10\/1500-img_20231021_104203.jpg 1500w, https:\/\/usagers-transports.haut-allier.eu\/wp-content\/uploads\/2023\/10\/1500-img_20231021_104203-300x225.jpg 300w, https:\/\/usagers-transports.haut-allier.eu\/wp-content\/uploads\/2023\/10\/1500-img_20231021_104203-1024x768.jpg 1024w, https:\/\/usagers-transports.haut-allier.eu\/wp-content\/uploads\/2023\/10\/1500-img_20231021_104203-768x576.jpg 768w\" sizes=\"auto, (max-width: 1500px) 100vw, 1500px\" \/><br \/>\n&nbsp;<br \/>\n<em>Les wagons de coils et au loin l&rsquo;usine Arcelor Mital<br \/>\n<\/em><br \/>\n<img loading=\"lazy\" decoding=\"async\" class=\" aligncenter size-full wp-image-4687\" src=\"http:\/\/5.45.101.177\/haut-allier\/usagers-transportse\/wp-content\/uploads\/2023\/10\/1500-img_20231021_105054.jpg\" alt=\"1500-img_20231021_105054.jpg\" align=\"center\" width=\"1500\" height=\"1125\" srcset=\"https:\/\/usagers-transports.haut-allier.eu\/wp-content\/uploads\/2023\/10\/1500-img_20231021_105054.jpg 1500w, https:\/\/usagers-transports.haut-allier.eu\/wp-content\/uploads\/2023\/10\/1500-img_20231021_105054-300x225.jpg 300w, https:\/\/usagers-transports.haut-allier.eu\/wp-content\/uploads\/2023\/10\/1500-img_20231021_105054-1024x768.jpg 1024w, https:\/\/usagers-transports.haut-allier.eu\/wp-content\/uploads\/2023\/10\/1500-img_20231021_105054-768x576.jpg 768w\" sizes=\"auto, (max-width: 1500px) 100vw, 1500px\" \/><br \/>\n&nbsp;<br \/>\nLe TER Lio circule bien<br \/>\n<img loading=\"lazy\" decoding=\"async\" class=\" aligncenter size-full wp-image-4688\" src=\"http:\/\/5.45.101.177\/haut-allier\/usagers-transportse\/wp-content\/uploads\/2023\/10\/1500-img_20231021_103503.jpg\" alt=\"1500-img_20231021_103503.jpg\" align=\"center\" width=\"1500\" height=\"1125\" srcset=\"https:\/\/usagers-transports.haut-allier.eu\/wp-content\/uploads\/2023\/10\/1500-img_20231021_103503.jpg 1500w, https:\/\/usagers-transports.haut-allier.eu\/wp-content\/uploads\/2023\/10\/1500-img_20231021_103503-300x225.jpg 300w, https:\/\/usagers-transports.haut-allier.eu\/wp-content\/uploads\/2023\/10\/1500-img_20231021_103503-1024x768.jpg 1024w, https:\/\/usagers-transports.haut-allier.eu\/wp-content\/uploads\/2023\/10\/1500-img_20231021_103503-768x576.jpg 768w\" sizes=\"auto, (max-width: 1500px) 100vw, 1500px\" \/><br \/>\n&nbsp;<br \/>\n<img loading=\"lazy\" decoding=\"async\" class=\" aligncenter size-full wp-image-4689\" src=\"http:\/\/5.45.101.177\/haut-allier\/usagers-transportse\/wp-content\/uploads\/2023\/10\/1500-img_20231021_104552.jpg\" alt=\"1500-img_20231021_104552.jpg\" align=\"center\" width=\"1500\" height=\"1125\" srcset=\"https:\/\/usagers-transports.haut-allier.eu\/wp-content\/uploads\/2023\/10\/1500-img_20231021_104552.jpg 1500w, https:\/\/usagers-transports.haut-allier.eu\/wp-content\/uploads\/2023\/10\/1500-img_20231021_104552-300x225.jpg 300w, https:\/\/usagers-transports.haut-allier.eu\/wp-content\/uploads\/2023\/10\/1500-img_20231021_104552-1024x768.jpg 1024w, https:\/\/usagers-transports.haut-allier.eu\/wp-content\/uploads\/2023\/10\/1500-img_20231021_104552-768x576.jpg 768w\" sizes=\"auto, (max-width: 1500px) 100vw, 1500px\" \/><br \/>\n&nbsp;<\/p>\n","protected":false},"excerpt":{"rendered":"<p>Ce matin avait lieu \u00e0 Saint-Ch\u00e9ly d&rsquo;Apcher le rassemblement organis\u00e9 par Convergence Rail et le Comit\u00e9 Pluraliste pour<\/p>\n","protected":false},"author":1,"featured_media":4690,"comment_status":"open","ping_status":"open","sticky":false,"template":"","format":"standard","meta":{"footnotes":""},"categories":[2],"tags":[],"class_list":["post-1036","post","type-post","status-publish","format-standard","has-post-thumbnail","hentry","category-infos"],"_links":{"self":[{"href":"https:\/\/usagers-transports.haut-allier.eu\/index.php\/wp-json\/wp\/v2\/posts\/1036","targetHints":{"allow":["GET"]}}],"collection":[{"href":"https:\/\/usagers-transports.haut-allier.eu\/index.php\/wp-json\/wp\/v2\/posts"}],"about":[{"href":"https:\/\/usagers-transports.haut-allier.eu\/index.php\/wp-json\/wp\/v2\/types\/post"}],"author":[{"embeddable":true,"href":"https:\/\/usagers-transports.haut-allier.eu\/index.php\/wp-json\/wp\/v2\/users\/1"}],"replies":[{"embeddable":true,"href":"https:\/\/usagers-transports.haut-allier.eu\/index.php\/wp-json\/wp\/v2\/comments?post=1036"}],"version-history":[{"count":0,"href":"https:\/\/usagers-transports.haut-allier.eu\/index.php\/wp-json\/wp\/v2\/posts\/1036\/revisions"}],"wp:featuredmedia":[{"embeddable":true,"href":"https:\/\/usagers-transports.haut-allier.eu\/index.php\/wp-json\/wp\/v2\/media\/4690"}],"wp:attachment":[{"href":"https:\/\/usagers-transports.haut-allier.eu\/index.php\/wp-json\/wp\/v2\/media?parent=1036"}],"wp:term":[{"taxonomy":"category","embeddable":true,"href":"https:\/\/usagers-transports.haut-allier.eu\/index.php\/wp-json\/wp\/v2\/categories?post=1036"},{"taxonomy":"post_tag","embeddable":true,"href":"https:\/\/usagers-transports.haut-allier.eu\/index.php\/wp-json\/wp\/v2\/tags?post=1036"}],"curies":[{"name":"wp","href":"https:\/\/api.w.org\/{rel}","templated":true}]}}