{"id":1037,"date":"2023-10-21T19:58:00","date_gmt":"2023-10-21T17:58:00","guid":{"rendered":"http:\/\/5.45.101.177\/haut-allier\/usagers-transportse\/index.php\/2023\/10\/21\/ligne-clermont-la-bourboule-le1037\/"},"modified":"2023-10-21T19:58:00","modified_gmt":"2023-10-21T17:58:00","slug":"ligne-clermont-la-bourboule-le1037","status":"publish","type":"post","link":"https:\/\/usagers-transports.haut-allier.eu\/index.php\/2023\/10\/21\/ligne-clermont-la-bourboule-le1037\/","title":{"rendered":"Ligne Clermont La Bourboule Le Mont-Dore : le train touristique de RTV annul\u00e9 !"},"content":{"rendered":"<p>Nous publions le communiqu\u00e9 de l&rsquo;association <a href=\"http:\/\/usagers-transports.haut-allier.eu\/?ligne-clermont-la-bourboule-le,1023\">qui organisait ce train<\/a> in extenso :<br \/>\n&nbsp;<\/p>\n<p>[(<\/p>\n<p>Notre association, RTV Retour du Train des Volcans, qui milite pour la r\u00e9ouverture au voyageur.e.s et le d\u00e9veloppement du fret sur la ligne Clermont-Ferrand \u2013 Laqueuille \u2013 Le Mont Dore \u2013 Ussel a organis\u00e9 une circulation en train sp\u00e9cial sur cette ligne le samedi 21 octobre.<br \/>\n&nbsp;<br \/>\nPour ce faire, nous avons contact\u00e9 en mai 2023 l\u2019association AAATV de Montlu\u00e7on disposant du mat\u00e9riel roulant et des personnes ayant la capacit\u00e9 de le conduire.<br \/>\nL\u2019association AAATV a donc command\u00e9 \u00e0 SNCF Auvergne les sillons correspondants qui nous a \u00e9tabli un devis avec la fiche horaire le 13 juin 2023.<br \/>\n&nbsp;<br \/>\nDe notre cot\u00e9, fort de cet accord, nous avons travaill\u00e9 d\u2019arrache-pied pour organiser au mieux cette manifestation en partenariat avec la mairie de La Bourboule, certaines mairies de la ligne et des entreprises locales. Nous avons mis en place une billetterie sur le site Helloasso et l\u2019int\u00e9gralit\u00e9 des 166 places ont \u00e9t\u00e9 attribu\u00e9es, preuve que cette ligne de train attire toujours un nombreux public.<br \/>\n&nbsp;<br \/>\nLe 19 octobre vers 11 h, soit 46 heures avant le d\u00e9part pr\u00e9vu, AAATV nous a averti que la SNCF avait supprim\u00e9 notre train pour cause de manque de personnel comp\u00e9tent.<br \/>\n&nbsp;<br \/>\nDonc, le 13 juin 2023, SNCF Auvergne nous a propos\u00e9 un sillon sp\u00e9cial sans s\u2019\u00eatre assur\u00e9 d\u2019avoir le personnel comp\u00e9tent indispensable \u00e0 l\u2019accompagnement de ce train.<br \/>\n&nbsp;<br \/>\nDepuis l\u2019annonce de sa suppression, nous avons d\u00e9ploy\u00e9 tous nos efforts afin de trouver une solution en soumettant \u00e0 SNCF Auvergne cinq propositions pouvant aboutir au maintien de notre train.<br \/>\n&nbsp;<br \/>\nNous avons re\u00e7u de SNCF un refus d\u00e9finitif le 20 octobre \u00e0 9 h 42, sans un seul mot d\u2019excuse.<br \/>\n&nbsp;<br \/>\nNous adressons nos plus chaleureux remerciements, et nos excuses, \u00e0 toutes celles et ceux ayant \u0153uvr\u00e9 \u00e0 l\u2019organisation de cette journ\u00e9e : l\u2019association AAATV, la municipalit\u00e9 de La Bourboule et le comit\u00e9 des f\u00eates pour leur accueil et leur investissement, les petits d\u00e9brouillards pour l\u2019animation \u00e0 bord, L\u00e9na pour la r\u00e9alisation du carnet de voyage, Le R\u00e9veil Bourboulien et Avec ou Sans Michel pour la musique, la CGT pour son aide et son soutien, Sancy Glaces qui ouvrait sp\u00e9cialement l\u2019ancienne gare pour nous, La brasserie Dark Lab de St Ours qui offrait la d\u00e9gustation de ses bi\u00e8res, la Soci\u00e9t\u00e9 laiti\u00e8re de Laqueuille pour son fameux Bleu, \u00e0 Cin\u00e9facto pour le film qui devait se r\u00e9aliser, aux m\u00e9dias, en particulier La Montagne, aux soutiens re\u00e7us sur les r\u00e9seaux sociaux, aux b\u00e9n\u00e9voles de RTV-Retour du Train des Volcans, et \u00e9videmment, aux 164 voyageur.e.s qui ont<br \/>\nsoutenu cette initiative.<br \/>\n&nbsp;<br \/>\nGrand merci \u00e0 vous toutes et tous, sauf bien s\u00fbr \u00e0 la SNCF Auvergne.<br \/>\n)]<\/p>\n<p><strong>De quoi l\u00e9gitimement se poser la question, en tous cas l&rsquo;association se la pose :  SNCF Auvergne, amateurisme, incomp\u00e9tence ou volont\u00e9 de nuire aux initiatives locales en faveur du train ?<\/strong><br \/>\n&nbsp;<br \/>\nDans la presse :<br \/>\n&nbsp;<br \/>\n&#8211; France 3 Auvergne du 21\/10\/2023 : <a href=\"https:\/\/france3-regions.francetvinfo.fr\/auvergne-rhone-alpes\/puy-de-dome\/clermont-ferrand\/polemique-le-train-touristique-clermont-la-bourboule-annule-la-cgt-accuse-la-sncf-2860574.html\"><em>Le train touristique Clermont &#8211; La Bourboule annul\u00e9, la CGT accuse la SNCF<\/em><\/a><br \/>\n&nbsp;<\/p>\n","protected":false},"excerpt":{"rendered":"<p>Nous publions le communiqu\u00e9 de l&rsquo;association qui organisait ce train in extenso : &nbsp; [( Notre association, RTV<\/p>\n","protected":false},"author":1,"featured_media":4692,"comment_status":"open","ping_status":"open","sticky":false,"template":"","format":"standard","meta":{"footnotes":""},"categories":[2],"tags":[],"class_list":["post-1037","post","type-post","status-publish","format-standard","has-post-thumbnail","hentry","category-infos"],"_links":{"self":[{"href":"https:\/\/usagers-transports.haut-allier.eu\/index.php\/wp-json\/wp\/v2\/posts\/1037","targetHints":{"allow":["GET"]}}],"collection":[{"href":"https:\/\/usagers-transports.haut-allier.eu\/index.php\/wp-json\/wp\/v2\/posts"}],"about":[{"href":"https:\/\/usagers-transports.haut-allier.eu\/index.php\/wp-json\/wp\/v2\/types\/post"}],"author":[{"embeddable":true,"href":"https:\/\/usagers-transports.haut-allier.eu\/index.php\/wp-json\/wp\/v2\/users\/1"}],"replies":[{"embeddable":true,"href":"https:\/\/usagers-transports.haut-allier.eu\/index.php\/wp-json\/wp\/v2\/comments?post=1037"}],"version-history":[{"count":0,"href":"https:\/\/usagers-transports.haut-allier.eu\/index.php\/wp-json\/wp\/v2\/posts\/1037\/revisions"}],"wp:featuredmedia":[{"embeddable":true,"href":"https:\/\/usagers-transports.haut-allier.eu\/index.php\/wp-json\/wp\/v2\/media\/4692"}],"wp:attachment":[{"href":"https:\/\/usagers-transports.haut-allier.eu\/index.php\/wp-json\/wp\/v2\/media?parent=1037"}],"wp:term":[{"taxonomy":"category","embeddable":true,"href":"https:\/\/usagers-transports.haut-allier.eu\/index.php\/wp-json\/wp\/v2\/categories?post=1037"},{"taxonomy":"post_tag","embeddable":true,"href":"https:\/\/usagers-transports.haut-allier.eu\/index.php\/wp-json\/wp\/v2\/tags?post=1037"}],"curies":[{"name":"wp","href":"https:\/\/api.w.org\/{rel}","templated":true}]}}