{"id":1041,"date":"2023-11-03T23:18:42","date_gmt":"2023-11-03T22:18:42","guid":{"rendered":"http:\/\/5.45.101.177\/haut-allier\/usagers-transportse\/index.php\/2023\/11\/03\/nouvel-outil-destine-aux-usagers1041\/"},"modified":"2023-11-03T23:18:42","modified_gmt":"2023-11-03T22:18:42","slug":"nouvel-outil-destine-aux-usagers1041","status":"publish","type":"post","link":"https:\/\/usagers-transports.haut-allier.eu\/index.php\/2023\/11\/03\/nouvel-outil-destine-aux-usagers1041\/","title":{"rendered":"Nouvel outil destin\u00e9 aux usagers du Massif central pour d\u00e9clarer les incidents du quotidien"},"content":{"rendered":"<p>Nous venons de mettre au point le syst\u00e8me ultime de signalement et de collecte des probl\u00e8mes que nous rencontrons tous les jours sur nos lignes. Les statistiques recueillies seront envoy\u00e9es aux op\u00e9rateurs responsables tous les mois.<br \/>\n&nbsp;<br \/>\nNe pas h\u00e9siter \u00e0 diffuser un maximum autour de vous.<br \/>\n&nbsp;<br \/>\nJugez plut\u00f4t :<br \/>\n&nbsp; <\/p>\n<p><iframe loading=\"lazy\" src=\"https:\/\/framaforms.org\/dysfonctionnement-retard-suppression-incident-probleme-avant-pendant-ou-apres-mon-trajet-en-train\" width=\"100%\" height=\"800\" border=\"0\"><\/iframe><\/p>\n<p>&nbsp;<\/p>\n","protected":false},"excerpt":{"rendered":"<p>Nous venons de mettre au point le syst\u00e8me ultime de signalement et de collecte des probl\u00e8mes que nous<\/p>\n","protected":false},"author":1,"featured_media":4714,"comment_status":"open","ping_status":"open","sticky":false,"template":"","format":"standard","meta":{"footnotes":""},"categories":[3],"tags":[],"class_list":["post-1041","post","type-post","status-publish","format-standard","has-post-thumbnail","hentry","category-en-train"],"_links":{"self":[{"href":"https:\/\/usagers-transports.haut-allier.eu\/index.php\/wp-json\/wp\/v2\/posts\/1041","targetHints":{"allow":["GET"]}}],"collection":[{"href":"https:\/\/usagers-transports.haut-allier.eu\/index.php\/wp-json\/wp\/v2\/posts"}],"about":[{"href":"https:\/\/usagers-transports.haut-allier.eu\/index.php\/wp-json\/wp\/v2\/types\/post"}],"author":[{"embeddable":true,"href":"https:\/\/usagers-transports.haut-allier.eu\/index.php\/wp-json\/wp\/v2\/users\/1"}],"replies":[{"embeddable":true,"href":"https:\/\/usagers-transports.haut-allier.eu\/index.php\/wp-json\/wp\/v2\/comments?post=1041"}],"version-history":[{"count":0,"href":"https:\/\/usagers-transports.haut-allier.eu\/index.php\/wp-json\/wp\/v2\/posts\/1041\/revisions"}],"wp:featuredmedia":[{"embeddable":true,"href":"https:\/\/usagers-transports.haut-allier.eu\/index.php\/wp-json\/wp\/v2\/media\/4714"}],"wp:attachment":[{"href":"https:\/\/usagers-transports.haut-allier.eu\/index.php\/wp-json\/wp\/v2\/media?parent=1041"}],"wp:term":[{"taxonomy":"category","embeddable":true,"href":"https:\/\/usagers-transports.haut-allier.eu\/index.php\/wp-json\/wp\/v2\/categories?post=1041"},{"taxonomy":"post_tag","embeddable":true,"href":"https:\/\/usagers-transports.haut-allier.eu\/index.php\/wp-json\/wp\/v2\/tags?post=1041"}],"curies":[{"name":"wp","href":"https:\/\/api.w.org\/{rel}","templated":true}]}}