{"id":1045,"date":"2023-11-20T18:11:27","date_gmt":"2023-11-20T17:11:27","guid":{"rendered":"http:\/\/5.45.101.177\/haut-allier\/usagers-transportse\/index.php\/2023\/11\/20\/lignes-de-train-du-massif-central1045\/"},"modified":"2023-11-20T18:11:27","modified_gmt":"2023-11-20T17:11:27","slug":"lignes-de-train-du-massif-central1045","status":"publish","type":"post","link":"https:\/\/usagers-transports.haut-allier.eu\/index.php\/2023\/11\/20\/lignes-de-train-du-massif-central1045\/","title":{"rendered":"Lignes de train du Massif central : les nouveaux horaires \u00e0 partir du 9 d\u00e9cembre 2023"},"content":{"rendered":"<p>Voici les nouvelles grilles horaires pour les principales lignes desservant le massif central (vous aurez le PDF en cliquant) \u00e0 partir du 9 d\u00e9cembre jusqu&rsquo;au 13 juillet 2024 :<br \/>\n&nbsp;<br \/>\n<strong>Ligne des C\u00e9vennes &#038; Transloz\u00e9rienne<\/strong><br \/>\n&nbsp;<br \/>\n<em>N\u00eemes Al\u00e8s Langogne Langeac Brioude Clermont-Ferrand &#038; Labastide-Saint-Laurent Mende Marvejols<\/em><br \/>\n&nbsp;<br \/>\nEn version Auvergne Rh\u00f4ne Alpes<br \/>\n<a href=\"http:\/\/5.45.101.177\/haut-allier\/usagers-transportse\/wp-content\/uploads\/2023\/11\/08_du_10-12-23_au_09-02-24_et_du_29-05-24_au_13-07-24-_v2.pdf\">08_du_10-12-23_au_09-02-24_et_du_29-05-24_au_13-07-24-_v2.pdf<\/a><br \/>\n&nbsp;<br \/>\nEn version Occitanie<br \/>\n<a href=\"http:\/\/5.45.101.177\/haut-allier\/usagers-transportse\/wp-content\/uploads\/2023\/11\/web_fh27_na_mes_-_ala_s_-_clermont_semaine_we_4_pages.pdf\">web_fh27_na_mes_-_ala_s_-_clermont_semaine_we_4_pages.pdf<\/a><br \/>\n&nbsp;<br \/>\n<em>Clermont Langeac Le Puy en Velay<\/em><br \/>\n<a href=\"http:\/\/5.45.101.177\/haut-allier\/usagers-transportse\/wp-content\/uploads\/2023\/11\/26_du_10-12-23_au_13-07-24-_v1.pdf\">26_du_10-12-23_au_13-07-24-_v1.pdf<\/a><br \/>\n&nbsp;<br \/>\n<strong>Ligne des Causses<\/strong><br \/>\n&nbsp;<br \/>\n<em>B\u00e9ziers Millau Marvejols Saint-Flour Issoire Clermont-Ferrand<\/em><br \/>\n &nbsp;<br \/>\nEn version Occitanie<br \/>\n<a href=\"http:\/\/5.45.101.177\/haut-allier\/usagers-transportse\/wp-content\/uploads\/2023\/11\/web_fh28_ba_ziers_-_millau_-_clermont_semaine_we_4_pages.pdf\">web_fh28_ba_ziers_-_millau_-_clermont_semaine_we_4_pages.pdf<\/a><br \/>\n&nbsp;<br \/>\nEn version Auvergne Rh\u00f4ne Alpes<br \/>\n<a href=\"http:\/\/5.45.101.177\/haut-allier\/usagers-transportse\/wp-content\/uploads\/2023\/11\/65_du_10-12-23_au_13-07-24-_v2.pdf\">65_du_10-12-23_au_13-07-24-_v2.pdf<\/a><br \/>\n&nbsp;<br \/>\n<strong>Ligne vers Toulouse<\/strong><br \/>\n&nbsp;<br \/>\n<em>Clermont Aurillac Toulouse<\/em><br \/>\n<a href=\"http:\/\/5.45.101.177\/haut-allier\/usagers-transportse\/wp-content\/uploads\/2023\/11\/65_du_10-12-23_au_13-07-24-_v2.pdf\">65_du_10-12-23_au_13-07-24-_v2.pdf<\/a><br \/>\n&nbsp;<br \/>\nEn version Occitanie<br \/>\n<a href=\"http:\/\/5.45.101.177\/haut-allier\/usagers-transportse\/wp-content\/uploads\/2023\/11\/web_fh3_aurillac_-_toulouse_semaine_we_4_pages.pdf\">web_fh3_aurillac_-_toulouse_semaine_we_4_pages.pdf<\/a><br \/>\n&nbsp;<br \/>\n<strong>Ligne des Volcans<\/strong><br \/>\n&nbsp;<br \/>\n<em>Clermont Volvic<\/em><br \/>\n<a href=\"http:\/\/5.45.101.177\/haut-allier\/usagers-transportse\/wp-content\/uploads\/2023\/11\/84_du_10-12-23_au_13-07-24-_v3.pdf\">84_du_10-12-23_au_13-07-24-_v3.pdf<\/a><br \/>\n&nbsp;<br \/>\n<strong>Lignes vers Paris<\/strong><br \/>\n&nbsp;<br \/>\n<em>Clermont Vichy Moulins Paris<\/em><br \/>\n&nbsp;<br \/>\n<em>Clermont Vichy<\/em><br \/>\n<a href=\"http:\/\/5.45.101.177\/haut-allier\/usagers-transportse\/wp-content\/uploads\/2023\/11\/15_du_10-12-23_au_13-07-24-_v1.pdf\">15_du_10-12-23_au_13-07-24-_v1.pdf<\/a><br \/>\n&nbsp;<br \/>\n<em>Clermont Montlu\u00e7on<\/em><br \/>\n<a href=\"http:\/\/5.45.101.177\/haut-allier\/usagers-transportse\/wp-content\/uploads\/2023\/11\/16_du_10-12-23_au_13-07-24-_v1.pdf\">16_du_10-12-23_au_13-07-24-_v1.pdf<\/a><br \/>\n&nbsp;<br \/>\n<strong>Lignes vers Lyon<\/strong><br \/>\n&nbsp;<br \/>\n<em>Clermont Vichy Roanne Lyon<\/em> [rouge](Mise \u00e0 jour \u00e0 venir car non disponible)[\/rouge]<br \/>\n&nbsp;<br \/>\n<em>Clermont Thiers<\/em><br \/>\n<a href=\"http:\/\/5.45.101.177\/haut-allier\/usagers-transportse\/wp-content\/uploads\/2023\/11\/11_du_10-12-23_au_07-07-24-_v3.pdf\">11_du_10-12-23_au_07-07-24-_v3.pdf<\/a><br \/>\n&nbsp;<br \/>\n<em>Le Puy en Velay Saint Etienne Lyon<\/em><br \/>\n<a href=\"http:\/\/5.45.101.177\/haut-allier\/usagers-transportse\/wp-content\/uploads\/2023\/11\/09_du_10-12-23_au_13-07-24-_v1.pdf\">09_du_10-12-23_au_13-07-24-_v1.pdf<\/a><br \/>\n&nbsp;<br \/>\n<strong>Qu&rsquo;en penser ?<\/strong><br \/>\n&nbsp;<br \/>\nComme l&rsquo;\u00e9quipe Wauquiez nous l&rsquo;a serin\u00e9 maintes fois il ne faut pas s&rsquo;attendre \u00e0 un d\u00e9veloppement des lignes r\u00e9gionales vu qu&rsquo;elle ne veut pas investir dans le train. Vous ne constaterez donc aucun changement dans les horaires. Ils essaient juste de pr\u00e9server l&rsquo;existant avec les probl\u00e8mes que l&rsquo;on connait : sous dimensionnement des trains, indisponibilit\u00e9 des rames vu le mat\u00e9riel vieillissant et non remplac\u00e9 \u00e0 temps car il n&rsquo;y a aucune anticipation.<br \/>\n&nbsp;<br \/>\nA tel point que m\u00eame les agents TER de la r\u00e9gion, les \u00ab\u00a0community managers\u00a0\u00bb qui pilotent le service clients sur Twitter \/ X craquent et le reconnaissent :<br \/>\n&nbsp;<br \/>\n<img loading=\"lazy\" decoding=\"async\" class=\" aligncenter size-full wp-image-4739\" src=\"http:\/\/5.45.101.177\/haut-allier\/usagers-transportse\/wp-content\/uploads\/2023\/11\/7-collectif-usagers-transports-haut-allier-usagershtallier-x.png\" alt=\"-7-collectif-usagers-transports-haut-allier-usagershtallier-x.png\" align=\"center\" width=\"583\" height=\"143\" srcset=\"https:\/\/usagers-transports.haut-allier.eu\/wp-content\/uploads\/2023\/11\/7-collectif-usagers-transports-haut-allier-usagershtallier-x.png 583w, https:\/\/usagers-transports.haut-allier.eu\/wp-content\/uploads\/2023\/11\/7-collectif-usagers-transports-haut-allier-usagershtallier-x-300x74.png 300w\" sizes=\"auto, (max-width: 583px) 100vw, 583px\" \/><br \/>\n&nbsp;<br \/>\nLes seules am\u00e9liorations viennent encore une fois de la r\u00e9gion Occitanie puisque le r\u00e9tablissement de la liaison directe Clermont Ferrand Toulouse par Aurillac est bien act\u00e9 (voir la fiche ci-dessus). Et puis aussi du c\u00f4t\u00e9 de l&rsquo;Etat avec le retour du train de nuit Paris Aurillac par Brive les week-ends et en p\u00e9riode de vacances scolaires (mais les fiches horaires ci-dessus ne le prennent pas en compte, il n&rsquo;existe pas de fiche horaire sp\u00e9cifique aux trains Intercit\u00e9s de nuit, il faut passer par SNCF Connect ou autres plateformes concurrentes).<br \/>\n&nbsp;<br \/>\nAvec les nouveaux op\u00e9rateurs, pas trop en Auvergne il est vrai, le voyageur risque fort d&rsquo;\u00eatre d\u00e9boussol\u00e9 dans sa recherche des horaires, des billets, des correspondances, des prix. Le r\u00e9seau <a href=\"https:\/\/reseauentrain.eu\"><strong>#enTrain<\/strong><\/a> se bat au niveau europ\u00e9en pour la cr\u00e9ation d&rsquo;une coordination entre tous les op\u00e9rateurs qu&rsquo;ils soient nationaux ou priv\u00e9s.<\/p>\n","protected":false},"excerpt":{"rendered":"<p>Voici les nouvelles grilles horaires pour les principales lignes desservant le massif central (vous aurez le PDF en<\/p>\n","protected":false},"author":1,"featured_media":4727,"comment_status":"open","ping_status":"open","sticky":false,"template":"","format":"standard","meta":{"footnotes":""},"categories":[2],"tags":[],"class_list":["post-1045","post","type-post","status-publish","format-standard","has-post-thumbnail","hentry","category-infos"],"_links":{"self":[{"href":"https:\/\/usagers-transports.haut-allier.eu\/index.php\/wp-json\/wp\/v2\/posts\/1045","targetHints":{"allow":["GET"]}}],"collection":[{"href":"https:\/\/usagers-transports.haut-allier.eu\/index.php\/wp-json\/wp\/v2\/posts"}],"about":[{"href":"https:\/\/usagers-transports.haut-allier.eu\/index.php\/wp-json\/wp\/v2\/types\/post"}],"author":[{"embeddable":true,"href":"https:\/\/usagers-transports.haut-allier.eu\/index.php\/wp-json\/wp\/v2\/users\/1"}],"replies":[{"embeddable":true,"href":"https:\/\/usagers-transports.haut-allier.eu\/index.php\/wp-json\/wp\/v2\/comments?post=1045"}],"version-history":[{"count":0,"href":"https:\/\/usagers-transports.haut-allier.eu\/index.php\/wp-json\/wp\/v2\/posts\/1045\/revisions"}],"wp:featuredmedia":[{"embeddable":true,"href":"https:\/\/usagers-transports.haut-allier.eu\/index.php\/wp-json\/wp\/v2\/media\/4727"}],"wp:attachment":[{"href":"https:\/\/usagers-transports.haut-allier.eu\/index.php\/wp-json\/wp\/v2\/media?parent=1045"}],"wp:term":[{"taxonomy":"category","embeddable":true,"href":"https:\/\/usagers-transports.haut-allier.eu\/index.php\/wp-json\/wp\/v2\/categories?post=1045"},{"taxonomy":"post_tag","embeddable":true,"href":"https:\/\/usagers-transports.haut-allier.eu\/index.php\/wp-json\/wp\/v2\/tags?post=1045"}],"curies":[{"name":"wp","href":"https:\/\/api.w.org\/{rel}","templated":true}]}}