{"id":1046,"date":"2023-11-19T23:48:42","date_gmt":"2023-11-19T22:48:42","guid":{"rendered":"http:\/\/5.45.101.177\/haut-allier\/usagers-transportse\/index.php\/2023\/11\/19\/train-de-nuit-paris-aurillac-il1046\/"},"modified":"2026-09-01T16:04:20","modified_gmt":"2026-09-01T14:04:20","slug":"train-de-nuit-paris-aurillac-il1046","status":"publish","type":"post","link":"https:\/\/usagers-transports.haut-allier.eu\/index.php\/2023\/11\/19\/train-de-nuit-paris-aurillac-il1046\/","title":{"rendered":"Train de nuit Paris Aurillac : il sera bien quotidien [MAJ]"},"content":{"rendered":"Promis par Jean Castex en octobre 2021 devant les \u00e9lus du Cantal, le train de nuit desservant Aurillac depuis Brive et la ligne POLT (Paris Orl\u00e9ans Limoges Toulouse) entrera en fonction le 10 d\u00e9cembre prochain, dans 15 jours.\n&nbsp;\nIl devait \u00eatre quotidien en tous cas dans l&rsquo;esprit de tous, et sans doute de l&rsquo;ancien premier ministre, comme le train de nuit Paris Rodez et Toulouse duquel d&rsquo;ailleurs il \u00f4tera trois voitures, ce qui met vent debout les toulousains d\u00e9j\u00e0 desservis par un train en manque de capacit\u00e9. L&rsquo;id\u00e9e de cette fr\u00e9quence, qui semblait naturelle, a \u00e9t\u00e9 mise \u00e0 mal par les annonces de la SNCF d\u00e8s 2022 r\u00e9duisant l&rsquo;ambition \u00e0 un train de nuit de week-end. En fait un aller retour par jour pendant les p\u00e9riodes de vacances de la zone A et C, ainsi qu\u2019un trajet les vendredis et dimanches soir dans chaque sens en dehors des p\u00e9riodes de vacances scolaires.\n&nbsp;\nLes \u00e9lus et les organisations d&rsquo;usagers, qui sont mont\u00e9s au cr\u00e9neau aussit\u00f4t pour d\u00e9noncer l&rsquo;arnaque, vont \u00eatre r\u00e9compens\u00e9s : nous apprenons ces jours-ci que <strong>oui, le train nocturne Paris Brive Aurillac sera quotidien mais \u00e0 partir de&#8230; d\u00e9cembre 2024<\/strong>.\n&nbsp;\nUn r\u00e9sultat \u00e0 porter au cr\u00e9dit de l&rsquo;efficacit\u00e9 de <a href=\"https:\/\/destinationtrainsdenuit.eu\"><em>Destination trains de nuit<\/em><\/a> et d&rsquo;<a href=\"http:\/\/urgencelignepolt.fr\/\"><em>Urgence ligne POLT<\/em><\/a> avec plusieurs interventions en haut lieu. Les \u00e9lus cantalous et lotois de leur c\u00f4t\u00e9 ont fait \u00e9galement pression.\n&nbsp;\n<img loading=\"lazy\" decoding=\"async\" class=\" aligncenter size-full wp-image-4741\" src=\"http:\/\/5.45.101.177\/haut-allier\/usagers-transportse\/wp-content\/uploads\/2023\/11\/nldtdnpa.jpg\" alt=\"nldtdnpa.jpg\" align=\"center\" width=\"697\" height=\"698\" srcset=\"https:\/\/usagers-transports.haut-allier.eu\/wp-content\/uploads\/2023\/11\/nldtdnpa.jpg 697w, https:\/\/usagers-transports.haut-allier.eu\/wp-content\/uploads\/2023\/11\/nldtdnpa-300x300.jpg 300w, https:\/\/usagers-transports.haut-allier.eu\/wp-content\/uploads\/2023\/11\/nldtdnpa-150x150.jpg 150w\" sizes=\"auto, (max-width: 697px) 100vw, 697px\" \/>\n&nbsp;\n<strong>La desserte \u00e0 partir de Brive la Gaillarde<\/strong>\n&nbsp;\nLes gares desservies seront Saint-Denis-Pr\u00e8s-Martel, Bretenoux-Biars, Laroquebrou et Aurillac. Les premi\u00e8res circulations sont \u00e0 22 euros l&rsquo;aller comme l&rsquo;indique le site de r\u00e9servation de <a href=\"https:\/\/sncf-connect.com\"><em>SNCF Connect<\/em><\/a>.\n&nbsp;\n<img loading=\"lazy\" decoding=\"async\" class=\" aligncenter size-full wp-image-4742\" src=\"http:\/\/5.45.101.177\/haut-allier\/usagers-transportse\/wp-content\/uploads\/2023\/11\/sncf-connect-resultats-d-itineraires-aller-21112023.jpg\" alt=\"sncf-connect-resultats-d-itineraires-aller-21112023.jpg\" align=\"center\" width=\"1050\" height=\"143\" srcset=\"https:\/\/usagers-transports.haut-allier.eu\/wp-content\/uploads\/2023\/11\/sncf-connect-resultats-d-itineraires-aller-21112023.jpg 1050w, https:\/\/usagers-transports.haut-allier.eu\/wp-content\/uploads\/2023\/11\/sncf-connect-resultats-d-itineraires-aller-21112023-300x41.jpg 300w, https:\/\/usagers-transports.haut-allier.eu\/wp-content\/uploads\/2023\/11\/sncf-connect-resultats-d-itineraires-aller-21112023-1024x139.jpg 1024w, https:\/\/usagers-transports.haut-allier.eu\/wp-content\/uploads\/2023\/11\/sncf-connect-resultats-d-itineraires-aller-21112023-768x105.jpg 768w\" sizes=\"auto, (max-width: 1050px) 100vw, 1050px\" \/>\n&nbsp;\n[Mise \u00e0 jour du 21 novembre]\n&nbsp;\nSNCF Voyageurs nous pr\u00e9cise que le prix d&rsquo;entr\u00e9e pour voyager de nuit en place assise est de 19\u20ac (comme sur tous les trains de nuit en France). Apparemment pas le premier jour.\n&nbsp;\n\n<table>\n<tbody>\n<tr class='row_even'>\n<td>Paris Austerlitz<\/td>\n<td>19:27<\/td><\/tr>\n<tr class='row_odd'>\n<td>Aurillac<\/td>\n<td>07:30<\/td><\/tr>\n<\/tbody>\n<\/table>\n\n\n\n\n\n<table>\n<tbody>\n<tr class='row_even'>\n<td>Aurillac<\/td>\n<td>22:41<\/td><\/tr>\n<tr class='row_odd'>\n<td>Paris Austerlitz<\/td>\n<td>08:31<\/td><\/tr>\n<\/tbody>\n<\/table>\n\n&nbsp;\n<strong>Une composition minimale mais un confort correct<\/strong>\n&nbsp;\nPour ce premier retour en Auvergne, par un d\u00e9tour \u00e0 l&rsquo;ouest, la SNCF a pr\u00e9vu un train compos\u00e9 de trois voitures : une couchettes premi\u00e8re classe, une couchettes 2\u00e8me classe et une normale, \u00e0 si\u00e8ges.\n&nbsp;\n<strong>A priori la rame devrait inclure les voitures r\u00e9nov\u00e9es r\u00e9cemment<\/strong> au centre technique de P\u00e9rigueux, l&rsquo;op\u00e9ration \u00e9tant termin\u00e9e.\n&nbsp;\nCela ressemblera donc \u00e0 \u00e7a :\n&nbsp;\n<img loading=\"lazy\" decoding=\"async\" class=\" aligncenter size-full wp-image-4743\" src=\"http:\/\/5.45.101.177\/haut-allier\/usagers-transportse\/wp-content\/uploads\/2023\/11\/un-tdn-intercites.jpg\" alt=\"un-tdn-intercites.jpg\" align=\"center\" width=\"896\" height=\"598\" srcset=\"https:\/\/usagers-transports.haut-allier.eu\/wp-content\/uploads\/2023\/11\/un-tdn-intercites.jpg 896w, https:\/\/usagers-transports.haut-allier.eu\/wp-content\/uploads\/2023\/11\/un-tdn-intercites-300x200.jpg 300w, https:\/\/usagers-transports.haut-allier.eu\/wp-content\/uploads\/2023\/11\/un-tdn-intercites-768x513.jpg 768w\" sizes=\"auto, (max-width: 896px) 100vw, 896px\" \/>\n<center><em>[photo Usine Nouvelle]<\/em><\/center>\n&nbsp;\nUn train de nuit SNCF auparavant :\n&nbsp;\n<img loading=\"lazy\" decoding=\"async\" class=\" aligncenter size-full wp-image-4744\" src=\"http:\/\/5.45.101.177\/haut-allier\/usagers-transportse\/wp-content\/uploads\/2023\/11\/france3-tdnpolt.jpg\" alt=\"france3-tdnpolt.jpg\" align=\"center\" width=\"1200\" height=\"900\" srcset=\"https:\/\/usagers-transports.haut-allier.eu\/wp-content\/uploads\/2023\/11\/france3-tdnpolt.jpg 1200w, https:\/\/usagers-transports.haut-allier.eu\/wp-content\/uploads\/2023\/11\/france3-tdnpolt-300x225.jpg 300w, https:\/\/usagers-transports.haut-allier.eu\/wp-content\/uploads\/2023\/11\/france3-tdnpolt-1024x768.jpg 1024w, https:\/\/usagers-transports.haut-allier.eu\/wp-content\/uploads\/2023\/11\/france3-tdnpolt-768x576.jpg 768w\" sizes=\"auto, (max-width: 1200px) 100vw, 1200px\" \/>\n<center><em>[photo France 3]<\/em><\/center>\n&nbsp;\nOn est quand m\u00eame encore \u00e0 des ann\u00e9es lumi\u00e8re des trains autrichiens NightJet, certes en premi\u00e8re classe&#8230;\n&nbsp;\n<img loading=\"lazy\" decoding=\"async\" class=\" aligncenter size-full wp-image-4745\" src=\"http:\/\/5.45.101.177\/haut-allier\/usagers-transportse\/wp-content\/uploads\/2023\/11\/obb-jcr_content.jpg\" alt=\"obb-jcr_content.jpg\" align=\"center\" width=\"711\" height=\"400\" srcset=\"https:\/\/usagers-transports.haut-allier.eu\/wp-content\/uploads\/2023\/11\/obb-jcr_content.jpg 711w, https:\/\/usagers-transports.haut-allier.eu\/wp-content\/uploads\/2023\/11\/obb-jcr_content-300x169.jpg 300w\" sizes=\"auto, (max-width: 711px) 100vw, 711px\" \/>\n<center><em>[photo OBB]<\/em><\/center>\n&nbsp;\n<strong>Et le confort minimal ?<\/strong>\n&nbsp;\nParlons du \u00ab\u00a0service douche\u00a0\u00bb. Accessible dans un sens, \u00e0 l&rsquo;arriv\u00e9e \u00e0 Paris Austerlitz. Pas dans l&rsquo;autre. A Aurillac les voyageurs baigneront \u00ab\u00a0dans leur jus\u00a0\u00bb. De toute fa\u00e7on le \u00ab\u00a0service douche\u00a0\u00bb n&rsquo;est accessible qu&rsquo;\u00e0 Paris et Toulouse sur cette ligne.\n&nbsp;\n<strong>De nouvelles voitures lits modernes ?<\/strong>\n&nbsp;\nNon. Mais tout viendra bien un jour. Gardons espoir. En tous cas pas avant 2030 \u00e7a on en est s\u00fbr puisqu&rsquo;aucune nouvelle voiture lits n&rsquo;est command\u00e9e pour le moment en France, ce qui en dit long sur la volont\u00e9 du gouvernement de d\u00e9velopper son r\u00e9seau d&rsquo;Intercit\u00e9s nocturnes. Attendons aussi une vraie desserte du massif central par un vrai train tribranche Paris Clermont Aurillac \/ Millau \/ N\u00eemes. La solution attendue de tous, usagers et \u00e9lus et m\u00eame cheminots, c&rsquo;est pour dire.\n&nbsp;\n&nbsp;\n[Mise \u00e0 jour du 9 d\u00e9cembre]\n&nbsp;\nSNCF Voyageurs \/ Intercit\u00e9s nous envoie un document des circulations des Intercit\u00e9s de jour et de nuit Paris &#8211; Rodez et Paris &#8211; Aurillac pour la p\u00e9riode d\u00e9cembre &#8211; mars qui tient compte des travaux sur les lignes. Pour initi\u00e9s seulement. Le voici :\n&nbsp;\n<a href=\"http:\/\/5.45.101.177\/haut-allier\/usagers-transportse\/wp-content\/uploads\/2023\/11\/231207_pta_tdn_paris_rodez_albi_aurillac_decembre2023_mars2024.pdf\">231207_pta_tdn_paris_rodez_albi_aurillac_decembre2023_mars2024.pdf<\/a>\n&nbsp;\nConcernant les al\u00e9as sur la ligne Paris &#8211; Rodez (suppressions notamment) voici le message officiel :\n&nbsp;\n\n<blockquote class=\"poesie\">\n\u00ab\u00a0Nous sommes pleinement conscients que la qualit\u00e9 de service propos\u00e9e ces derni\u00e8res semaines sur Paris <-> Rodez\/Albi n\u2019est pas \u00e0 la hauteur de ce que nos clients sont en droit d\u2019attendre. Comme vous le constaterez \u00e0 la lecture de ce document, les \u00e9quipes Intercit\u00e9s et SNCF R\u00e9seau poursuivent en continu le travail engag\u00e9 depuis plusieurs mois sur l\u2019ensemble des solutions permettant d\u2019assurer la meilleure offre de transport possible sur le trimestre \u00e0 venir, et notamment durant les importants travaux pr\u00e9vus entre fin janvier et fin mars sur Paris &#8211; Orl\u00e9ans &#8211; Limoges &#8211; Toulouse, axe majeur de circulation des trains de nuit qui relient Paris et le Sud-Ouest.\u00a0\u00bb\n<\/blockquote>\n\n&nbsp;\n&nbsp;\n[Mise \u00e0 jour du 10 d\u00e9cembre]\n&nbsp;\n<strong>Le ministre confirme la quotidiennet\u00e9 dans un courrier<\/strong>\n&nbsp;\nFrance 3 Auvergne du 9\/12\/2023 : <a href=\"https:\/\/france3-regions.francetvinfo.fr\/auvergne-rhone-alpes\/cantal\/aurillac\/train-de-nuit-aurillac-paris-vers-une-liaison-quotidienne-fin-2024-2887136.html\"><em>Train de nuit Aurillac-Paris &#8211; Vers une liaison quotidienne fin 2024 ?<\/em><\/a>\n&nbsp;\n\n<p>&nbsp;<\/p>\n\n\t<figure class=\"wp-block-gallery columns-2 is-cropped wp-block-gallery-1 is-layout-flex wp-block-gallery-is-layout-flex\">\n\t\t<ul class=\"blocks-gallery-grid\">\n\t\t\t<li class=\"blocks-gallery-item\">\n\t\t\t\t<figure>\n\t\t\t\t\t\t\t\t\t\t\t<img loading=\"lazy\" decoding=\"async\" width=\"697\" height=\"698\" src=\"http:\/\/5.45.101.177\/haut-allier\/usagers-transportse\/wp-content\/uploads\/2023\/11\/nldtdnpa.jpg\"\n\t\t\t\t\t\t alt=\"nldtdnpa.jpg\"\n\t\t\t\t\t\t data-id=\"4741\"\n\t\t\t\t\t\t data-full-url=\"http:\/\/5.45.101.177\/haut-allier\/usagers-transportse\/wp-content\/uploads\/2023\/11\/nldtdnpa.jpg\"\n\t\t\t\t\t\t data-link=\"http:\/\/5.45.101.177\/haut-allier\/usagers-transportse\/index.php\/2023\/11\/19\/train-de-nuit-paris-aurillac-il1046\/attachment-nldtdnpa-jpg\/\"\n\t\t\t\t\t\t class=\"wp-image-4741\" srcset=\"https:\/\/usagers-transports.haut-allier.eu\/wp-content\/uploads\/2023\/11\/nldtdnpa.jpg 697w, https:\/\/usagers-transports.haut-allier.eu\/wp-content\/uploads\/2023\/11\/nldtdnpa-300x300.jpg 300w, https:\/\/usagers-transports.haut-allier.eu\/wp-content\/uploads\/2023\/11\/nldtdnpa-150x150.jpg 150w\" sizes=\"auto, (max-width: 697px) 100vw, 697px\" \/>\n\t\t\t\t<\/figure>\n\t\t\t<\/li>\n\t\t\t<li class=\"blocks-gallery-item\">\n\t\t\t\t<figure>\n\t\t\t\t\t\t\t\t\t\t\t<img loading=\"lazy\" decoding=\"async\" width=\"1050\" height=\"143\" src=\"http:\/\/5.45.101.177\/haut-allier\/usagers-transportse\/wp-content\/uploads\/2023\/11\/sncf-connect-resultats-d-itineraires-aller-21112023.jpg\"\n\t\t\t\t\t\t alt=\"sncf-connect-resultats-d-itineraires-aller-21112023.jpg\"\n\t\t\t\t\t\t data-id=\"4742\"\n\t\t\t\t\t\t data-full-url=\"http:\/\/5.45.101.177\/haut-allier\/usagers-transportse\/wp-content\/uploads\/2023\/11\/sncf-connect-resultats-d-itineraires-aller-21112023.jpg\"\n\t\t\t\t\t\t data-link=\"http:\/\/5.45.101.177\/haut-allier\/usagers-transportse\/index.php\/2023\/11\/19\/train-de-nuit-paris-aurillac-il1046\/attachment-sncf-connect-resultats-d-itineraires-aller-21112023-jpg\/\"\n\t\t\t\t\t\t class=\"wp-image-4742\" srcset=\"https:\/\/usagers-transports.haut-allier.eu\/wp-content\/uploads\/2023\/11\/sncf-connect-resultats-d-itineraires-aller-21112023.jpg 1050w, https:\/\/usagers-transports.haut-allier.eu\/wp-content\/uploads\/2023\/11\/sncf-connect-resultats-d-itineraires-aller-21112023-300x41.jpg 300w, https:\/\/usagers-transports.haut-allier.eu\/wp-content\/uploads\/2023\/11\/sncf-connect-resultats-d-itineraires-aller-21112023-1024x139.jpg 1024w, https:\/\/usagers-transports.haut-allier.eu\/wp-content\/uploads\/2023\/11\/sncf-connect-resultats-d-itineraires-aller-21112023-768x105.jpg 768w\" sizes=\"auto, (max-width: 1050px) 100vw, 1050px\" \/>\n\t\t\t\t<\/figure>\n\t\t\t<\/li>\n\t\t<\/ul>\n\t<\/figure>\n","protected":false},"excerpt":{"rendered":"<p>Promis par Jean Castex en octobre 2021 devant les \u00e9lus du Cantal, le train de nuit desservant Aurillac<\/p>\n","protected":false},"author":1,"featured_media":4740,"comment_status":"open","ping_status":"open","sticky":false,"template":"","format":"standard","meta":{"footnotes":""},"categories":[2],"tags":[],"class_list":["post-1046","post","type-post","status-publish","format-standard","has-post-thumbnail","hentry","category-infos"],"_links":{"self":[{"href":"https:\/\/usagers-transports.haut-allier.eu\/index.php\/wp-json\/wp\/v2\/posts\/1046","targetHints":{"allow":["GET"]}}],"collection":[{"href":"https:\/\/usagers-transports.haut-allier.eu\/index.php\/wp-json\/wp\/v2\/posts"}],"about":[{"href":"https:\/\/usagers-transports.haut-allier.eu\/index.php\/wp-json\/wp\/v2\/types\/post"}],"author":[{"embeddable":true,"href":"https:\/\/usagers-transports.haut-allier.eu\/index.php\/wp-json\/wp\/v2\/users\/1"}],"replies":[{"embeddable":true,"href":"https:\/\/usagers-transports.haut-allier.eu\/index.php\/wp-json\/wp\/v2\/comments?post=1046"}],"version-history":[{"count":1,"href":"https:\/\/usagers-transports.haut-allier.eu\/index.php\/wp-json\/wp\/v2\/posts\/1046\/revisions"}],"predecessor-version":[{"id":4747,"href":"https:\/\/usagers-transports.haut-allier.eu\/index.php\/wp-json\/wp\/v2\/posts\/1046\/revisions\/4747"}],"wp:featuredmedia":[{"embeddable":true,"href":"https:\/\/usagers-transports.haut-allier.eu\/index.php\/wp-json\/wp\/v2\/media\/4740"}],"wp:attachment":[{"href":"https:\/\/usagers-transports.haut-allier.eu\/index.php\/wp-json\/wp\/v2\/media?parent=1046"}],"wp:term":[{"taxonomy":"category","embeddable":true,"href":"https:\/\/usagers-transports.haut-allier.eu\/index.php\/wp-json\/wp\/v2\/categories?post=1046"},{"taxonomy":"post_tag","embeddable":true,"href":"https:\/\/usagers-transports.haut-allier.eu\/index.php\/wp-json\/wp\/v2\/tags?post=1046"}],"curies":[{"name":"wp","href":"https:\/\/api.w.org\/{rel}","templated":true}]}}