{"id":1047,"date":"2023-11-21T09:09:01","date_gmt":"2023-11-21T08:09:01","guid":{"rendered":"http:\/\/5.45.101.177\/haut-allier\/usagers-transportse\/index.php\/2023\/11\/21\/ligne-ales-besseges-nouvelle1047\/"},"modified":"2023-11-21T09:09:01","modified_gmt":"2023-11-21T08:09:01","slug":"ligne-ales-besseges-nouvelle1047","status":"publish","type":"post","link":"https:\/\/usagers-transports.haut-allier.eu\/index.php\/2023\/11\/21\/ligne-ales-besseges-nouvelle1047\/","title":{"rendered":"Ligne Al\u00e8s &#8211; Bess\u00e8ges : nouvelle marche pour un retour encore recul\u00e9"},"content":{"rendered":"<p>Apr\u00e8s l&rsquo;annonce du report pour 2028 de la r\u00e9ouverture de cette belle ligne des C\u00e9vennes suspendue en 2012, puisque la Haute autorit\u00e9 environnementale a demand\u00e9 une nouvelle \u00e9tude \u00e0 propos des impacts environnementaux, le collectif pour la d\u00e9fense et la r\u00e9ouverture de la ligne ferroviaire Al\u00e8s Bess\u00e8ges organise une marche pour ce retour promis depuis plusieurs ann\u00e9es. Car il y a menace : plus on avance, plus la date est repouss\u00e9e et toujours pour de bonnes raisons.<br \/>\n&nbsp;<br \/>\n<strong>Samedi 25 novembre, le programme<\/strong><br \/>\n&nbsp;<br \/>\n&#8211; A 9h30 d\u00e9part gare de Gammal,<br \/>\n&#8211; A 10h30 environ arriv\u00e9e en gare de Moli\u00e8res-sur-C\u00e8ze,<br \/>\n&#8211; Puis cheminement jusqu&rsquo;\u00e0 la salle Sainte-Barbe,<br \/>\n&#8211; De 11h00 \u00e0 12h15 : D\u00e9bat public et prise de parole sur le th\u00e8me \u00ab\u00a0Les reculades du projet de r\u00e9novation de la ligne et les t\u00e9moignages des usagers priv\u00e9s de train depuis 2012\u00a0\u00bb.<br \/>\n&nbsp;<br \/>\nLes encouragements \u00e0 participer de nos amis de l&rsquo;association des usagers de la SNCF du Gard et des d\u00e9partements limitrophes :<br \/>\n&nbsp;<\/p>\n<blockquote><p>C&rsquo;est samedi, matin en plus, donc le week-end commence en fanfare dans une ambiance survolt\u00e9e et engag\u00e9e mais respectueuse.<br \/>\n&nbsp;<br \/>\nC&rsquo;est une invitation \u00e0 une petite s\u00e9ance de #sport en plein air (c&rsquo;est rare l&rsquo;air pur).<br \/>\n&nbsp;<br \/>\nC&rsquo;est pour d\u00e9fendre la r\u00e9novation de la ligne Al\u00e8s-Bess\u00e8ges ; et l\u00e0 \u00e0 part les proches des membres du Collectif qui subissent les pr\u00e9paratifs et le dossier depuis des ann\u00e9es &#8230; (merci pour votre soutien !), tout le monde peut s&rsquo;enthousiasmer et venir soutenir le projet.<br \/>\n&nbsp;<br \/>\nC&rsquo;est aussi pour se retrouver en vrai et partager un moment ensemble.<br \/>\n&nbsp;<br \/>\nLe coin est hyper \u00ab\u00a0instagramable\u00a0\u00bb, les paysages d&rsquo;automne sont magnifiques, vous allez faire des stories d&rsquo;enfer !<br \/>\n&nbsp;<br \/>\nApportez votre pique-nique, on mangera ensemble pour garder la ligne (Al\u00e8s-Bess\u00e8ges)<br \/>\n&nbsp;<br \/>\nMerci de venir et si par mille concours de circonstance vous ne pouviez malheureusement pas \u00eatre pr\u00e9sent, merci de diffuser l&rsquo;info autour de vous.<br \/>\n&nbsp;<br \/>\nBREAKING NEWS : Les membres du Collectif seront pr\u00e9sents sur les march\u00e9s en amont de la r\u00e9union publique du 25 novembre prochain \u00e0 Moli\u00e8res-sur-C\u00e8ze. N&rsquo;h\u00e9sitez pas \u00e0 leur donner un coup de main pour distribuer les tracts et les afficher dans les commerces et autres panneaux d&rsquo;affichage public d\u00e9di\u00e9s.<\/p>\n<p>&#8211; Mardi 21 novembre \u00e0 10h \u00e0 Saint Ambroix<br \/>\n&#8211; Jeudi 23 novembre \u00e0 10h \u00e0 Bess\u00e8ges<br \/>\n&#8211; Vendredi 24 novembre \u00e0 10h \u00e0 Moli\u00e8res-sur-C\u00e8ze<br \/>\n&nbsp;\n<\/p><\/blockquote>\n<p>&nbsp;<br \/>\nLa communication de SNCF et de la r\u00e9gion Occitanie pour l&rsquo;op\u00e9ration de concertation avec la population en 2021 :<br \/>\n&nbsp;<br \/>\n<img loading=\"lazy\" decoding=\"async\" class=\" aligncenter size-full wp-image-4749\" src=\"http:\/\/5.45.101.177\/haut-allier\/usagers-transportse\/wp-content\/uploads\/2023\/11\/visuel_annonce-768x402.jpg\" alt=\"visuel_annonce-768x402.jpg\" align=\"center\" width=\"768\" height=\"402\" srcset=\"https:\/\/usagers-transports.haut-allier.eu\/wp-content\/uploads\/2023\/11\/visuel_annonce-768x402.jpg 768w, https:\/\/usagers-transports.haut-allier.eu\/wp-content\/uploads\/2023\/11\/visuel_annonce-768x402-300x157.jpg 300w\" sizes=\"auto, (max-width: 768px) 100vw, 768px\" \/><br \/>\n&nbsp;<\/p>\n","protected":false},"excerpt":{"rendered":"<p>Apr\u00e8s l&rsquo;annonce du report pour 2028 de la r\u00e9ouverture de cette belle ligne des C\u00e9vennes suspendue en 2012,<\/p>\n","protected":false},"author":1,"featured_media":4748,"comment_status":"open","ping_status":"open","sticky":false,"template":"","format":"standard","meta":{"footnotes":""},"categories":[2],"tags":[],"class_list":["post-1047","post","type-post","status-publish","format-standard","has-post-thumbnail","hentry","category-infos"],"_links":{"self":[{"href":"https:\/\/usagers-transports.haut-allier.eu\/index.php\/wp-json\/wp\/v2\/posts\/1047","targetHints":{"allow":["GET"]}}],"collection":[{"href":"https:\/\/usagers-transports.haut-allier.eu\/index.php\/wp-json\/wp\/v2\/posts"}],"about":[{"href":"https:\/\/usagers-transports.haut-allier.eu\/index.php\/wp-json\/wp\/v2\/types\/post"}],"author":[{"embeddable":true,"href":"https:\/\/usagers-transports.haut-allier.eu\/index.php\/wp-json\/wp\/v2\/users\/1"}],"replies":[{"embeddable":true,"href":"https:\/\/usagers-transports.haut-allier.eu\/index.php\/wp-json\/wp\/v2\/comments?post=1047"}],"version-history":[{"count":0,"href":"https:\/\/usagers-transports.haut-allier.eu\/index.php\/wp-json\/wp\/v2\/posts\/1047\/revisions"}],"wp:featuredmedia":[{"embeddable":true,"href":"https:\/\/usagers-transports.haut-allier.eu\/index.php\/wp-json\/wp\/v2\/media\/4748"}],"wp:attachment":[{"href":"https:\/\/usagers-transports.haut-allier.eu\/index.php\/wp-json\/wp\/v2\/media?parent=1047"}],"wp:term":[{"taxonomy":"category","embeddable":true,"href":"https:\/\/usagers-transports.haut-allier.eu\/index.php\/wp-json\/wp\/v2\/categories?post=1047"},{"taxonomy":"post_tag","embeddable":true,"href":"https:\/\/usagers-transports.haut-allier.eu\/index.php\/wp-json\/wp\/v2\/tags?post=1047"}],"curies":[{"name":"wp","href":"https:\/\/api.w.org\/{rel}","templated":true}]}}