{"id":1048,"date":"2023-11-29T11:19:12","date_gmt":"2023-11-29T10:19:12","guid":{"rendered":"http:\/\/5.45.101.177\/haut-allier\/usagers-transportse\/index.php\/2023\/11\/29\/comite-de-mobilite-auvergne-du-291048\/"},"modified":"2026-09-01T16:04:31","modified_gmt":"2026-09-01T14:04:31","slug":"comite-de-mobilite-auvergne-du-291048","status":"publish","type":"post","link":"https:\/\/usagers-transports.haut-allier.eu\/index.php\/2023\/11\/29\/comite-de-mobilite-auvergne-du-291048\/","title":{"rendered":"Comit\u00e9 Mobilit\u00e9 Auvergne du 29 novembre 2023 \u00e0 Clermont Ferrand [MAJ]"},"content":{"rendered":"Ce mardi matin avait lieu l&rsquo;annuelle rencontre entre la r\u00e9gion Auvergne Rh\u00f4ne Alpes et les usagers + les acteurs de la mobilit\u00e9 sur la \u00ab\u00a0plaque\u00a0\u00bb Auvergne.\n&nbsp;\nLe Vice-pr\u00e9sident charg\u00e9 des transports Fr\u00e9d\u00e9ric Aguilera en d\u00e9but de r\u00e9union r\u00e9p\u00e9ta ce qu&rsquo;il nous ass\u00e8ne depuis des mois maintenant : vu l&rsquo;investissement pr\u00e9vu par l&rsquo;Etat (et la r\u00e9gion dont il fait partie) il n&rsquo;\u00e9tait pas question de r\u00e9ouvertures de lignes ni de vraie modernisation du r\u00e9seau. Nous lui rappellerons que plusieurs r\u00e9gions voisines ont am\u00e9nag\u00e9 les budgets n\u00e9cessaires et poursuivent, elles, dans le sens des r\u00e9ouvertures et de la modernisation du r\u00e9seau et des services.\n&nbsp;\nOr sans r\u00e9seau p\u00e9renne pas d&rsquo;\u00e9volution possible de l&rsquo;offre en transports telle qu&rsquo;annonc\u00e9e : la r\u00e9gion ambitionne de passer de 200 000 et quelques voyageurs par jour \u00e0 300 000 en 2035.\n&nbsp;\n<strong>Nos notes en vrac :<\/strong>\n&nbsp;\nProchaine s\u00e9ance pl\u00e9ni\u00e8re du conseil r\u00e9gional dans 15 jours.\nSujet qui les pr\u00e9occupe : l&rsquo;ouverture \u00e0 la concurrence.\n&nbsp;\nAguilera : \u00ab\u00a0Il ne faut pas opposer les mobilit\u00e9s\u00a0\u00bb (le bon pr\u00e9texte pour investir dans le routier et l&rsquo;avion).\n&nbsp;\nLa r\u00e9gion veut au cap 2035 :\n&#8211; un choc d&rsquo;offres\n&#8211; la d\u00e9carbonation \n&#8211; une concertation renforc\u00e9e\n&nbsp;\nActuellement 220 000 voyageurs jour, cap vers 300 000 voyageurs par jour avec -30% d&rsquo;offre en plus,\n-130 nouvelles rames \/ en net 60 000 places en plus sur le parc ferroviaire.\n&nbsp;\n\u00ab\u00a0AuRA la r\u00e9gion fran\u00e7aise qui va commander le plus\u00a0\u00bb\n&nbsp;\n&#8211; 10 000 places de v\u00e9los s\u00e9curis\u00e9s en gare,\n&#8211; hypersimplification pour l&rsquo;usager avec la carte Oura.\n&#8211; investissement 5,7 milliards d&rsquo;euros dont le mat\u00e9riel roulant. Une augmentation de 2 fois \/ p\u00e9riode pr\u00e9c\u00e9dente,\n&#8211; entretien et modernisation 1,5 milliard pour la maintenance des rames et de nouveaux ateliers.\n&nbsp;\nLa r\u00e9gion AuRA demande \u00e0 l&rsquo;\u00e9tat de faire un effort sur l&rsquo;infrastructure : \u00ab\u00a0Chacun dans sa comp\u00e9tence. Etat, op\u00e9rateurs, r\u00e9gion\u00a0\u00bb.\n&nbsp;\n<img loading=\"lazy\" decoding=\"async\" class=\" aligncenter size-full wp-image-4751\" src=\"http:\/\/5.45.101.177\/haut-allier\/usagers-transportse\/wp-content\/uploads\/2023\/11\/cm29112023-146.jpg\" alt=\"cm29112023-146.jpg\" align=\"center\" width=\"1500\" height=\"1125\" srcset=\"https:\/\/usagers-transports.haut-allier.eu\/wp-content\/uploads\/2023\/11\/cm29112023-146.jpg 1500w, https:\/\/usagers-transports.haut-allier.eu\/wp-content\/uploads\/2023\/11\/cm29112023-146-300x225.jpg 300w, https:\/\/usagers-transports.haut-allier.eu\/wp-content\/uploads\/2023\/11\/cm29112023-146-1024x768.jpg 1024w, https:\/\/usagers-transports.haut-allier.eu\/wp-content\/uploads\/2023\/11\/cm29112023-146-768x576.jpg 768w\" sizes=\"auto, (max-width: 1500px) 100vw, 1500px\" \/>\n&nbsp;\n<strong>Sur l&rsquo;ouverture \u00e0 la concurrence : \u00ab\u00a0Prudence, pas de pr\u00e9cipitation\u00a0\u00bb<\/strong>\n&nbsp;\nLa r\u00e9gion veut homog\u00e9n\u00e9iser les services : transparence pour l&rsquo;usager. Discussions en cours avec SNCF R\u00e9seau, prenant en compte les contingences industrielles.\n&nbsp;\nUne fois les lots ouverts : processus longs, entre 5 et 6 ans.\n&nbsp;\nOrganisation de tout le transfert de propri\u00e9t\u00e9 des trains et ateliers vers la r\u00e9gion.\n&nbsp;\nLa ligne Clermont Lyon sera g\u00e9r\u00e9e par Lyon.\n&nbsp;\n<strong>Sur la nouvelle convention TER (\/ SNCF) 2024 &#8211; 2033 (th\u00e9orique)<\/strong>\n&nbsp;\nPour plus de transparence des actions de la SNCF :\n&#8211; Mise en place d&rsquo;outils coercitifs car \u00ab\u00a0le delta est consid\u00e9rable entre ce qui est command\u00e9 \u00e0 la SNCF et la r\u00e9alisation\u00a0\u00bb\n&nbsp;\nRemarque usagers :\n&#8211; rien de possible sans infrastructure correcte\n&#8211; sur l&rsquo;inter r\u00e9gional beaucoup de probl\u00e8mes pour l&rsquo;offre tarifaire\n&nbsp;\nR\u00e9ponse Aguilera :\n&#8211; refonte des modes de tarification (vers le mode forfait)\n&#8211; sur la r\u00e9gularit\u00e9 : la moiti\u00e9 des probl\u00e8mes sont imputables \u00e0 SNCF R\u00e9seau (infrastructure) et 50% \u00e0 la gestion.\n&#8211; \u00ab\u00a0Accompagnement de SNCF R\u00e9seau pour la modernisation 2,2 milliard horizon 2035 (600 millions de progression)\u00a0\u00bb\n&nbsp;\n<strong>R\u00e9ouvertures :<\/strong>\n&nbsp;\nEtat impose page 18 de la convention CPER : pas de r\u00e9ouvertures de lignes.\nPour la r\u00e9gion AuRA dans le CPER l&rsquo;actuel d\u00e9fi c&rsquo;est \u00ab\u00a0pas de fermetures\u00a0\u00bb (NDLR : air connu).\n&nbsp;\nIl faudrait 300 \u00e0 400 Millions pour rouvrir les lignes (soit 50% du budget).\nSur Thiers Boen : la r\u00e9gion s&rsquo;engage sur \u00ab\u00a0pas de d\u00e9mant\u00e8lement et entretien\u00a0\u00bb.\n&nbsp;\n\u00ab\u00a0La r\u00e9gion ne peut pas tout faire\u00a0\u00bb dit Aguilera.\n&nbsp;\nRemarque des usagers de Montlu\u00e7on :\nSi les lignes sont maintenues en l&rsquo;\u00e9tat elles vont fermer d&rsquo;elle-m\u00eames faute d&rsquo;alternatives cr\u00e9dibles.\n&nbsp;\nR\u00e9ponse :\n\u00ab\u00a0Il faudrait 600 \u00e0 700 M pour remettre \u00e0 niveau les petites lignes\u00a0\u00bb.\nL&rsquo;\u00e9tat propose 30\/50 M pour les lignes des C\u00e9vennes et Aubrac.\nLa r\u00e9gion pousse \u00e0 200 \u00e0 250 M d&rsquo;euros <strong>(NDLR : seulement car manque d&rsquo;ambition)<\/strong>.\n&nbsp;\nQuestion : pour une augmentation de l&rsquo;offre c&rsquo;est quand ? 2029 ?\n&nbsp;\nR\u00e9ponse : On commence par les \u00e9tudes du RER clermontois.\n&nbsp;\nAguilera : \n\u00ab\u00a0Il faudrait augmenter le service du train sur Clermont Thiers\u00a0\u00bb. Il y a des difficult\u00e9s de gestion des autobus.\n&nbsp;\nQuestion de l&rsquo;association letrain634269 sur la diff\u00e9rence de prix du billet d\u00e9favorable au train (10e un Thiers Clermont) par rapport au bus (3e). \n&nbsp;\nR\u00e9ponse de la r\u00e9gion :\n&#8211; au contraire il y aurait des difficult\u00e9s d&#8217;emport sur les trains car trop grosse fr\u00e9quentation,\n&#8211; il y a des tarifs r\u00e9duits pour les jeunes,\n&#8211; comparaison \u00e0 faire avec les bus d\u00e9partement.\n&nbsp; \nIl y a une remise \u00e0 plat en cours pour optimiser les offres trains.\n&nbsp;\nSelon Aguilera : \u00ab\u00a0Pas de transfert du train vers le car\u00a0\u00bb\n&nbsp;\n<strong>Hydrog\u00e8ne :<\/strong>\n&nbsp;\nUne station d&rsquo;\u00e9lectrolyse \u00e0 hydrog\u00e8ne sera install\u00e9e \u00e0 Clermont.\nRemarque d&rsquo;usagers : en Allemagne on se tourne plut\u00f4t vers les batteries.\nR\u00e9ponse : c&rsquo;est une exp\u00e9rimentation&#8230; la r\u00e9gion va tester les 2 modes. Sur l&rsquo;Auvergne le syst\u00e8me \u00e0 batteries semble compliqu\u00e9 \u00e0 exploiter \u00e0 cause de l&rsquo;autonomie et de la non \u00e9lectrification.  \n&nbsp;\nRemarque de la FNAUT : \u00ab\u00a0L&rsquo;Auvergne a \u00e9t\u00e9 trop souvent territoire d&rsquo;exp\u00e9rimentation, sans jamais de mise en oeuvre.\u00a0\u00bb\n&nbsp;\nR\u00e9ponse Aguilera : Soyons modestes.\n&nbsp;\nChristian Roy de l&rsquo;association Retour du train des Volcans : la ligne des volcans particuli\u00e8rement adapt\u00e9e pour le train \u00e0 batteries !\n&nbsp;\nQuestion d&rsquo;un usager handicap\u00e9 : \nLes nouvelles rames seront-elles adapt\u00e9es au handicap ? R\u00e9ponse oui mais pas toutes.\n&nbsp;\nVoici la pr\u00e9sentation comment\u00e9e. Vous pouvez vous servir de l&rsquo;audio ci dessous (plus de 3 heures de r\u00e9union) :\n&nbsp;\n<a href=\"IMG\/mp3\/2023-11-28-2009.22_30r.mp3\">2023-11-28-2009.22_30r.mp3<\/a>\n&nbsp;\nMerci d&rsquo;excuser la qualit\u00e9 de capture de l&rsquo;\u00e9cran. \n&nbsp;\n__degrade.png__\n\n&nbsp;\n[fond rouge][blanc]<strong>[MAJ]<\/strong>[\/blanc][\/fond rouge]\n&nbsp;\n<em>Nous ajoutons ci-dessous la pr\u00e9sentation officielle puisque re\u00e7ue ce 7 d\u00e9cembre, nous \u00e9tions mauvaise langue<\/em>\n&nbsp;\n<a href=\"http:\/\/5.45.101.177\/haut-allier\/usagers-transportse\/wp-content\/uploads\/2023\/11\/support-comob-2023.pdf\">support-comob-2023.pdf<\/a>\n\n__degrade.png__\n&nbsp;\n<img loading=\"lazy\" decoding=\"async\" class=\" aligncenter size-full wp-image-4753\" src=\"http:\/\/5.45.101.177\/haut-allier\/usagers-transportse\/wp-content\/uploads\/2023\/11\/ret-cm29112023-145.jpg\" alt=\"ret-cm29112023-145.jpg\" align=\"center\" width=\"1500\" height=\"848\" srcset=\"https:\/\/usagers-transports.haut-allier.eu\/wp-content\/uploads\/2023\/11\/ret-cm29112023-145.jpg 1500w, https:\/\/usagers-transports.haut-allier.eu\/wp-content\/uploads\/2023\/11\/ret-cm29112023-145-300x170.jpg 300w, https:\/\/usagers-transports.haut-allier.eu\/wp-content\/uploads\/2023\/11\/ret-cm29112023-145-1024x579.jpg 1024w, https:\/\/usagers-transports.haut-allier.eu\/wp-content\/uploads\/2023\/11\/ret-cm29112023-145-768x434.jpg 768w\" sizes=\"auto, (max-width: 1500px) 100vw, 1500px\" \/>\n&nbsp;\n<img loading=\"lazy\" decoding=\"async\" class=\" aligncenter size-full wp-image-4754\" src=\"http:\/\/5.45.101.177\/haut-allier\/usagers-transportse\/wp-content\/uploads\/2023\/11\/ret-cm29112023-148.jpg\" alt=\"ret-cm29112023-148.jpg\" align=\"center\" width=\"1500\" height=\"787\" srcset=\"https:\/\/usagers-transports.haut-allier.eu\/wp-content\/uploads\/2023\/11\/ret-cm29112023-148.jpg 1500w, https:\/\/usagers-transports.haut-allier.eu\/wp-content\/uploads\/2023\/11\/ret-cm29112023-148-300x157.jpg 300w, https:\/\/usagers-transports.haut-allier.eu\/wp-content\/uploads\/2023\/11\/ret-cm29112023-148-1024x537.jpg 1024w, https:\/\/usagers-transports.haut-allier.eu\/wp-content\/uploads\/2023\/11\/ret-cm29112023-148-768x403.jpg 768w\" sizes=\"auto, (max-width: 1500px) 100vw, 1500px\" \/>\n&nbsp;\n<img loading=\"lazy\" decoding=\"async\" class=\" aligncenter size-full wp-image-4755\" src=\"http:\/\/5.45.101.177\/haut-allier\/usagers-transportse\/wp-content\/uploads\/2023\/11\/ret-cm29112023-147.jpg\" alt=\"ret-cm29112023-147.jpg\" align=\"center\" width=\"1500\" height=\"791\" srcset=\"https:\/\/usagers-transports.haut-allier.eu\/wp-content\/uploads\/2023\/11\/ret-cm29112023-147.jpg 1500w, https:\/\/usagers-transports.haut-allier.eu\/wp-content\/uploads\/2023\/11\/ret-cm29112023-147-300x158.jpg 300w, https:\/\/usagers-transports.haut-allier.eu\/wp-content\/uploads\/2023\/11\/ret-cm29112023-147-1024x540.jpg 1024w, https:\/\/usagers-transports.haut-allier.eu\/wp-content\/uploads\/2023\/11\/ret-cm29112023-147-768x405.jpg 768w\" sizes=\"auto, (max-width: 1500px) 100vw, 1500px\" \/>\n&nbsp;\n<img loading=\"lazy\" decoding=\"async\" class=\" aligncenter size-full wp-image-4756\" src=\"http:\/\/5.45.101.177\/haut-allier\/usagers-transportse\/wp-content\/uploads\/2023\/11\/ret-cm29112023-150.jpg\" alt=\"ret-cm29112023-150.jpg\" align=\"center\" width=\"1500\" height=\"752\" srcset=\"https:\/\/usagers-transports.haut-allier.eu\/wp-content\/uploads\/2023\/11\/ret-cm29112023-150.jpg 1500w, https:\/\/usagers-transports.haut-allier.eu\/wp-content\/uploads\/2023\/11\/ret-cm29112023-150-300x150.jpg 300w, https:\/\/usagers-transports.haut-allier.eu\/wp-content\/uploads\/2023\/11\/ret-cm29112023-150-1024x513.jpg 1024w, https:\/\/usagers-transports.haut-allier.eu\/wp-content\/uploads\/2023\/11\/ret-cm29112023-150-768x385.jpg 768w\" sizes=\"auto, (max-width: 1500px) 100vw, 1500px\" \/>\n&nbsp;\n<img loading=\"lazy\" decoding=\"async\" class=\" aligncenter size-full wp-image-4757\" src=\"http:\/\/5.45.101.177\/haut-allier\/usagers-transportse\/wp-content\/uploads\/2023\/11\/ret-cm29112023-149.jpg\" alt=\"ret-cm29112023-149.jpg\" align=\"center\" width=\"1500\" height=\"822\" srcset=\"https:\/\/usagers-transports.haut-allier.eu\/wp-content\/uploads\/2023\/11\/ret-cm29112023-149.jpg 1500w, https:\/\/usagers-transports.haut-allier.eu\/wp-content\/uploads\/2023\/11\/ret-cm29112023-149-300x164.jpg 300w, https:\/\/usagers-transports.haut-allier.eu\/wp-content\/uploads\/2023\/11\/ret-cm29112023-149-1024x561.jpg 1024w, https:\/\/usagers-transports.haut-allier.eu\/wp-content\/uploads\/2023\/11\/ret-cm29112023-149-768x421.jpg 768w\" sizes=\"auto, (max-width: 1500px) 100vw, 1500px\" \/>\n&nbsp;\n<img loading=\"lazy\" decoding=\"async\" class=\" aligncenter size-full wp-image-4758\" src=\"http:\/\/5.45.101.177\/haut-allier\/usagers-transportse\/wp-content\/uploads\/2023\/11\/ret-cm29112023-152.jpg\" alt=\"ret-cm29112023-152.jpg\" align=\"center\" width=\"1500\" height=\"924\" srcset=\"https:\/\/usagers-transports.haut-allier.eu\/wp-content\/uploads\/2023\/11\/ret-cm29112023-152.jpg 1500w, https:\/\/usagers-transports.haut-allier.eu\/wp-content\/uploads\/2023\/11\/ret-cm29112023-152-300x185.jpg 300w, https:\/\/usagers-transports.haut-allier.eu\/wp-content\/uploads\/2023\/11\/ret-cm29112023-152-1024x631.jpg 1024w, https:\/\/usagers-transports.haut-allier.eu\/wp-content\/uploads\/2023\/11\/ret-cm29112023-152-768x473.jpg 768w\" sizes=\"auto, (max-width: 1500px) 100vw, 1500px\" \/>\n&nbsp;\n<img loading=\"lazy\" decoding=\"async\" class=\" aligncenter size-full wp-image-4759\" src=\"http:\/\/5.45.101.177\/haut-allier\/usagers-transportse\/wp-content\/uploads\/2023\/11\/ret-cm29112023-151.jpg\" alt=\"ret-cm29112023-151.jpg\" align=\"center\" width=\"1500\" height=\"778\" srcset=\"https:\/\/usagers-transports.haut-allier.eu\/wp-content\/uploads\/2023\/11\/ret-cm29112023-151.jpg 1500w, https:\/\/usagers-transports.haut-allier.eu\/wp-content\/uploads\/2023\/11\/ret-cm29112023-151-300x156.jpg 300w, https:\/\/usagers-transports.haut-allier.eu\/wp-content\/uploads\/2023\/11\/ret-cm29112023-151-1024x531.jpg 1024w, https:\/\/usagers-transports.haut-allier.eu\/wp-content\/uploads\/2023\/11\/ret-cm29112023-151-768x398.jpg 768w\" sizes=\"auto, (max-width: 1500px) 100vw, 1500px\" \/>\n&nbsp;\n<img loading=\"lazy\" decoding=\"async\" class=\" aligncenter size-full wp-image-4760\" src=\"http:\/\/5.45.101.177\/haut-allier\/usagers-transportse\/wp-content\/uploads\/2023\/11\/ret-cm29112023-153.jpg\" alt=\"ret-cm29112023-153.jpg\" align=\"center\" width=\"1500\" height=\"756\" srcset=\"https:\/\/usagers-transports.haut-allier.eu\/wp-content\/uploads\/2023\/11\/ret-cm29112023-153.jpg 1500w, https:\/\/usagers-transports.haut-allier.eu\/wp-content\/uploads\/2023\/11\/ret-cm29112023-153-300x151.jpg 300w, https:\/\/usagers-transports.haut-allier.eu\/wp-content\/uploads\/2023\/11\/ret-cm29112023-153-1024x516.jpg 1024w, https:\/\/usagers-transports.haut-allier.eu\/wp-content\/uploads\/2023\/11\/ret-cm29112023-153-768x387.jpg 768w\" sizes=\"auto, (max-width: 1500px) 100vw, 1500px\" \/>\n&nbsp;\n<img loading=\"lazy\" decoding=\"async\" class=\" aligncenter size-full wp-image-4761\" src=\"http:\/\/5.45.101.177\/haut-allier\/usagers-transportse\/wp-content\/uploads\/2023\/11\/ret-cm29112023-154.jpg\" alt=\"ret-cm29112023-154.jpg\" align=\"center\" width=\"1500\" height=\"799\" srcset=\"https:\/\/usagers-transports.haut-allier.eu\/wp-content\/uploads\/2023\/11\/ret-cm29112023-154.jpg 1500w, https:\/\/usagers-transports.haut-allier.eu\/wp-content\/uploads\/2023\/11\/ret-cm29112023-154-300x160.jpg 300w, https:\/\/usagers-transports.haut-allier.eu\/wp-content\/uploads\/2023\/11\/ret-cm29112023-154-1024x545.jpg 1024w, https:\/\/usagers-transports.haut-allier.eu\/wp-content\/uploads\/2023\/11\/ret-cm29112023-154-768x409.jpg 768w\" sizes=\"auto, (max-width: 1500px) 100vw, 1500px\" \/>\n&nbsp;\n<strong>Notre avis sur la nouvelle convention pour les 10 ann\u00e9es \u00e0 venir :<\/strong>\n&nbsp;\nBeaucoup d&rsquo;outils coercitifs pour une meilleure prise de d\u00e9cision de la r\u00e9gion, soit, MAIS OU SONT LES OBJECTIFS DE MODERNISATION DES SERVICES dans la feuille de route ?\n&nbsp;\nL&rsquo;Occitanie avec l&rsquo;objectif de 100 000 voyageurs \/jour met 800 Millions dans l&rsquo;infrastructure dans le CPER (et les r\u00e9ouvertures prises \u00e0 sa charge). La r\u00e9gion AuRA avec son objectif de 300 000 voyageurs et \u00ab\u00a0pas de fermeture\u00a0\u00bb et entretien \u00e0 minima met combien ? A part dans le mat\u00e9riel roulant o\u00f9 un effort important est effectivement fait.\n&nbsp;\n<img loading=\"lazy\" decoding=\"async\" class=\" aligncenter size-full wp-image-4762\" src=\"http:\/\/5.45.101.177\/haut-allier\/usagers-transportse\/wp-content\/uploads\/2023\/11\/ret-cm29112023-156.jpg\" alt=\"ret-cm29112023-156.jpg\" align=\"center\" width=\"1500\" height=\"829\" srcset=\"https:\/\/usagers-transports.haut-allier.eu\/wp-content\/uploads\/2023\/11\/ret-cm29112023-156.jpg 1500w, https:\/\/usagers-transports.haut-allier.eu\/wp-content\/uploads\/2023\/11\/ret-cm29112023-156-300x166.jpg 300w, https:\/\/usagers-transports.haut-allier.eu\/wp-content\/uploads\/2023\/11\/ret-cm29112023-156-1024x566.jpg 1024w, https:\/\/usagers-transports.haut-allier.eu\/wp-content\/uploads\/2023\/11\/ret-cm29112023-156-768x424.jpg 768w\" sizes=\"auto, (max-width: 1500px) 100vw, 1500px\" \/>\n&nbsp;\n<img loading=\"lazy\" decoding=\"async\" class=\" aligncenter size-full wp-image-4763\" src=\"http:\/\/5.45.101.177\/haut-allier\/usagers-transportse\/wp-content\/uploads\/2023\/11\/ret-cm29112023-155.jpg\" alt=\"ret-cm29112023-155.jpg\" align=\"center\" width=\"1500\" height=\"726\" srcset=\"https:\/\/usagers-transports.haut-allier.eu\/wp-content\/uploads\/2023\/11\/ret-cm29112023-155.jpg 1500w, https:\/\/usagers-transports.haut-allier.eu\/wp-content\/uploads\/2023\/11\/ret-cm29112023-155-300x145.jpg 300w, https:\/\/usagers-transports.haut-allier.eu\/wp-content\/uploads\/2023\/11\/ret-cm29112023-155-1024x496.jpg 1024w, https:\/\/usagers-transports.haut-allier.eu\/wp-content\/uploads\/2023\/11\/ret-cm29112023-155-768x372.jpg 768w\" sizes=\"auto, (max-width: 1500px) 100vw, 1500px\" \/>\n&nbsp;\n<img loading=\"lazy\" decoding=\"async\" class=\" aligncenter size-full wp-image-4764\" src=\"http:\/\/5.45.101.177\/haut-allier\/usagers-transportse\/wp-content\/uploads\/2023\/11\/ret-cm29112023-157.jpg\" alt=\"ret-cm29112023-157.jpg\" align=\"center\" width=\"1500\" height=\"820\" srcset=\"https:\/\/usagers-transports.haut-allier.eu\/wp-content\/uploads\/2023\/11\/ret-cm29112023-157.jpg 1500w, https:\/\/usagers-transports.haut-allier.eu\/wp-content\/uploads\/2023\/11\/ret-cm29112023-157-300x164.jpg 300w, https:\/\/usagers-transports.haut-allier.eu\/wp-content\/uploads\/2023\/11\/ret-cm29112023-157-1024x560.jpg 1024w, https:\/\/usagers-transports.haut-allier.eu\/wp-content\/uploads\/2023\/11\/ret-cm29112023-157-768x420.jpg 768w\" sizes=\"auto, (max-width: 1500px) 100vw, 1500px\" \/>\n&nbsp;\n<img loading=\"lazy\" decoding=\"async\" class=\" aligncenter size-full wp-image-4765\" src=\"http:\/\/5.45.101.177\/haut-allier\/usagers-transportse\/wp-content\/uploads\/2023\/11\/ret-cm29112023-158.jpg\" alt=\"ret-cm29112023-158.jpg\" align=\"center\" width=\"1500\" height=\"797\" srcset=\"https:\/\/usagers-transports.haut-allier.eu\/wp-content\/uploads\/2023\/11\/ret-cm29112023-158.jpg 1500w, https:\/\/usagers-transports.haut-allier.eu\/wp-content\/uploads\/2023\/11\/ret-cm29112023-158-300x159.jpg 300w, https:\/\/usagers-transports.haut-allier.eu\/wp-content\/uploads\/2023\/11\/ret-cm29112023-158-1024x544.jpg 1024w, https:\/\/usagers-transports.haut-allier.eu\/wp-content\/uploads\/2023\/11\/ret-cm29112023-158-768x408.jpg 768w\" sizes=\"auto, (max-width: 1500px) 100vw, 1500px\" \/>\n&nbsp;\n<img loading=\"lazy\" decoding=\"async\" class=\" aligncenter size-full wp-image-4766\" src=\"http:\/\/5.45.101.177\/haut-allier\/usagers-transportse\/wp-content\/uploads\/2023\/11\/ret-cm29112023-159.jpg\" alt=\"ret-cm29112023-159.jpg\" align=\"center\" width=\"1500\" height=\"796\" srcset=\"https:\/\/usagers-transports.haut-allier.eu\/wp-content\/uploads\/2023\/11\/ret-cm29112023-159.jpg 1500w, https:\/\/usagers-transports.haut-allier.eu\/wp-content\/uploads\/2023\/11\/ret-cm29112023-159-300x159.jpg 300w, https:\/\/usagers-transports.haut-allier.eu\/wp-content\/uploads\/2023\/11\/ret-cm29112023-159-1024x543.jpg 1024w, https:\/\/usagers-transports.haut-allier.eu\/wp-content\/uploads\/2023\/11\/ret-cm29112023-159-768x408.jpg 768w\" sizes=\"auto, (max-width: 1500px) 100vw, 1500px\" \/>\n&nbsp;\n<img loading=\"lazy\" decoding=\"async\" class=\" aligncenter size-full wp-image-4767\" src=\"http:\/\/5.45.101.177\/haut-allier\/usagers-transportse\/wp-content\/uploads\/2023\/11\/ret-cm29112023-160.jpg\" alt=\"ret-cm29112023-160.jpg\" align=\"center\" width=\"1500\" height=\"829\" srcset=\"https:\/\/usagers-transports.haut-allier.eu\/wp-content\/uploads\/2023\/11\/ret-cm29112023-160.jpg 1500w, https:\/\/usagers-transports.haut-allier.eu\/wp-content\/uploads\/2023\/11\/ret-cm29112023-160-300x166.jpg 300w, https:\/\/usagers-transports.haut-allier.eu\/wp-content\/uploads\/2023\/11\/ret-cm29112023-160-1024x566.jpg 1024w, https:\/\/usagers-transports.haut-allier.eu\/wp-content\/uploads\/2023\/11\/ret-cm29112023-160-768x424.jpg 768w\" sizes=\"auto, (max-width: 1500px) 100vw, 1500px\" \/>\n&nbsp;\n<img loading=\"lazy\" decoding=\"async\" class=\" aligncenter size-full wp-image-4768\" src=\"http:\/\/5.45.101.177\/haut-allier\/usagers-transportse\/wp-content\/uploads\/2023\/11\/ret-cm29112023-161.jpg\" alt=\"ret-cm29112023-161.jpg\" align=\"center\" width=\"1500\" height=\"795\" srcset=\"https:\/\/usagers-transports.haut-allier.eu\/wp-content\/uploads\/2023\/11\/ret-cm29112023-161.jpg 1500w, https:\/\/usagers-transports.haut-allier.eu\/wp-content\/uploads\/2023\/11\/ret-cm29112023-161-300x159.jpg 300w, https:\/\/usagers-transports.haut-allier.eu\/wp-content\/uploads\/2023\/11\/ret-cm29112023-161-1024x543.jpg 1024w, https:\/\/usagers-transports.haut-allier.eu\/wp-content\/uploads\/2023\/11\/ret-cm29112023-161-768x407.jpg 768w\" sizes=\"auto, (max-width: 1500px) 100vw, 1500px\" \/>\n&nbsp;\n<img loading=\"lazy\" decoding=\"async\" class=\" aligncenter size-full wp-image-4769\" src=\"http:\/\/5.45.101.177\/haut-allier\/usagers-transportse\/wp-content\/uploads\/2023\/11\/ret-cm29112023-162.jpg\" alt=\"ret-cm29112023-162.jpg\" align=\"center\" width=\"1500\" height=\"798\" srcset=\"https:\/\/usagers-transports.haut-allier.eu\/wp-content\/uploads\/2023\/11\/ret-cm29112023-162.jpg 1500w, https:\/\/usagers-transports.haut-allier.eu\/wp-content\/uploads\/2023\/11\/ret-cm29112023-162-300x160.jpg 300w, https:\/\/usagers-transports.haut-allier.eu\/wp-content\/uploads\/2023\/11\/ret-cm29112023-162-1024x545.jpg 1024w, https:\/\/usagers-transports.haut-allier.eu\/wp-content\/uploads\/2023\/11\/ret-cm29112023-162-768x409.jpg 768w\" sizes=\"auto, (max-width: 1500px) 100vw, 1500px\" \/>\n&nbsp;\n<img loading=\"lazy\" decoding=\"async\" class=\" aligncenter size-full wp-image-4770\" src=\"http:\/\/5.45.101.177\/haut-allier\/usagers-transportse\/wp-content\/uploads\/2023\/11\/ret-cm29112023-164.jpg\" alt=\"ret-cm29112023-164.jpg\" align=\"center\" width=\"1500\" height=\"799\" srcset=\"https:\/\/usagers-transports.haut-allier.eu\/wp-content\/uploads\/2023\/11\/ret-cm29112023-164.jpg 1500w, https:\/\/usagers-transports.haut-allier.eu\/wp-content\/uploads\/2023\/11\/ret-cm29112023-164-300x160.jpg 300w, https:\/\/usagers-transports.haut-allier.eu\/wp-content\/uploads\/2023\/11\/ret-cm29112023-164-1024x545.jpg 1024w, https:\/\/usagers-transports.haut-allier.eu\/wp-content\/uploads\/2023\/11\/ret-cm29112023-164-768x409.jpg 768w\" sizes=\"auto, (max-width: 1500px) 100vw, 1500px\" \/>\n&nbsp;\n<img loading=\"lazy\" decoding=\"async\" class=\" aligncenter size-full wp-image-4771\" src=\"http:\/\/5.45.101.177\/haut-allier\/usagers-transportse\/wp-content\/uploads\/2023\/11\/ret-cm29112023-163.jpg\" alt=\"ret-cm29112023-163.jpg\" align=\"center\" width=\"1500\" height=\"810\" srcset=\"https:\/\/usagers-transports.haut-allier.eu\/wp-content\/uploads\/2023\/11\/ret-cm29112023-163.jpg 1500w, https:\/\/usagers-transports.haut-allier.eu\/wp-content\/uploads\/2023\/11\/ret-cm29112023-163-300x162.jpg 300w, https:\/\/usagers-transports.haut-allier.eu\/wp-content\/uploads\/2023\/11\/ret-cm29112023-163-1024x553.jpg 1024w, https:\/\/usagers-transports.haut-allier.eu\/wp-content\/uploads\/2023\/11\/ret-cm29112023-163-768x415.jpg 768w\" sizes=\"auto, (max-width: 1500px) 100vw, 1500px\" \/>\n&nbsp;\n<img loading=\"lazy\" decoding=\"async\" class=\" aligncenter size-full wp-image-4772\" src=\"http:\/\/5.45.101.177\/haut-allier\/usagers-transportse\/wp-content\/uploads\/2023\/11\/ret-cm29112023-165.jpg\" alt=\"ret-cm29112023-165.jpg\" align=\"center\" width=\"1500\" height=\"845\" srcset=\"https:\/\/usagers-transports.haut-allier.eu\/wp-content\/uploads\/2023\/11\/ret-cm29112023-165.jpg 1500w, https:\/\/usagers-transports.haut-allier.eu\/wp-content\/uploads\/2023\/11\/ret-cm29112023-165-300x169.jpg 300w, https:\/\/usagers-transports.haut-allier.eu\/wp-content\/uploads\/2023\/11\/ret-cm29112023-165-1024x577.jpg 1024w, https:\/\/usagers-transports.haut-allier.eu\/wp-content\/uploads\/2023\/11\/ret-cm29112023-165-768x433.jpg 768w\" sizes=\"auto, (max-width: 1500px) 100vw, 1500px\" \/>\n&nbsp;\n<img loading=\"lazy\" decoding=\"async\" class=\" aligncenter size-full wp-image-4773\" src=\"http:\/\/5.45.101.177\/haut-allier\/usagers-transportse\/wp-content\/uploads\/2023\/11\/ret-cm29112023-166.jpg\" alt=\"ret-cm29112023-166.jpg\" align=\"center\" width=\"1500\" height=\"810\" srcset=\"https:\/\/usagers-transports.haut-allier.eu\/wp-content\/uploads\/2023\/11\/ret-cm29112023-166.jpg 1500w, https:\/\/usagers-transports.haut-allier.eu\/wp-content\/uploads\/2023\/11\/ret-cm29112023-166-300x162.jpg 300w, https:\/\/usagers-transports.haut-allier.eu\/wp-content\/uploads\/2023\/11\/ret-cm29112023-166-1024x553.jpg 1024w, https:\/\/usagers-transports.haut-allier.eu\/wp-content\/uploads\/2023\/11\/ret-cm29112023-166-768x415.jpg 768w\" sizes=\"auto, (max-width: 1500px) 100vw, 1500px\" \/>\n&nbsp;\n<img loading=\"lazy\" decoding=\"async\" class=\" aligncenter size-full wp-image-4774\" src=\"http:\/\/5.45.101.177\/haut-allier\/usagers-transportse\/wp-content\/uploads\/2023\/11\/ret-cm29112023-167.jpg\" alt=\"ret-cm29112023-167.jpg\" align=\"center\" width=\"1500\" height=\"810\" srcset=\"https:\/\/usagers-transports.haut-allier.eu\/wp-content\/uploads\/2023\/11\/ret-cm29112023-167.jpg 1500w, https:\/\/usagers-transports.haut-allier.eu\/wp-content\/uploads\/2023\/11\/ret-cm29112023-167-300x162.jpg 300w, https:\/\/usagers-transports.haut-allier.eu\/wp-content\/uploads\/2023\/11\/ret-cm29112023-167-1024x553.jpg 1024w, https:\/\/usagers-transports.haut-allier.eu\/wp-content\/uploads\/2023\/11\/ret-cm29112023-167-768x415.jpg 768w\" sizes=\"auto, (max-width: 1500px) 100vw, 1500px\" \/>\n&nbsp;\n<img loading=\"lazy\" decoding=\"async\" class=\" aligncenter size-full wp-image-4775\" src=\"http:\/\/5.45.101.177\/haut-allier\/usagers-transportse\/wp-content\/uploads\/2023\/11\/ret-cm29112023-168.jpg\" alt=\"ret-cm29112023-168.jpg\" align=\"center\" width=\"1500\" height=\"810\" srcset=\"https:\/\/usagers-transports.haut-allier.eu\/wp-content\/uploads\/2023\/11\/ret-cm29112023-168.jpg 1500w, https:\/\/usagers-transports.haut-allier.eu\/wp-content\/uploads\/2023\/11\/ret-cm29112023-168-300x162.jpg 300w, https:\/\/usagers-transports.haut-allier.eu\/wp-content\/uploads\/2023\/11\/ret-cm29112023-168-1024x553.jpg 1024w, https:\/\/usagers-transports.haut-allier.eu\/wp-content\/uploads\/2023\/11\/ret-cm29112023-168-768x415.jpg 768w\" sizes=\"auto, (max-width: 1500px) 100vw, 1500px\" \/>\n&nbsp;\n<img loading=\"lazy\" decoding=\"async\" class=\" aligncenter size-full wp-image-4776\" src=\"http:\/\/5.45.101.177\/haut-allier\/usagers-transportse\/wp-content\/uploads\/2023\/11\/ret-cm29112023-170.jpg\" alt=\"ret-cm29112023-170.jpg\" align=\"center\" width=\"1500\" height=\"827\" srcset=\"https:\/\/usagers-transports.haut-allier.eu\/wp-content\/uploads\/2023\/11\/ret-cm29112023-170.jpg 1500w, https:\/\/usagers-transports.haut-allier.eu\/wp-content\/uploads\/2023\/11\/ret-cm29112023-170-300x165.jpg 300w, https:\/\/usagers-transports.haut-allier.eu\/wp-content\/uploads\/2023\/11\/ret-cm29112023-170-1024x565.jpg 1024w, https:\/\/usagers-transports.haut-allier.eu\/wp-content\/uploads\/2023\/11\/ret-cm29112023-170-768x423.jpg 768w\" sizes=\"auto, (max-width: 1500px) 100vw, 1500px\" \/>\n&nbsp;\n<img loading=\"lazy\" decoding=\"async\" class=\" aligncenter size-full wp-image-4777\" src=\"http:\/\/5.45.101.177\/haut-allier\/usagers-transportse\/wp-content\/uploads\/2023\/11\/ret-cm29112023-169.jpg\" alt=\"ret-cm29112023-169.jpg\" align=\"center\" width=\"1500\" height=\"814\" srcset=\"https:\/\/usagers-transports.haut-allier.eu\/wp-content\/uploads\/2023\/11\/ret-cm29112023-169.jpg 1500w, https:\/\/usagers-transports.haut-allier.eu\/wp-content\/uploads\/2023\/11\/ret-cm29112023-169-300x163.jpg 300w, https:\/\/usagers-transports.haut-allier.eu\/wp-content\/uploads\/2023\/11\/ret-cm29112023-169-1024x556.jpg 1024w, https:\/\/usagers-transports.haut-allier.eu\/wp-content\/uploads\/2023\/11\/ret-cm29112023-169-768x417.jpg 768w\" sizes=\"auto, (max-width: 1500px) 100vw, 1500px\" \/>\n&nbsp;\n<img loading=\"lazy\" decoding=\"async\" class=\" aligncenter size-full wp-image-4778\" src=\"http:\/\/5.45.101.177\/haut-allier\/usagers-transportse\/wp-content\/uploads\/2023\/11\/ret-cm29112023-172.jpg\" alt=\"ret-cm29112023-172.jpg\" align=\"center\" width=\"1500\" height=\"756\" srcset=\"https:\/\/usagers-transports.haut-allier.eu\/wp-content\/uploads\/2023\/11\/ret-cm29112023-172.jpg 1500w, https:\/\/usagers-transports.haut-allier.eu\/wp-content\/uploads\/2023\/11\/ret-cm29112023-172-300x151.jpg 300w, https:\/\/usagers-transports.haut-allier.eu\/wp-content\/uploads\/2023\/11\/ret-cm29112023-172-1024x516.jpg 1024w, https:\/\/usagers-transports.haut-allier.eu\/wp-content\/uploads\/2023\/11\/ret-cm29112023-172-768x387.jpg 768w\" sizes=\"auto, (max-width: 1500px) 100vw, 1500px\" \/>\n&nbsp;\n<img loading=\"lazy\" decoding=\"async\" class=\" aligncenter size-full wp-image-4779\" src=\"http:\/\/5.45.101.177\/haut-allier\/usagers-transportse\/wp-content\/uploads\/2023\/11\/ret-cm29112023-173.jpg\" alt=\"ret-cm29112023-173.jpg\" align=\"center\" width=\"1500\" height=\"841\" srcset=\"https:\/\/usagers-transports.haut-allier.eu\/wp-content\/uploads\/2023\/11\/ret-cm29112023-173.jpg 1500w, https:\/\/usagers-transports.haut-allier.eu\/wp-content\/uploads\/2023\/11\/ret-cm29112023-173-300x168.jpg 300w, https:\/\/usagers-transports.haut-allier.eu\/wp-content\/uploads\/2023\/11\/ret-cm29112023-173-1024x574.jpg 1024w, https:\/\/usagers-transports.haut-allier.eu\/wp-content\/uploads\/2023\/11\/ret-cm29112023-173-768x431.jpg 768w\" sizes=\"auto, (max-width: 1500px) 100vw, 1500px\" \/>\n&nbsp;\n<img loading=\"lazy\" decoding=\"async\" class=\" aligncenter size-full wp-image-4780\" src=\"http:\/\/5.45.101.177\/haut-allier\/usagers-transportse\/wp-content\/uploads\/2023\/11\/ret-cm29112023-175.jpg\" alt=\"ret-cm29112023-175.jpg\" align=\"center\" width=\"1500\" height=\"992\" srcset=\"https:\/\/usagers-transports.haut-allier.eu\/wp-content\/uploads\/2023\/11\/ret-cm29112023-175.jpg 1500w, https:\/\/usagers-transports.haut-allier.eu\/wp-content\/uploads\/2023\/11\/ret-cm29112023-175-300x198.jpg 300w, https:\/\/usagers-transports.haut-allier.eu\/wp-content\/uploads\/2023\/11\/ret-cm29112023-175-1024x677.jpg 1024w, https:\/\/usagers-transports.haut-allier.eu\/wp-content\/uploads\/2023\/11\/ret-cm29112023-175-768x508.jpg 768w\" sizes=\"auto, (max-width: 1500px) 100vw, 1500px\" \/>\n&nbsp;\n<img loading=\"lazy\" decoding=\"async\" class=\" aligncenter size-full wp-image-4781\" src=\"http:\/\/5.45.101.177\/haut-allier\/usagers-transportse\/wp-content\/uploads\/2023\/11\/ret-cm29112023-174.jpg\" alt=\"ret-cm29112023-174.jpg\" align=\"center\" width=\"1500\" height=\"952\" srcset=\"https:\/\/usagers-transports.haut-allier.eu\/wp-content\/uploads\/2023\/11\/ret-cm29112023-174.jpg 1500w, https:\/\/usagers-transports.haut-allier.eu\/wp-content\/uploads\/2023\/11\/ret-cm29112023-174-300x190.jpg 300w, https:\/\/usagers-transports.haut-allier.eu\/wp-content\/uploads\/2023\/11\/ret-cm29112023-174-1024x650.jpg 1024w, https:\/\/usagers-transports.haut-allier.eu\/wp-content\/uploads\/2023\/11\/ret-cm29112023-174-768x487.jpg 768w\" sizes=\"auto, (max-width: 1500px) 100vw, 1500px\" \/>\n&nbsp;\n<em>Aguilera sur la d\u00e9carbonation : \u00ab\u00a0Faire tourner les trains diesel ne va pas d\u00e9carbonner\u00a0\u00bb. NDLR : C&rsquo;est faux, le train m\u00eame tract\u00e9 par une locomotive diesel est toujours plus vertueux que le transport individuel rapport\u00e9 bien s\u00fbr au nombre de voyageurs<\/em>.\n<img loading=\"lazy\" decoding=\"async\" class=\" aligncenter size-full wp-image-4782\" src=\"http:\/\/5.45.101.177\/haut-allier\/usagers-transportse\/wp-content\/uploads\/2023\/11\/ret-cm29112023-176.jpg\" alt=\"ret-cm29112023-176.jpg\" align=\"center\" width=\"1500\" height=\"812\" srcset=\"https:\/\/usagers-transports.haut-allier.eu\/wp-content\/uploads\/2023\/11\/ret-cm29112023-176.jpg 1500w, https:\/\/usagers-transports.haut-allier.eu\/wp-content\/uploads\/2023\/11\/ret-cm29112023-176-300x162.jpg 300w, https:\/\/usagers-transports.haut-allier.eu\/wp-content\/uploads\/2023\/11\/ret-cm29112023-176-1024x554.jpg 1024w, https:\/\/usagers-transports.haut-allier.eu\/wp-content\/uploads\/2023\/11\/ret-cm29112023-176-768x416.jpg 768w\" sizes=\"auto, (max-width: 1500px) 100vw, 1500px\" \/>\n&nbsp;\n<em>Figeac : le poste d&rsquo;aiguillage informatis\u00e9 a \u00e9t\u00e9 mis en service en juillet<\/em>\n<img loading=\"lazy\" decoding=\"async\" class=\" aligncenter size-full wp-image-4783\" src=\"http:\/\/5.45.101.177\/haut-allier\/usagers-transportse\/wp-content\/uploads\/2023\/11\/ret-cm29112023-177.jpg\" alt=\"ret-cm29112023-177.jpg\" align=\"center\" width=\"1500\" height=\"842\" srcset=\"https:\/\/usagers-transports.haut-allier.eu\/wp-content\/uploads\/2023\/11\/ret-cm29112023-177.jpg 1500w, https:\/\/usagers-transports.haut-allier.eu\/wp-content\/uploads\/2023\/11\/ret-cm29112023-177-300x168.jpg 300w, https:\/\/usagers-transports.haut-allier.eu\/wp-content\/uploads\/2023\/11\/ret-cm29112023-177-1024x575.jpg 1024w, https:\/\/usagers-transports.haut-allier.eu\/wp-content\/uploads\/2023\/11\/ret-cm29112023-177-768x431.jpg 768w\" sizes=\"auto, (max-width: 1500px) 100vw, 1500px\" \/>\n&nbsp;\n<img loading=\"lazy\" decoding=\"async\" class=\" aligncenter size-full wp-image-4784\" src=\"http:\/\/5.45.101.177\/haut-allier\/usagers-transportse\/wp-content\/uploads\/2023\/11\/ret-cm29112023-178.jpg\" alt=\"ret-cm29112023-178.jpg\" align=\"center\" width=\"1500\" height=\"837\" srcset=\"https:\/\/usagers-transports.haut-allier.eu\/wp-content\/uploads\/2023\/11\/ret-cm29112023-178.jpg 1500w, https:\/\/usagers-transports.haut-allier.eu\/wp-content\/uploads\/2023\/11\/ret-cm29112023-178-300x167.jpg 300w, https:\/\/usagers-transports.haut-allier.eu\/wp-content\/uploads\/2023\/11\/ret-cm29112023-178-1024x571.jpg 1024w, https:\/\/usagers-transports.haut-allier.eu\/wp-content\/uploads\/2023\/11\/ret-cm29112023-178-768x429.jpg 768w\" sizes=\"auto, (max-width: 1500px) 100vw, 1500px\" \/>\n&nbsp;\n<em>Lyon Clermont : 2 trains suppl\u00e9mentaires le week-end<\/em>\n<img loading=\"lazy\" decoding=\"async\" class=\" aligncenter size-full wp-image-4785\" src=\"http:\/\/5.45.101.177\/haut-allier\/usagers-transportse\/wp-content\/uploads\/2023\/11\/ret-cm29112023-179.jpg\" alt=\"ret-cm29112023-179.jpg\" align=\"center\" width=\"1500\" height=\"811\" srcset=\"https:\/\/usagers-transports.haut-allier.eu\/wp-content\/uploads\/2023\/11\/ret-cm29112023-179.jpg 1500w, https:\/\/usagers-transports.haut-allier.eu\/wp-content\/uploads\/2023\/11\/ret-cm29112023-179-300x162.jpg 300w, https:\/\/usagers-transports.haut-allier.eu\/wp-content\/uploads\/2023\/11\/ret-cm29112023-179-1024x554.jpg 1024w, https:\/\/usagers-transports.haut-allier.eu\/wp-content\/uploads\/2023\/11\/ret-cm29112023-179-768x415.jpg 768w\" sizes=\"auto, (max-width: 1500px) 100vw, 1500px\" \/>\n&nbsp;\n<em>La ligne des C\u00e9vennes<\/em>\n<img loading=\"lazy\" decoding=\"async\" class=\" aligncenter size-full wp-image-4786\" src=\"http:\/\/5.45.101.177\/haut-allier\/usagers-transportse\/wp-content\/uploads\/2023\/11\/ret-cm29112023-180.jpg\" alt=\"ret-cm29112023-180.jpg\" align=\"center\" width=\"1500\" height=\"817\" srcset=\"https:\/\/usagers-transports.haut-allier.eu\/wp-content\/uploads\/2023\/11\/ret-cm29112023-180.jpg 1500w, https:\/\/usagers-transports.haut-allier.eu\/wp-content\/uploads\/2023\/11\/ret-cm29112023-180-300x163.jpg 300w, https:\/\/usagers-transports.haut-allier.eu\/wp-content\/uploads\/2023\/11\/ret-cm29112023-180-1024x558.jpg 1024w, https:\/\/usagers-transports.haut-allier.eu\/wp-content\/uploads\/2023\/11\/ret-cm29112023-180-768x418.jpg 768w\" sizes=\"auto, (max-width: 1500px) 100vw, 1500px\" \/>\n&nbsp;\nClermont N\u00eemes : circulation du 4\u00e8me train AR en 2024 du 1er juin au 15 septembre.\n&nbsp;\nVous savez que <a href=\"https:\/\/usagers-transports.haut-allier.eu\/?ligne-des-cevennes-du-nouveau-dans,1003\"><em>nous avons demand\u00e9<\/em><\/a> une liaison matinale de La Bastide \u00e0 Clermont. Desserte qui n&rsquo;existe pas actuellement. \n&nbsp;\nOr il y a la possibilit\u00e9 d&rsquo;une correspondance avec le train Mende La Bastide N\u00eemes qui passe \u00e0 la Bastide St Laurent \u00e0 5h55 pour une arriv\u00e9e dans la matin\u00e9e \u00e0 Clermont entre 9h et 10h. Dans l&rsquo;autre sens sera bienvenu un train de soir\u00e9e Clermont La Bastide.\n&nbsp;\nInterrog\u00e9, Fr\u00e9d\u00e9ric Aguilera nous dit que notre demande est \u00e9tudi\u00e9e (\u00e9coutez l&rsquo;audio) et que le service est \u00ab\u00a0perfectible sur le train TER du matin\u00a0\u00bb. D&rsquo;o\u00f9 : espoir.\n&nbsp;\n<em>La ligne des Causses<\/em>\n<img loading=\"lazy\" decoding=\"async\" class=\" aligncenter size-full wp-image-4787\" src=\"http:\/\/5.45.101.177\/haut-allier\/usagers-transportse\/wp-content\/uploads\/2023\/11\/ret-cm29112023-181.jpg\" alt=\"ret-cm29112023-181.jpg\" align=\"center\" width=\"1500\" height=\"831\" srcset=\"https:\/\/usagers-transports.haut-allier.eu\/wp-content\/uploads\/2023\/11\/ret-cm29112023-181.jpg 1500w, https:\/\/usagers-transports.haut-allier.eu\/wp-content\/uploads\/2023\/11\/ret-cm29112023-181-300x166.jpg 300w, https:\/\/usagers-transports.haut-allier.eu\/wp-content\/uploads\/2023\/11\/ret-cm29112023-181-1024x567.jpg 1024w, https:\/\/usagers-transports.haut-allier.eu\/wp-content\/uploads\/2023\/11\/ret-cm29112023-181-768x425.jpg 768w\" sizes=\"auto, (max-width: 1500px) 100vw, 1500px\" \/>\n&nbsp;\nAubrac : maintien en 2024. La convention en passe d&rsquo;\u00eatre sign\u00e9e avec 39 millions de l&rsquo;Etat dont 10% de SNCF R\u00e9seau.\n&nbsp;\nSur le remplacement des rails double champignon : pas de pr\u00e9cisions mais r\u00e9union \u00e0 venir.\n&nbsp;\n<em>L&rsquo;\u00e9toile ferroviaire d&rsquo;Aurillac<\/em>\n<img loading=\"lazy\" decoding=\"async\" class=\" aligncenter size-full wp-image-4788\" src=\"http:\/\/5.45.101.177\/haut-allier\/usagers-transportse\/wp-content\/uploads\/2023\/11\/ret-cm29112023-182.jpg\" alt=\"ret-cm29112023-182.jpg\" align=\"center\" width=\"1500\" height=\"831\" srcset=\"https:\/\/usagers-transports.haut-allier.eu\/wp-content\/uploads\/2023\/11\/ret-cm29112023-182.jpg 1500w, https:\/\/usagers-transports.haut-allier.eu\/wp-content\/uploads\/2023\/11\/ret-cm29112023-182-300x166.jpg 300w, https:\/\/usagers-transports.haut-allier.eu\/wp-content\/uploads\/2023\/11\/ret-cm29112023-182-1024x567.jpg 1024w, https:\/\/usagers-transports.haut-allier.eu\/wp-content\/uploads\/2023\/11\/ret-cm29112023-182-768x425.jpg 768w\" sizes=\"auto, (max-width: 1500px) 100vw, 1500px\" \/>\n&nbsp;\n<img loading=\"lazy\" decoding=\"async\" class=\" aligncenter size-full wp-image-4789\" src=\"http:\/\/5.45.101.177\/haut-allier\/usagers-transportse\/wp-content\/uploads\/2023\/11\/ret-cm29112023-183.jpg\" alt=\"ret-cm29112023-183.jpg\" align=\"center\" width=\"1500\" height=\"810\" srcset=\"https:\/\/usagers-transports.haut-allier.eu\/wp-content\/uploads\/2023\/11\/ret-cm29112023-183.jpg 1500w, https:\/\/usagers-transports.haut-allier.eu\/wp-content\/uploads\/2023\/11\/ret-cm29112023-183-300x162.jpg 300w, https:\/\/usagers-transports.haut-allier.eu\/wp-content\/uploads\/2023\/11\/ret-cm29112023-183-1024x553.jpg 1024w, https:\/\/usagers-transports.haut-allier.eu\/wp-content\/uploads\/2023\/11\/ret-cm29112023-183-768x415.jpg 768w\" sizes=\"auto, (max-width: 1500px) 100vw, 1500px\" \/>\n&nbsp;\nEtoile Aurillac : Remise en route de Clermont Toulouse direct. Renfort d&rsquo;une desserte scolaire et maintien des correspondances \u00e0 Brive avec les Intercit\u00e9s POLT. Ajout d&rsquo;arr\u00eats aux trains de 5h et 14h10.\n&nbsp;\nAurillac &#8211; Clermont : mise en place de correspondances autocars pour le Llioran avec le nouveau train de nuit au service 2024.\n&nbsp;\n<img loading=\"lazy\" decoding=\"async\" class=\" aligncenter size-full wp-image-4790\" src=\"http:\/\/5.45.101.177\/haut-allier\/usagers-transportse\/wp-content\/uploads\/2023\/11\/ret-cm29112023-184.jpg\" alt=\"ret-cm29112023-184.jpg\" align=\"center\" width=\"1500\" height=\"810\" srcset=\"https:\/\/usagers-transports.haut-allier.eu\/wp-content\/uploads\/2023\/11\/ret-cm29112023-184.jpg 1500w, https:\/\/usagers-transports.haut-allier.eu\/wp-content\/uploads\/2023\/11\/ret-cm29112023-184-300x162.jpg 300w, https:\/\/usagers-transports.haut-allier.eu\/wp-content\/uploads\/2023\/11\/ret-cm29112023-184-1024x553.jpg 1024w, https:\/\/usagers-transports.haut-allier.eu\/wp-content\/uploads\/2023\/11\/ret-cm29112023-184-768x415.jpg 768w\" sizes=\"auto, (max-width: 1500px) 100vw, 1500px\" \/>\n&nbsp;\n<img loading=\"lazy\" decoding=\"async\" class=\" aligncenter size-full wp-image-4791\" src=\"http:\/\/5.45.101.177\/haut-allier\/usagers-transportse\/wp-content\/uploads\/2023\/11\/ret-cm29112023-185.jpg\" alt=\"ret-cm29112023-185.jpg\" align=\"center\" width=\"1500\" height=\"820\" srcset=\"https:\/\/usagers-transports.haut-allier.eu\/wp-content\/uploads\/2023\/11\/ret-cm29112023-185.jpg 1500w, https:\/\/usagers-transports.haut-allier.eu\/wp-content\/uploads\/2023\/11\/ret-cm29112023-185-300x164.jpg 300w, https:\/\/usagers-transports.haut-allier.eu\/wp-content\/uploads\/2023\/11\/ret-cm29112023-185-1024x560.jpg 1024w, https:\/\/usagers-transports.haut-allier.eu\/wp-content\/uploads\/2023\/11\/ret-cm29112023-185-768x420.jpg 768w\" sizes=\"auto, (max-width: 1500px) 100vw, 1500px\" \/>\n&nbsp;\n<img loading=\"lazy\" decoding=\"async\" class=\" aligncenter size-full wp-image-4792\" src=\"http:\/\/5.45.101.177\/haut-allier\/usagers-transportse\/wp-content\/uploads\/2023\/11\/ret-cm29112023-186.jpg\" alt=\"ret-cm29112023-186.jpg\" align=\"center\" width=\"1500\" height=\"859\" srcset=\"https:\/\/usagers-transports.haut-allier.eu\/wp-content\/uploads\/2023\/11\/ret-cm29112023-186.jpg 1500w, https:\/\/usagers-transports.haut-allier.eu\/wp-content\/uploads\/2023\/11\/ret-cm29112023-186-300x172.jpg 300w, https:\/\/usagers-transports.haut-allier.eu\/wp-content\/uploads\/2023\/11\/ret-cm29112023-186-1024x586.jpg 1024w, https:\/\/usagers-transports.haut-allier.eu\/wp-content\/uploads\/2023\/11\/ret-cm29112023-186-768x440.jpg 768w\" sizes=\"auto, (max-width: 1500px) 100vw, 1500px\" \/>\n&nbsp;\n<img loading=\"lazy\" decoding=\"async\" class=\" aligncenter size-full wp-image-4793\" src=\"http:\/\/5.45.101.177\/haut-allier\/usagers-transportse\/wp-content\/uploads\/2023\/11\/ret-cm29112023-187.jpg\" alt=\"ret-cm29112023-187.jpg\" align=\"center\" width=\"1500\" height=\"858\" srcset=\"https:\/\/usagers-transports.haut-allier.eu\/wp-content\/uploads\/2023\/11\/ret-cm29112023-187.jpg 1500w, https:\/\/usagers-transports.haut-allier.eu\/wp-content\/uploads\/2023\/11\/ret-cm29112023-187-300x172.jpg 300w, https:\/\/usagers-transports.haut-allier.eu\/wp-content\/uploads\/2023\/11\/ret-cm29112023-187-1024x586.jpg 1024w, https:\/\/usagers-transports.haut-allier.eu\/wp-content\/uploads\/2023\/11\/ret-cm29112023-187-768x439.jpg 768w\" sizes=\"auto, (max-width: 1500px) 100vw, 1500px\" \/>\n&nbsp;\n<img loading=\"lazy\" decoding=\"async\" class=\" aligncenter size-full wp-image-4794\" src=\"http:\/\/5.45.101.177\/haut-allier\/usagers-transportse\/wp-content\/uploads\/2023\/11\/ret-cm29112023-188.jpg\" alt=\"ret-cm29112023-188.jpg\" align=\"center\" width=\"1500\" height=\"807\" srcset=\"https:\/\/usagers-transports.haut-allier.eu\/wp-content\/uploads\/2023\/11\/ret-cm29112023-188.jpg 1500w, https:\/\/usagers-transports.haut-allier.eu\/wp-content\/uploads\/2023\/11\/ret-cm29112023-188-300x161.jpg 300w, https:\/\/usagers-transports.haut-allier.eu\/wp-content\/uploads\/2023\/11\/ret-cm29112023-188-1024x551.jpg 1024w, https:\/\/usagers-transports.haut-allier.eu\/wp-content\/uploads\/2023\/11\/ret-cm29112023-188-768x413.jpg 768w\" sizes=\"auto, (max-width: 1500px) 100vw, 1500px\" \/>\n&nbsp;\nMontlu\u00e7on Clermont : 1 service suppl\u00e9mentaire le week-end \u00e0 partir du 2 septembre 2024. Renfort de l&rsquo;offre de soir\u00e9e par autocar le samedi au service 2024.\n&nbsp;\n<strong>Sur Clermont &#8211; Thiers :<\/strong>\n&nbsp;\nDes ajustements horaires pour diverses correspondances.\n&nbsp;\n<img loading=\"lazy\" decoding=\"async\" class=\" aligncenter size-full wp-image-4795\" src=\"http:\/\/5.45.101.177\/haut-allier\/usagers-transportse\/wp-content\/uploads\/2023\/11\/ret-cm29112023-189.jpg\" alt=\"ret-cm29112023-189.jpg\" align=\"center\" width=\"1500\" height=\"772\" srcset=\"https:\/\/usagers-transports.haut-allier.eu\/wp-content\/uploads\/2023\/11\/ret-cm29112023-189.jpg 1500w, https:\/\/usagers-transports.haut-allier.eu\/wp-content\/uploads\/2023\/11\/ret-cm29112023-189-300x154.jpg 300w, https:\/\/usagers-transports.haut-allier.eu\/wp-content\/uploads\/2023\/11\/ret-cm29112023-189-1024x527.jpg 1024w, https:\/\/usagers-transports.haut-allier.eu\/wp-content\/uploads\/2023\/11\/ret-cm29112023-189-768x395.jpg 768w\" sizes=\"auto, (max-width: 1500px) 100vw, 1500px\" \/>\n&nbsp;\n<img loading=\"lazy\" decoding=\"async\" class=\" aligncenter size-full wp-image-4796\" src=\"http:\/\/5.45.101.177\/haut-allier\/usagers-transportse\/wp-content\/uploads\/2023\/11\/ret-cm29112023-191.jpg\" alt=\"ret-cm29112023-191.jpg\" align=\"center\" width=\"1500\" height=\"823\" srcset=\"https:\/\/usagers-transports.haut-allier.eu\/wp-content\/uploads\/2023\/11\/ret-cm29112023-191.jpg 1500w, https:\/\/usagers-transports.haut-allier.eu\/wp-content\/uploads\/2023\/11\/ret-cm29112023-191-300x165.jpg 300w, https:\/\/usagers-transports.haut-allier.eu\/wp-content\/uploads\/2023\/11\/ret-cm29112023-191-1024x562.jpg 1024w, https:\/\/usagers-transports.haut-allier.eu\/wp-content\/uploads\/2023\/11\/ret-cm29112023-191-768x421.jpg 768w\" sizes=\"auto, (max-width: 1500px) 100vw, 1500px\" \/>\n&nbsp;\n<img loading=\"lazy\" decoding=\"async\" class=\" aligncenter size-full wp-image-4797\" src=\"http:\/\/5.45.101.177\/haut-allier\/usagers-transportse\/wp-content\/uploads\/2023\/11\/ret-cm29112023-193.jpg\" alt=\"ret-cm29112023-193.jpg\" align=\"center\" width=\"1500\" height=\"842\" srcset=\"https:\/\/usagers-transports.haut-allier.eu\/wp-content\/uploads\/2023\/11\/ret-cm29112023-193.jpg 1500w, https:\/\/usagers-transports.haut-allier.eu\/wp-content\/uploads\/2023\/11\/ret-cm29112023-193-300x168.jpg 300w, https:\/\/usagers-transports.haut-allier.eu\/wp-content\/uploads\/2023\/11\/ret-cm29112023-193-1024x575.jpg 1024w, https:\/\/usagers-transports.haut-allier.eu\/wp-content\/uploads\/2023\/11\/ret-cm29112023-193-768x431.jpg 768w\" sizes=\"auto, (max-width: 1500px) 100vw, 1500px\" \/>\n&nbsp;\n<img loading=\"lazy\" decoding=\"async\" class=\" aligncenter size-full wp-image-4798\" src=\"http:\/\/5.45.101.177\/haut-allier\/usagers-transportse\/wp-content\/uploads\/2023\/11\/ret-cm29112023-194.jpg\" alt=\"ret-cm29112023-194.jpg\" align=\"center\" width=\"1500\" height=\"842\" srcset=\"https:\/\/usagers-transports.haut-allier.eu\/wp-content\/uploads\/2023\/11\/ret-cm29112023-194.jpg 1500w, https:\/\/usagers-transports.haut-allier.eu\/wp-content\/uploads\/2023\/11\/ret-cm29112023-194-300x168.jpg 300w, https:\/\/usagers-transports.haut-allier.eu\/wp-content\/uploads\/2023\/11\/ret-cm29112023-194-1024x575.jpg 1024w, https:\/\/usagers-transports.haut-allier.eu\/wp-content\/uploads\/2023\/11\/ret-cm29112023-194-768x431.jpg 768w\" sizes=\"auto, (max-width: 1500px) 100vw, 1500px\" \/>\n&nbsp;\n<img loading=\"lazy\" decoding=\"async\" class=\" aligncenter size-full wp-image-4799\" src=\"http:\/\/5.45.101.177\/haut-allier\/usagers-transportse\/wp-content\/uploads\/2023\/11\/ret-cm29112023-196.jpg\" alt=\"ret-cm29112023-196.jpg\" align=\"center\" width=\"1500\" height=\"792\" srcset=\"https:\/\/usagers-transports.haut-allier.eu\/wp-content\/uploads\/2023\/11\/ret-cm29112023-196.jpg 1500w, https:\/\/usagers-transports.haut-allier.eu\/wp-content\/uploads\/2023\/11\/ret-cm29112023-196-300x158.jpg 300w, https:\/\/usagers-transports.haut-allier.eu\/wp-content\/uploads\/2023\/11\/ret-cm29112023-196-1024x541.jpg 1024w, https:\/\/usagers-transports.haut-allier.eu\/wp-content\/uploads\/2023\/11\/ret-cm29112023-196-768x406.jpg 768w\" sizes=\"auto, (max-width: 1500px) 100vw, 1500px\" \/>\n&nbsp;\n<img loading=\"lazy\" decoding=\"async\" class=\" aligncenter size-full wp-image-4800\" src=\"http:\/\/5.45.101.177\/haut-allier\/usagers-transportse\/wp-content\/uploads\/2023\/11\/ret-cm29112023-198.jpg\" alt=\"ret-cm29112023-198.jpg\" align=\"center\" width=\"1500\" height=\"789\" srcset=\"https:\/\/usagers-transports.haut-allier.eu\/wp-content\/uploads\/2023\/11\/ret-cm29112023-198.jpg 1500w, https:\/\/usagers-transports.haut-allier.eu\/wp-content\/uploads\/2023\/11\/ret-cm29112023-198-300x158.jpg 300w, https:\/\/usagers-transports.haut-allier.eu\/wp-content\/uploads\/2023\/11\/ret-cm29112023-198-1024x539.jpg 1024w, https:\/\/usagers-transports.haut-allier.eu\/wp-content\/uploads\/2023\/11\/ret-cm29112023-198-768x404.jpg 768w\" sizes=\"auto, (max-width: 1500px) 100vw, 1500px\" \/>\n&nbsp;\n<img loading=\"lazy\" decoding=\"async\" class=\" aligncenter size-full wp-image-4801\" src=\"http:\/\/5.45.101.177\/haut-allier\/usagers-transportse\/wp-content\/uploads\/2023\/11\/ret-cm29112023-197.jpg\" alt=\"ret-cm29112023-197.jpg\" align=\"center\" width=\"1500\" height=\"809\" srcset=\"https:\/\/usagers-transports.haut-allier.eu\/wp-content\/uploads\/2023\/11\/ret-cm29112023-197.jpg 1500w, https:\/\/usagers-transports.haut-allier.eu\/wp-content\/uploads\/2023\/11\/ret-cm29112023-197-300x162.jpg 300w, https:\/\/usagers-transports.haut-allier.eu\/wp-content\/uploads\/2023\/11\/ret-cm29112023-197-1024x552.jpg 1024w, https:\/\/usagers-transports.haut-allier.eu\/wp-content\/uploads\/2023\/11\/ret-cm29112023-197-768x414.jpg 768w\" sizes=\"auto, (max-width: 1500px) 100vw, 1500px\" \/>\n&nbsp;\n<img loading=\"lazy\" decoding=\"async\" class=\" aligncenter size-full wp-image-4802\" src=\"http:\/\/5.45.101.177\/haut-allier\/usagers-transportse\/wp-content\/uploads\/2023\/11\/ret-cm29112023-200.jpg\" alt=\"ret-cm29112023-200.jpg\" align=\"center\" width=\"1500\" height=\"835\" srcset=\"https:\/\/usagers-transports.haut-allier.eu\/wp-content\/uploads\/2023\/11\/ret-cm29112023-200.jpg 1500w, https:\/\/usagers-transports.haut-allier.eu\/wp-content\/uploads\/2023\/11\/ret-cm29112023-200-300x167.jpg 300w, https:\/\/usagers-transports.haut-allier.eu\/wp-content\/uploads\/2023\/11\/ret-cm29112023-200-1024x570.jpg 1024w, https:\/\/usagers-transports.haut-allier.eu\/wp-content\/uploads\/2023\/11\/ret-cm29112023-200-768x428.jpg 768w\" sizes=\"auto, (max-width: 1500px) 100vw, 1500px\" \/>\n&nbsp;\n<img loading=\"lazy\" decoding=\"async\" class=\" aligncenter size-full wp-image-4803\" src=\"http:\/\/5.45.101.177\/haut-allier\/usagers-transportse\/wp-content\/uploads\/2023\/11\/ret-cm29112023-199.jpg\" alt=\"ret-cm29112023-199.jpg\" align=\"center\" width=\"1500\" height=\"828\" srcset=\"https:\/\/usagers-transports.haut-allier.eu\/wp-content\/uploads\/2023\/11\/ret-cm29112023-199.jpg 1500w, https:\/\/usagers-transports.haut-allier.eu\/wp-content\/uploads\/2023\/11\/ret-cm29112023-199-300x166.jpg 300w, https:\/\/usagers-transports.haut-allier.eu\/wp-content\/uploads\/2023\/11\/ret-cm29112023-199-1024x565.jpg 1024w, https:\/\/usagers-transports.haut-allier.eu\/wp-content\/uploads\/2023\/11\/ret-cm29112023-199-768x424.jpg 768w\" sizes=\"auto, (max-width: 1500px) 100vw, 1500px\" \/>\n&nbsp;\nSur le ressenti de cette rencontre, l&rsquo;ensemble des pr\u00e9sents note une meilleure ma\u00eetrise des sujets ferroviaires par le Vice-pr\u00e9sident et un \u00e9change avec les usagers plus serein.\n&nbsp;\n<p>&nbsp;<\/p>\n\n\t<figure class=\"wp-block-gallery columns-2 is-cropped wp-block-gallery-1 is-layout-flex wp-block-gallery-is-layout-flex\">\n\t\t<ul class=\"blocks-gallery-grid\">\n\t\t\t<li class=\"blocks-gallery-item\">\n\t\t\t\t<figure>\n\t\t\t\t\t\t\t\t\t\t\t<img loading=\"lazy\" decoding=\"async\" width=\"1500\" height=\"1125\" src=\"http:\/\/5.45.101.177\/haut-allier\/usagers-transportse\/wp-content\/uploads\/2023\/11\/cm29112023-190.jpg\"\n\t\t\t\t\t\t alt=\"cm29112023-190.jpg\"\n\t\t\t\t\t\t data-id=\"4804\"\n\t\t\t\t\t\t data-full-url=\"http:\/\/5.45.101.177\/haut-allier\/usagers-transportse\/wp-content\/uploads\/2023\/11\/cm29112023-190.jpg\"\n\t\t\t\t\t\t data-link=\"http:\/\/5.45.101.177\/haut-allier\/usagers-transportse\/attachment-cm29112023-190-jpg\/\"\n\t\t\t\t\t\t class=\"wp-image-4804\" srcset=\"https:\/\/usagers-transports.haut-allier.eu\/wp-content\/uploads\/2023\/11\/cm29112023-190.jpg 1500w, https:\/\/usagers-transports.haut-allier.eu\/wp-content\/uploads\/2023\/11\/cm29112023-190-300x225.jpg 300w, https:\/\/usagers-transports.haut-allier.eu\/wp-content\/uploads\/2023\/11\/cm29112023-190-1024x768.jpg 1024w, https:\/\/usagers-transports.haut-allier.eu\/wp-content\/uploads\/2023\/11\/cm29112023-190-768x576.jpg 768w\" sizes=\"auto, (max-width: 1500px) 100vw, 1500px\" \/>\n\t\t\t\t<\/figure>\n\t\t\t<\/li>\n\t\t\t<li class=\"blocks-gallery-item\">\n\t\t\t\t<figure>\n\t\t\t\t\t\t\t\t\t\t\t<img loading=\"lazy\" decoding=\"async\" width=\"1500\" height=\"792\" src=\"http:\/\/5.45.101.177\/haut-allier\/usagers-transportse\/wp-content\/uploads\/2023\/11\/cm29112023-195.jpg\"\n\t\t\t\t\t\t alt=\"cm29112023-195.jpg\"\n\t\t\t\t\t\t data-id=\"4805\"\n\t\t\t\t\t\t data-full-url=\"http:\/\/5.45.101.177\/haut-allier\/usagers-transportse\/wp-content\/uploads\/2023\/11\/cm29112023-195.jpg\"\n\t\t\t\t\t\t data-link=\"http:\/\/5.45.101.177\/haut-allier\/usagers-transportse\/attachment-cm29112023-195-jpg\/\"\n\t\t\t\t\t\t class=\"wp-image-4805\" srcset=\"https:\/\/usagers-transports.haut-allier.eu\/wp-content\/uploads\/2023\/11\/cm29112023-195.jpg 1500w, https:\/\/usagers-transports.haut-allier.eu\/wp-content\/uploads\/2023\/11\/cm29112023-195-300x158.jpg 300w, https:\/\/usagers-transports.haut-allier.eu\/wp-content\/uploads\/2023\/11\/cm29112023-195-1024x541.jpg 1024w, https:\/\/usagers-transports.haut-allier.eu\/wp-content\/uploads\/2023\/11\/cm29112023-195-768x406.jpg 768w\" sizes=\"auto, (max-width: 1500px) 100vw, 1500px\" \/>\n\t\t\t\t<\/figure>\n\t\t\t<\/li>\n\t\t<\/ul>\n\t<\/figure>\n","protected":false},"excerpt":{"rendered":"<p>Ce mardi matin avait lieu l&rsquo;annuelle rencontre entre la r\u00e9gion Auvergne Rh\u00f4ne Alpes et les usagers + les<\/p>\n","protected":false},"author":1,"featured_media":4750,"comment_status":"open","ping_status":"open","sticky":false,"template":"","format":"standard","meta":{"footnotes":""},"categories":[2],"tags":[],"class_list":["post-1048","post","type-post","status-publish","format-standard","has-post-thumbnail","hentry","category-infos"],"_links":{"self":[{"href":"https:\/\/usagers-transports.haut-allier.eu\/index.php\/wp-json\/wp\/v2\/posts\/1048","targetHints":{"allow":["GET"]}}],"collection":[{"href":"https:\/\/usagers-transports.haut-allier.eu\/index.php\/wp-json\/wp\/v2\/posts"}],"about":[{"href":"https:\/\/usagers-transports.haut-allier.eu\/index.php\/wp-json\/wp\/v2\/types\/post"}],"author":[{"embeddable":true,"href":"https:\/\/usagers-transports.haut-allier.eu\/index.php\/wp-json\/wp\/v2\/users\/1"}],"replies":[{"embeddable":true,"href":"https:\/\/usagers-transports.haut-allier.eu\/index.php\/wp-json\/wp\/v2\/comments?post=1048"}],"version-history":[{"count":1,"href":"https:\/\/usagers-transports.haut-allier.eu\/index.php\/wp-json\/wp\/v2\/posts\/1048\/revisions"}],"predecessor-version":[{"id":4806,"href":"https:\/\/usagers-transports.haut-allier.eu\/index.php\/wp-json\/wp\/v2\/posts\/1048\/revisions\/4806"}],"wp:featuredmedia":[{"embeddable":true,"href":"https:\/\/usagers-transports.haut-allier.eu\/index.php\/wp-json\/wp\/v2\/media\/4750"}],"wp:attachment":[{"href":"https:\/\/usagers-transports.haut-allier.eu\/index.php\/wp-json\/wp\/v2\/media?parent=1048"}],"wp:term":[{"taxonomy":"category","embeddable":true,"href":"https:\/\/usagers-transports.haut-allier.eu\/index.php\/wp-json\/wp\/v2\/categories?post=1048"},{"taxonomy":"post_tag","embeddable":true,"href":"https:\/\/usagers-transports.haut-allier.eu\/index.php\/wp-json\/wp\/v2\/tags?post=1048"}],"curies":[{"name":"wp","href":"https:\/\/api.w.org\/{rel}","templated":true}]}}