{"id":1049,"date":"2023-11-29T18:15:23","date_gmt":"2023-11-29T17:15:23","guid":{"rendered":"http:\/\/5.45.101.177\/haut-allier\/usagers-transportse\/index.php\/2023\/11\/29\/deux-nouveaux-podcasts-video-du1049\/"},"modified":"2023-11-29T18:15:23","modified_gmt":"2023-11-29T17:15:23","slug":"deux-nouveaux-podcasts-video-du1049","status":"publish","type":"post","link":"https:\/\/usagers-transports.haut-allier.eu\/index.php\/2023\/11\/29\/deux-nouveaux-podcasts-video-du1049\/","title":{"rendered":"Deux nouveaux podcasts vid\u00e9o du r\u00e9seau #enTrain et de MUST"},"content":{"rendered":"<p>Un sur \u00ab\u00a0le prix du train\u00a0\u00bb et le dernier de la s\u00e9rie sur \u00ab\u00a0le retour du train de nuit\u00a0\u00bb.<br \/>\n&nbsp;<br \/>\nCes deux programmes de 42 minutes examinent chaque th\u00e8me dans un cadre apais\u00e9 sous la forme de d\u00e9bats d&rsquo;experts et de sp\u00e9cialistes impliqu\u00e9s dans le d\u00e9veloppement du ferroviaire.<br \/>\n&nbsp;<br \/>\nLa r\u00e9alisation de cette s\u00e9rie de podcasts a \u00e9t\u00e9 confi\u00e9e \u00e0 la soci\u00e9t\u00e9 audiovisuelle OWAA. Emmanuel Moreau, sp\u00e9cialiste du ferroviaire \u00e0 Radio France en assure l&rsquo;animation avec brio.<br \/>\n&nbsp;<br \/>\nApr\u00e8s un <a href=\"https:\/\/usagers-transports.haut-allier.eu\/?le-1er-podcast-du-reseau-entrain,1025\"><em>premier \u00e9pisode<\/em><\/a> sur <strong>L&rsquo;investissement public dans le ferroviaire<\/strong>, le podcast consacr\u00e9 au <strong>Prix du train vu par les usagers<\/strong> met en sc\u00e8ne Yves Crozet, Patricia P\u00e9rennes et J\u00e9r\u00e9mie Anne, qui ont abord\u00e9 des questions telles que :<br \/>\n&#128073; Est-ce vraiment si cher de prendre le train ?<br \/>\n&#128073; L\u2019offre ferroviaire, en termes de tarifs, d\u2019horaire, de cadences est-elle suffisante ?<br \/>\n&#128073; Par ailleurs est-elle lisible pour tous les publics ?<br \/>\n&#128073; En dehors du prix, quels sont les autres \u00e9l\u00e9ments qui favorisent l\u2019utilisation du train ?<br \/>\n&nbsp;<br \/>\nIntroduction effectu\u00e9e par Diego Mermoud de <a href=\"https:\/\/association-must.ch\"><em>MUST<\/em><\/a>.<br \/>\n&nbsp;<br \/>\nLe voici :<br \/>\n&nbsp;<br \/>\n<center><br \/>\n<iframe loading=\"lazy\" width=\"560\" height=\"315\" src=\"https:\/\/www.youtube.com\/embed\/kBwd-UK23EQ?si=7tsH6p06D44kK7zk\" title=\"YouTube video player\" frameborder=\"0\" allow=\"accelerometer; autoplay; clipboard-write; encrypted-media; gyroscope; picture-in-picture; web-share\" allowfullscreen><\/iframe><br \/>\n<\/center><br \/>\n&nbsp;<br \/>\nLe podcast num\u00e9ro 3 consacr\u00e9 au <strong>Train de nuit<\/strong> accueille Alberte Blondeau, Beno\u00eet Durand et Alexander Gomme, qui ont abord\u00e9 des questions telles que :<br \/>\n&#128073; Quelle est l\u2019\u00e9volution de l\u2019offre des trains de nuit depuis 50 ans ?<br \/>\n&#128073; Comment celle-ci pourrait \u00eatre am\u00e9lior\u00e9e?<br \/>\n&#128073; En quoi le train de nuit repr\u00e9sente une solution pertinente pour les territoires \u00e9loign\u00e9s ?<br \/>\n&#128073;Le train de nuit repr\u00e9sente-t-il une alternative concurrentielle \u00e0 l\u2019avion ?<br \/>\n&nbsp;<br \/>\nL&rsquo;introduction est r\u00e9alis\u00e9e par St\u00e9phane Coppey de <a href=\"https:\/\/destinationtrainsdenuit.eu\"><em>Destination trains de nuit<\/em><\/a>.<br \/>\n&nbsp;<br \/>\nVoici l&rsquo;\u00e9pisode :<br \/>\n&nbsp;<br \/>\n<center><br \/>\n<iframe loading=\"lazy\" width=\"560\" height=\"315\" src=\"https:\/\/www.youtube.com\/embed\/MQVW15UXI5I?si=71xilNOCzCzb5HEn\" title=\"YouTube video player\" frameborder=\"0\" allow=\"accelerometer; autoplay; clipboard-write; encrypted-media; gyroscope; picture-in-picture; web-share\" allowfullscreen><\/iframe><br \/>\n<\/center><br \/>\n&nbsp;<br \/>\nUne proposition de MUST, Mobilit\u00e9s et Usages Soutenables du Territoire, association europ\u00e9enne francophone bas\u00e9e \u00e0 Lausanne. Son ambition, face \u00e0 l\u2019urgence environnementale, est d&rsquo;agir pour la transition des modes de vie, du cadre de vie, des infrastructures et de la mobilit\u00e9. Elle est aussi de contribuer \u00e0 la cr\u00e9ation de connaissances en mati\u00e8re d&rsquo;usages plus durables du territoire, en passant notamment par une interaction plus grande entre la recherche, les citoyens et la puissance publique.<br \/>\n&nbsp;<br \/>\nBon visionnage et n&rsquo;h\u00e9sitez pas \u00e0 commenter.<br \/>\n&nbsp;<\/p>\n","protected":false},"excerpt":{"rendered":"<p>Un sur \u00ab\u00a0le prix du train\u00a0\u00bb et le dernier de la s\u00e9rie sur \u00ab\u00a0le retour du train de<\/p>\n","protected":false},"author":1,"featured_media":4807,"comment_status":"open","ping_status":"open","sticky":false,"template":"","format":"standard","meta":{"footnotes":""},"categories":[2],"tags":[],"class_list":["post-1049","post","type-post","status-publish","format-standard","has-post-thumbnail","hentry","category-infos"],"_links":{"self":[{"href":"https:\/\/usagers-transports.haut-allier.eu\/index.php\/wp-json\/wp\/v2\/posts\/1049","targetHints":{"allow":["GET"]}}],"collection":[{"href":"https:\/\/usagers-transports.haut-allier.eu\/index.php\/wp-json\/wp\/v2\/posts"}],"about":[{"href":"https:\/\/usagers-transports.haut-allier.eu\/index.php\/wp-json\/wp\/v2\/types\/post"}],"author":[{"embeddable":true,"href":"https:\/\/usagers-transports.haut-allier.eu\/index.php\/wp-json\/wp\/v2\/users\/1"}],"replies":[{"embeddable":true,"href":"https:\/\/usagers-transports.haut-allier.eu\/index.php\/wp-json\/wp\/v2\/comments?post=1049"}],"version-history":[{"count":0,"href":"https:\/\/usagers-transports.haut-allier.eu\/index.php\/wp-json\/wp\/v2\/posts\/1049\/revisions"}],"wp:featuredmedia":[{"embeddable":true,"href":"https:\/\/usagers-transports.haut-allier.eu\/index.php\/wp-json\/wp\/v2\/media\/4807"}],"wp:attachment":[{"href":"https:\/\/usagers-transports.haut-allier.eu\/index.php\/wp-json\/wp\/v2\/media?parent=1049"}],"wp:term":[{"taxonomy":"category","embeddable":true,"href":"https:\/\/usagers-transports.haut-allier.eu\/index.php\/wp-json\/wp\/v2\/categories?post=1049"},{"taxonomy":"post_tag","embeddable":true,"href":"https:\/\/usagers-transports.haut-allier.eu\/index.php\/wp-json\/wp\/v2\/tags?post=1049"}],"curies":[{"name":"wp","href":"https:\/\/api.w.org\/{rel}","templated":true}]}}