{"id":105,"date":"2014-01-07T11:11:39","date_gmt":"2014-01-07T10:11:39","guid":{"rendered":"http:\/\/5.45.101.177\/haut-allier\/usagers-transportse\/index.php\/2014\/01\/07\/ligne-des-cevennes-controle-de-l105\/"},"modified":"2014-01-07T11:11:39","modified_gmt":"2014-01-07T10:11:39","slug":"ligne-des-cevennes-controle-de-l105","status":"publish","type":"post","link":"https:\/\/usagers-transports.haut-allier.eu\/index.php\/2014\/01\/07\/ligne-des-cevennes-controle-de-l105\/","title":{"rendered":"Ligne des C\u00e9vennes : contr\u00f4le de l&rsquo;acier des voies entre Alleyras et Monistrol d&rsquo;Allier"},"content":{"rendered":"<p>Mardi 7 janvier 2013 au matin, entre deux circulation de trains, une op\u00e9ration de contr\u00f4le de la qualit\u00e9 de l&rsquo;acier des voies dans les gorges de l&rsquo;Allier entre Monistrol d&rsquo;Allier et Alleyras a \u00e9t\u00e9 men\u00e9e par SNCF Infrastructure.<br \/>\n&nbsp;<br \/>\nMunis d&rsquo;un analyseur ultrason les techniciens recherchaient les failles dans la structure des rails, des d\u00e9fauts qui sont \u00e0 l&rsquo;origine des cassures sur ces vielles voies.<br \/>\n&nbsp;<br \/>\n<img loading=\"lazy\" decoding=\"async\" class=\" aligncenter size-full wp-image-1551\" src=\"http:\/\/5.45.101.177\/haut-allier\/usagers-transportse\/wp-content\/uploads\/2014\/01\/sncf-infra-07jan2013-controle-des-rails.jpg\" alt=\"sncf-infra-07jan2013-controle-des-rails.jpg\" align=\"center\" width=\"800\" height=\"501\" srcset=\"https:\/\/usagers-transports.haut-allier.eu\/wp-content\/uploads\/2014\/01\/sncf-infra-07jan2013-controle-des-rails.jpg 800w, https:\/\/usagers-transports.haut-allier.eu\/wp-content\/uploads\/2014\/01\/sncf-infra-07jan2013-controle-des-rails-300x188.jpg 300w, https:\/\/usagers-transports.haut-allier.eu\/wp-content\/uploads\/2014\/01\/sncf-infra-07jan2013-controle-des-rails-768x481.jpg 768w\" sizes=\"auto, (max-width: 800px) 100vw, 800px\" \/><br \/>\n&nbsp;<br \/>\nLe camion rail route embarquant une \u00e9quipe de 6 agents s&rsquo;est engag\u00e9 \u00e0 petite vitesse sur la voie au passage \u00e0 niveau de Pont d&rsquo;Alleyras pour se rendre sur les lieux de mesure inaccessibles autrement.<br \/>\n&nbsp;<br \/>\n<strong>Est-ce dans le but du r\u00e9tablissement envisag\u00e9 des vitesses dans les gorges ? Il semblerait qu&rsquo;il se soit tenu r\u00e9cemment des r\u00e9unions RFF SNCF en ce sens.<\/strong><br \/>\n&nbsp;<br \/>\nEn tous cas pour une fois \u00e7a fr\u00e9mit un peu \u00e0 ce niveau sur la ligne des C\u00e9vennes et c&rsquo;est tant mieux.<\/p>\n","protected":false},"excerpt":{"rendered":"<p>Mardi 7 janvier 2013 au matin, entre deux circulation de trains, une op\u00e9ration de contr\u00f4le de la qualit\u00e9<\/p>\n","protected":false},"author":1,"featured_media":1550,"comment_status":"closed","ping_status":"open","sticky":false,"template":"","format":"standard","meta":{"footnotes":""},"categories":[2],"tags":[],"class_list":["post-105","post","type-post","status-publish","format-standard","has-post-thumbnail","hentry","category-infos"],"_links":{"self":[{"href":"https:\/\/usagers-transports.haut-allier.eu\/index.php\/wp-json\/wp\/v2\/posts\/105","targetHints":{"allow":["GET"]}}],"collection":[{"href":"https:\/\/usagers-transports.haut-allier.eu\/index.php\/wp-json\/wp\/v2\/posts"}],"about":[{"href":"https:\/\/usagers-transports.haut-allier.eu\/index.php\/wp-json\/wp\/v2\/types\/post"}],"author":[{"embeddable":true,"href":"https:\/\/usagers-transports.haut-allier.eu\/index.php\/wp-json\/wp\/v2\/users\/1"}],"replies":[{"embeddable":true,"href":"https:\/\/usagers-transports.haut-allier.eu\/index.php\/wp-json\/wp\/v2\/comments?post=105"}],"version-history":[{"count":0,"href":"https:\/\/usagers-transports.haut-allier.eu\/index.php\/wp-json\/wp\/v2\/posts\/105\/revisions"}],"wp:featuredmedia":[{"embeddable":true,"href":"https:\/\/usagers-transports.haut-allier.eu\/index.php\/wp-json\/wp\/v2\/media\/1550"}],"wp:attachment":[{"href":"https:\/\/usagers-transports.haut-allier.eu\/index.php\/wp-json\/wp\/v2\/media?parent=105"}],"wp:term":[{"taxonomy":"category","embeddable":true,"href":"https:\/\/usagers-transports.haut-allier.eu\/index.php\/wp-json\/wp\/v2\/categories?post=105"},{"taxonomy":"post_tag","embeddable":true,"href":"https:\/\/usagers-transports.haut-allier.eu\/index.php\/wp-json\/wp\/v2\/tags?post=105"}],"curies":[{"name":"wp","href":"https:\/\/api.w.org\/{rel}","templated":true}]}}