{"id":1052,"date":"2023-12-12T13:25:34","date_gmt":"2023-12-12T12:25:34","guid":{"rendered":"http:\/\/5.45.101.177\/haut-allier\/usagers-transportse\/index.php\/2023\/12\/12\/auvergne-rhone-alpes-2023-2035-les1052\/"},"modified":"2023-12-12T13:25:34","modified_gmt":"2023-12-12T12:25:34","slug":"auvergne-rhone-alpes-2023-2035-les1052","status":"publish","type":"post","link":"https:\/\/usagers-transports.haut-allier.eu\/index.php\/2023\/12\/12\/auvergne-rhone-alpes-2023-2035-les1052\/","title":{"rendered":"Auvergne Rh\u00f4ne Alpes 2023 &#8211; 2035 : les usagers du train interpellent une nouvelle fois Laurent Wauquiez [MAJ]"},"content":{"rendered":"<p>Communiqu\u00e9 :<\/p>\n<p>LYON, LE 12 D\u00c9CEMBRE 2023.<\/p>\n<p>Notre collectif de 17 organisations d&rsquo;usagers de la r\u00e9gion qui a appel\u00e9 <a href=\"https:\/\/usagers-transports.haut-allier.eu\/?financement-du-rail-en-auvergne,1011\"><em>dans un voeu<\/em><\/a> \u00e0 un changement de la politique ferroviaire de l&rsquo;\u00e9quipe dirigeante, \u00e0 l&rsquo;occasion de l&rsquo;assembl\u00e9e pl\u00e9ni\u00e8re r\u00e9gionale qui va voter la feuille de route mobilit\u00e9s 2035 ces jeudi et vendredi, d\u00e9clinant le plan ferroviaire annonc\u00e9 \u00e0 5,7 milliards, et en l&rsquo;absence de tout CPER Mobilit\u00e9s qui \u00e9tait pourtant un objectif attendu pour la pr\u00e9sentation de cette feuille de route, attend des pr\u00e9cisions :<\/p>\n<p>&#8211; [jaune]sur le montant final du budget consacr\u00e9 au ferroviaire et son infrastructure dans la cadre du CPER, suite aux discussions avec l&rsquo;\u00c9tat,[\/jaune]<\/p>\n<p>&#8211; [jaune]si le CPER n&rsquo;est pas sign\u00e9, la R\u00e9gion ne peut se priver des cofinancements n\u00e9cessaires de l&rsquo;\u00c9tat pour ses infrastructures. Aussi quelles que soient les modalit\u00e9s de cofinancement adopt\u00e9s, traitement au cas par cas ou autre, sur l&rsquo;avenir de sa politique ferroviaire, quel budget, quelle r\u00e9partition, quels engagements sur l&rsquo;am\u00e9lioration du service TER apport\u00e9 aux voyageurs et sur la modernisation de l&rsquo;infrastructure ?[\/jaune]<\/p>\n<p>&#8211; [jaune]sur le budget ridicule de 25 millions par an jusqu&rsquo;en 2035 pour l&rsquo;infrastructure, am\u00e9nagements planifi\u00e9s de plusieurs ateliers de maintenance et des deux liaisons par bus BHNS compris.[\/jaune]<\/p>\n<p>Ce chiffre non annonc\u00e9 mais issu des \u00ab\u00a02,7 milliards d\u00e9di\u00e9s \u00e0 l&rsquo;infrastructure\u00a0\u00bb proclam\u00e9s en octobre dernier qui comportent en fait une d\u00e9pense obligatoire, \u00e0 laquelle chaque r\u00e9gion doit faire face, le droit de p\u00e9age, environ 200 millions \u20ac\/an, donc x12 = 2,4 milliards. Un budget d\u00e9di\u00e9 \u00e0 l&rsquo;infrastructure qui s&rsquo;\u00e9croule donc \u00e0 300 millions d&rsquo;euros pour 12 ans. Il s&rsquo;agit l\u00e0 d&rsquo;une manipulation grotesque \u00e0 l\u2019encontre des lecteurs de la presse r\u00e9gionale.<\/p>\n<p><strong>Les usagers sont stup\u00e9faits de ce qui va en d\u00e9couler :<\/p>\n<p>&#8211; [rouge]des fermetures de lignes en s\u00e9rie,[\/rouge]<br \/>\n&#8211; [rouge]aucune modernisation du r\u00e9seau TER class\u00e9 UIC 7 \u00e0 9 (\u00ab\u00a0petites lignes\u00a0\u00bb) et proche de la coupure (80% des voies de montagne),[\/rouge]<br \/>\n&#8211; [rouge]aucune r\u00e9ouverture : Rive droite du Rh\u00f4ne, Thiers &#8211; Bo\u00ebn, Evian les Bains &#8211; Saint Gingolph, Volvic &#8211; Le Mont-Dore, etc.[\/rouge]<\/strong><\/p>\n<p>[rouge]Enfin, nous jugeons l&rsquo;annonce d&rsquo;une progression de 30% du service TER en 2035 dans le cadre du \u00ab\u00a0choc d&rsquo;offre\u00a0\u00bb qui va en fait s&rsquo;op\u00e9rer sur les trajets en bus, <strong>compl\u00e8tement insuffisante au vu de la demande des citoyens et de l&rsquo;offre calamiteuse actuelle<\/strong>, fin 2023[\/rouge].<\/p>\n<p>Nous souhaitons pour les usagers de nos territoires un budget en coh\u00e9rence avec leurs attentes et attendons avec impatience les r\u00e9ponses apport\u00e9es par le Pr\u00e9sident du Conseil R\u00e9gional jeudi 14\/12 et vendredi 15\/12 en s\u00e9ance pl\u00e9ni\u00e8re, r\u00e9ponses auxquelles nous r\u00e9agirons lors d&rsquo;une conf\u00e9rence de presse en visio \u00e0 son issue.<\/p>\n<p>Contact :<br \/>\nvoeuferroviairecper23aura@gmail.com<\/p>\n<p>Pour rappel les signataires de notre voeu :<br \/>\nhttps:\/\/framacarte.org\/m\/159700\/<\/p>\n<p><em><br \/>\nAssociation 2RATL (42)<br \/>\nAssociation ADELIFPALY (69)<br \/>\nAssociation Amis du Rail du Forez (42)<br \/>\nAssociation des \u00e9lus et des citoyens pour La D\u00e9fense de la ligne ferroviaire Volvic &#8211; Le Mont Dore (63)<br \/>\nAssociation des usagers des Ter de la vall\u00e9e du Rh\u00f4ne &#8211; AuterVR (69)<br \/>\nAssociation Letrain 634269 (42)<br \/>\nAssociation OCIVELO (42)<br \/>\nAssociation pour le Retour du train des Volcans (63)<br \/>\nAssociation V\u00e9lo-Cit\u00e9 63<br \/>\nCollectif citoyen pour le d\u00e9veloppement de l&rsquo;\u00e9comobilit\u00e9 sur les vall\u00e9es Br\u00e9venne et Turdine (69)<br \/>\nCollectif de l&rsquo; Etoile ferroviaire de Veynes (38)<br \/>\nCollectif des Usagers de la ligne Clermont-Ferrand \u2013 Volvic (63)<br \/>\nCollectif des Usagers des transports du haut Allier (43)<br \/>\nCollectif des Usagers des Transports Publics en Sud-Ard\u00e8che (07)<br \/>\nCollectif Gardons la ligne de la Br\u00e9venne (69)<br \/>\nCollectif Nous Voyageurs ! Massif central (63)<br \/>\nCollection Citoyen La Bourboule (Puy de D\u00f4me) (63)<br \/>\n<\/em><\/p>\n<p>[fond rouge][blanc]<strong>Le communiqu\u00e9 en PDF<\/strong>[\/blanc][\/fond rouge]<\/p>\n<p><a href=\"http:\/\/5.45.101.177\/haut-allier\/usagers-transportse\/wp-content\/uploads\/2023\/12\/cp_17_assos_12-12-2023-1_version_grand_public.pdf\">cp_17_assos_12-12-2023-1_version_grand_public.pdf<\/a><\/p>\n<p>[fond rouge][blanc]<strong>Dans la presse :<\/strong>[\/blanc][\/fond rouge]<\/p>\n<p>&#8211; If Saint-Etienne : <a href=\"https:\/\/www.if-saint-etienne.fr\/breves\/ligne-saint-etienne-clermont-ferrand-letrain634269-organise-une-reunion-publique-a-noiretable\"><em>Ligne Saint-\u00c9tienne \/ Clermont-Ferrand : Letrain634269 organise une r\u00e9union publique \u00e0 Noir\u00e9table<\/em><\/a><\/p>\n<p><img loading=\"lazy\" decoding=\"async\" class=\" aligncenter size-full wp-image-4819\" src=\"http:\/\/5.45.101.177\/haut-allier\/usagers-transportse\/wp-content\/uploads\/2023\/12\/ligne-saint-etienne-clermont-ferrand-letrain634269-organise-une-reunion-publique-a-noiretable-if-saint-etienne.jpg\" alt=\"ligne-saint-etienne-clermont-ferrand-letrain634269-organise-une-reunion-publique-a-noiretable-if-saint-etienne.jpg\" align=\"center\" width=\"774\" height=\"2000\" srcset=\"https:\/\/usagers-transports.haut-allier.eu\/wp-content\/uploads\/2023\/12\/ligne-saint-etienne-clermont-ferrand-letrain634269-organise-une-reunion-publique-a-noiretable-if-saint-etienne.jpg 774w, https:\/\/usagers-transports.haut-allier.eu\/wp-content\/uploads\/2023\/12\/ligne-saint-etienne-clermont-ferrand-letrain634269-organise-une-reunion-publique-a-noiretable-if-saint-etienne-116x300.jpg 116w, https:\/\/usagers-transports.haut-allier.eu\/wp-content\/uploads\/2023\/12\/ligne-saint-etienne-clermont-ferrand-letrain634269-organise-une-reunion-publique-a-noiretable-if-saint-etienne-396x1024.jpg 396w, https:\/\/usagers-transports.haut-allier.eu\/wp-content\/uploads\/2023\/12\/ligne-saint-etienne-clermont-ferrand-letrain634269-organise-une-reunion-publique-a-noiretable-if-saint-etienne-768x1984.jpg 768w, https:\/\/usagers-transports.haut-allier.eu\/wp-content\/uploads\/2023\/12\/ligne-saint-etienne-clermont-ferrand-letrain634269-organise-une-reunion-publique-a-noiretable-if-saint-etienne-594x1536.jpg 594w\" sizes=\"auto, (max-width: 774px) 100vw, 774px\" \/><\/p>\n<p>&#8211; France Bleu Pays d&rsquo;Auvergne journal de 6h35 du 15 d\u00e9cembre 2023 :<\/p>\n<p><a href=\"http:\/\/5.45.101.177\/haut-allier\/usagers-transportse\/wp-content\/uploads\/2023\/12\/fbpa-06h35-15122023r.mp3\">fbpa-06h35-15122023r.mp3<\/a><\/p>\n<p>&#8211; RCF journaux de 7h00 et 8h00 du 14 d\u00e9cembre 2023 :<\/p>\n<p><a href=\"http:\/\/5.45.101.177\/haut-allier\/usagers-transportse\/wp-content\/uploads\/2023\/12\/rcf-journal-8h-14122023r.mp3\">rcf-journal-8h-14122023r.mp3<\/a><br \/>\n&nbsp;<br \/>\n[fond rouge][blanc]<strong>[Mise \u00e0 jour du 15 d\u00e9cembre 13h]<\/strong>[\/blanc][\/fond rouge]<br \/>\n&nbsp;<br \/>\nNotre communiqu\u00e9 de presse \u00e0 l&rsquo;issue de la s\u00e9ance pl\u00e9ni\u00e8re :<br \/>\n&nbsp;<br \/>\n<a href=\"http:\/\/5.45.101.177\/haut-allier\/usagers-transportse\/wp-content\/uploads\/2023\/12\/cp_17_assos_15-12-2023-1.pdf\">cp_17_assos_15-12-2023-1.pdf<\/a><\/p>\n","protected":false},"excerpt":{"rendered":"<p>Communiqu\u00e9 : LYON, LE 12 D\u00c9CEMBRE 2023. Notre collectif de 17 organisations d&rsquo;usagers de la r\u00e9gion qui a<\/p>\n","protected":false},"author":1,"featured_media":4817,"comment_status":"closed","ping_status":"open","sticky":false,"template":"","format":"standard","meta":{"footnotes":""},"categories":[8],"tags":[],"class_list":["post-1052","post","type-post","status-publish","format-standard","has-post-thumbnail","hentry","category-communiques"],"_links":{"self":[{"href":"https:\/\/usagers-transports.haut-allier.eu\/index.php\/wp-json\/wp\/v2\/posts\/1052","targetHints":{"allow":["GET"]}}],"collection":[{"href":"https:\/\/usagers-transports.haut-allier.eu\/index.php\/wp-json\/wp\/v2\/posts"}],"about":[{"href":"https:\/\/usagers-transports.haut-allier.eu\/index.php\/wp-json\/wp\/v2\/types\/post"}],"author":[{"embeddable":true,"href":"https:\/\/usagers-transports.haut-allier.eu\/index.php\/wp-json\/wp\/v2\/users\/1"}],"replies":[{"embeddable":true,"href":"https:\/\/usagers-transports.haut-allier.eu\/index.php\/wp-json\/wp\/v2\/comments?post=1052"}],"version-history":[{"count":0,"href":"https:\/\/usagers-transports.haut-allier.eu\/index.php\/wp-json\/wp\/v2\/posts\/1052\/revisions"}],"wp:featuredmedia":[{"embeddable":true,"href":"https:\/\/usagers-transports.haut-allier.eu\/index.php\/wp-json\/wp\/v2\/media\/4817"}],"wp:attachment":[{"href":"https:\/\/usagers-transports.haut-allier.eu\/index.php\/wp-json\/wp\/v2\/media?parent=1052"}],"wp:term":[{"taxonomy":"category","embeddable":true,"href":"https:\/\/usagers-transports.haut-allier.eu\/index.php\/wp-json\/wp\/v2\/categories?post=1052"},{"taxonomy":"post_tag","embeddable":true,"href":"https:\/\/usagers-transports.haut-allier.eu\/index.php\/wp-json\/wp\/v2\/tags?post=1052"}],"curies":[{"name":"wp","href":"https:\/\/api.w.org\/{rel}","templated":true}]}}