{"id":1053,"date":"2023-12-16T09:15:28","date_gmt":"2023-12-16T08:15:28","guid":{"rendered":"http:\/\/5.45.101.177\/haut-allier\/usagers-transportse\/index.php\/2023\/12\/16\/ligne-nimes-clermont-ferrand1053\/"},"modified":"2023-12-16T09:15:28","modified_gmt":"2023-12-16T08:15:28","slug":"ligne-nimes-clermont-ferrand1053","status":"publish","type":"post","link":"https:\/\/usagers-transports.haut-allier.eu\/index.php\/2023\/12\/16\/ligne-nimes-clermont-ferrand1053\/","title":{"rendered":"Ligne N\u00eemes Clermont-Ferrand : nouvel \u00e9boulement dans les gorges du haut Allier [MAJ permanente]"},"content":{"rendered":"<p>La circulation des trains est interrompue depuis le 15 d\u00e9cembre en d\u00e9but de soir\u00e9e puisque un important \u00e9boulement rocheux est survenu entre Monistrol d&rsquo;Allier et Langeac, au sud du lieu-dit Pont-Gibert, \u00e0 100 m du d\u00e9raillement de 2001.<br \/>\n&nbsp;<br \/>\nNouvel \u00e9boulement aussi apr\u00e8s <a href=\"https:\/\/usagers-transports.haut-allier.eu\/?ligne-du-train-intercites-cevenol,221\"><em>celui de 2015 \u00e0 Alleyras<\/em><\/a>, toujours dans les gorges du haut Allier.<br \/>\n&nbsp;<br \/>\nD&rsquo;apr\u00e8s la SNCF la premi\u00e8re d\u00e9marche va \u00eatre d&rsquo;enlever les rochers et de s&rsquo;assurer qu&rsquo;il n&rsquo;y a pas de risque d&rsquo;un nouvel \u00e9boulement. En fonction du constat qui sera fait lundi 18 d\u00e9cembre, les moyens seront dimensionn\u00e9s pour remettre la voie en \u00e9tat.<br \/>\n&nbsp;<br \/>\nLes craintes sont que le d\u00e9gagement tarde jusqu&rsquo;\u00e0 f\u00e9vrier, mois \u00e0 partir duquel sont pr\u00e9vus des travaux jusqu&rsquo;au mois de mai.<br \/>\n&nbsp;<br \/>\nNous vous tiendrons au courant.<br \/>\n&nbsp;<br \/>\n<em>L&rsquo;image provient de la base d&rsquo;incidents de la SNCF : Durandal. Diffusion : Catherine Trevet (SNCF R\u00e9seau)<\/em><br \/>\n<img loading=\"lazy\" decoding=\"async\" class=\" aligncenter size-full wp-image-4824\" src=\"http:\/\/5.45.101.177\/haut-allier\/usagers-transportse\/wp-content\/uploads\/2023\/12\/gbaf9igwoaapcx1.jpg\" alt=\"gbaf9igwoaapcx1.jpg\" align=\"center\" width=\"1280\" height=\"956\" srcset=\"https:\/\/usagers-transports.haut-allier.eu\/wp-content\/uploads\/2023\/12\/gbaf9igwoaapcx1.jpg 1280w, https:\/\/usagers-transports.haut-allier.eu\/wp-content\/uploads\/2023\/12\/gbaf9igwoaapcx1-300x224.jpg 300w, https:\/\/usagers-transports.haut-allier.eu\/wp-content\/uploads\/2023\/12\/gbaf9igwoaapcx1-1024x765.jpg 1024w, https:\/\/usagers-transports.haut-allier.eu\/wp-content\/uploads\/2023\/12\/gbaf9igwoaapcx1-768x574.jpg 768w\" sizes=\"auto, (max-width: 1280px) 100vw, 1280px\" \/><br \/>\n&nbsp;<br \/>\n[fond rouge][blanc]<strong>[Mise \u00e0 jour 18 d\u00e9cembre]<\/strong>[\/blanc][\/fond rouge]<br \/>\n&nbsp;<br \/>\nVoici les fiches horaires AuRA :<br \/>\n<a href=\"http:\/\/5.45.101.177\/haut-allier\/usagers-transportse\/wp-content\/uploads\/2023\/12\/fh08-004_ligne_08_clermont_ferrand_-_nimes_auvergne_19-12-2023_a3_v1.pdf\">fh08-004_ligne_08_clermont_ferrand_-_nimes_auvergne_19-12-2023_a3_v1.pdf<\/a><br \/>\n&nbsp;<br \/>\nVoici les fiches horaires version LiO :<br \/>\n<a href=\"http:\/\/5.45.101.177\/haut-allier\/usagers-transportse\/wp-content\/uploads\/2023\/12\/eboulement_interruption_langeac_langogne_du_19_da_c_cembre.pdf\">eboulement_interruption_langeac_langogne_du_19_da_c_cembre.pdf<\/a><br \/>\n&nbsp;<br \/>\n<strong>Dans la presse :<\/strong><br \/>\n&nbsp;<br \/>\n&#8211; Le Progr\u00e8s du 18 d\u00e9cembre 2023 : <a href=\"https:\/\/www.leprogres.fr\/faits-divers-justice\/2023\/12\/18\/un-important-eboulement-dans-les-gorges-du-haut-allier-sur-la-ligne-sncf-nimes-clermont-ferrand\"><em>Un important \u00e9boulement dans les gorges du Haut-Allier sur la ligne SNCF N\u00eemes-Clermont-Ferrand<\/em><\/a><br \/>\n&nbsp;<br \/>\n<img loading=\"lazy\" decoding=\"async\" class=\" aligncenter size-full wp-image-4827\" src=\"http:\/\/5.45.101.177\/haut-allier\/usagers-transportse\/wp-content\/uploads\/2023\/12\/haute-loire-un-important-eboulement-dans-les-gorges-du-haut-allier-sur-la-ligne-sncf-nimes-clermont-ferrand.jpg\" alt=\"haute-loire-un-important-eboulement-dans-les-gorges-du-haut-allier-sur-la-ligne-sncf-nimes-clermont-ferrand.jpg\" align=\"center\" width=\"1020\" height=\"2084\" srcset=\"https:\/\/usagers-transports.haut-allier.eu\/wp-content\/uploads\/2023\/12\/haute-loire-un-important-eboulement-dans-les-gorges-du-haut-allier-sur-la-ligne-sncf-nimes-clermont-ferrand.jpg 1020w, https:\/\/usagers-transports.haut-allier.eu\/wp-content\/uploads\/2023\/12\/haute-loire-un-important-eboulement-dans-les-gorges-du-haut-allier-sur-la-ligne-sncf-nimes-clermont-ferrand-147x300.jpg 147w, https:\/\/usagers-transports.haut-allier.eu\/wp-content\/uploads\/2023\/12\/haute-loire-un-important-eboulement-dans-les-gorges-du-haut-allier-sur-la-ligne-sncf-nimes-clermont-ferrand-501x1024.jpg 501w, https:\/\/usagers-transports.haut-allier.eu\/wp-content\/uploads\/2023\/12\/haute-loire-un-important-eboulement-dans-les-gorges-du-haut-allier-sur-la-ligne-sncf-nimes-clermont-ferrand-768x1569.jpg 768w, https:\/\/usagers-transports.haut-allier.eu\/wp-content\/uploads\/2023\/12\/haute-loire-un-important-eboulement-dans-les-gorges-du-haut-allier-sur-la-ligne-sncf-nimes-clermont-ferrand-752x1536.jpg 752w, https:\/\/usagers-transports.haut-allier.eu\/wp-content\/uploads\/2023\/12\/haute-loire-un-important-eboulement-dans-les-gorges-du-haut-allier-sur-la-ligne-sncf-nimes-clermont-ferrand-1002x2048.jpg 1002w\" sizes=\"auto, (max-width: 1020px) 100vw, 1020px\" \/><br \/>\n&nbsp;<br \/>\n&#8211; France 3 Auvergne, <a href=\"https:\/\/france3-regions.francetvinfo.fr\/auvergne-rhone-alpes\/programmes\/france-3_auvergne-rhone-alpes_ici-19-20-auvergne\"><em>journal de 19h du 18 d\u00e9cembre 2023<\/em><\/a> :<br \/>\n&nbsp;<br \/>\n<a href=\"http:\/\/5.45.101.177\/haut-allier\/usagers-transportse\/wp-content\/uploads\/2023\/12\/kazam2__00001m.mp4\">kazam2__00001m.mp4<\/a><br \/>\n&nbsp;<br \/>\n&#8211; X\/Twitter B\u00e9atrice Leloup de SNCF R\u00e9seau :<\/p>\n<blockquote class=\"twitter-tweet\">\n<p lang=\"fr\" dir=\"ltr\">\u26a0\ufe0f les d\u00e9g\u00e2ts occasionn\u00e9s par cet important \u00e9boulement n\u00e9cessiteront plusieurs semaines de travaux (micro minage, purge, \u00e9vacuations, r\u00e9parations\u2026)<\/p>\n<p>A la suite, les travaux programm\u00e9s de r\u00e9g\u00e9n\u00e9ration de la voie ferr\u00e9e d\u00e9buteront.<\/p>\n<p>&#128467;\ufe0f reprise des circulations pr\u00e9vue le 25\/05\/2024 <a href=\"https:\/\/t.co\/In7qzgvaei\">https:\/\/t.co\/In7qzgvaei<\/a><\/p>\n<p>&mdash; B\u00e9atrice Leloup (@BeatriceLeloup) <a href=\"https:\/\/twitter.com\/BeatriceLeloup\/status\/1737850430296879114?ref_src=twsrc%5Etfw\">December 21, 2023<\/a><\/p><\/blockquote>\n<p> <script async src=\"https:\/\/platform.twitter.com\/widgets.js\" charset=\"utf-8\"><\/script><br \/>\n&nbsp;<br \/>\n&#8211; Le Progr\u00e8s du 21 d\u00e9cembre 2023 : <a href=\"https:\/\/www.leprogres.fr\/transport\/2023\/12\/21\/eboulement-sur-la-ligne-sncf-clermont-nimes-deux-jours-pour-purger-la-roche\"><em>\u00c9boulement sur la ligne SNCF Clermont-N\u00eemes : deux jours pour purger la roche.<\/em><\/a><br \/>\n&nbsp;<br \/>\n<img loading=\"lazy\" decoding=\"async\" class=\" aligncenter size-full wp-image-4829\" src=\"http:\/\/5.45.101.177\/haut-allier\/usagers-transportse\/wp-content\/uploads\/2023\/12\/haute-loire-eboulement-sur-la-ligne-sncf-clermont-nimes-deux-jours-pour-purger-la-roche-scaled.jpg\" alt=\"haute-loire-eboulement-sur-la-ligne-sncf-clermont-nimes-deux-jours-pour-purger-la-roche.jpg\" align=\"center\" width=\"866\" height=\"2560\" srcset=\"https:\/\/usagers-transports.haut-allier.eu\/wp-content\/uploads\/2023\/12\/haute-loire-eboulement-sur-la-ligne-sncf-clermont-nimes-deux-jours-pour-purger-la-roche-scaled.jpg 866w, https:\/\/usagers-transports.haut-allier.eu\/wp-content\/uploads\/2023\/12\/haute-loire-eboulement-sur-la-ligne-sncf-clermont-nimes-deux-jours-pour-purger-la-roche-101x300.jpg 101w, https:\/\/usagers-transports.haut-allier.eu\/wp-content\/uploads\/2023\/12\/haute-loire-eboulement-sur-la-ligne-sncf-clermont-nimes-deux-jours-pour-purger-la-roche-346x1024.jpg 346w, https:\/\/usagers-transports.haut-allier.eu\/wp-content\/uploads\/2023\/12\/haute-loire-eboulement-sur-la-ligne-sncf-clermont-nimes-deux-jours-pour-purger-la-roche-768x2270.jpg 768w, https:\/\/usagers-transports.haut-allier.eu\/wp-content\/uploads\/2023\/12\/haute-loire-eboulement-sur-la-ligne-sncf-clermont-nimes-deux-jours-pour-purger-la-roche-520x1536.jpg 520w, https:\/\/usagers-transports.haut-allier.eu\/wp-content\/uploads\/2023\/12\/haute-loire-eboulement-sur-la-ligne-sncf-clermont-nimes-deux-jours-pour-purger-la-roche-693x2048.jpg 693w\" sizes=\"auto, (max-width: 866px) 100vw, 866px\" \/><br \/>\n&nbsp;<\/p>\n","protected":false},"excerpt":{"rendered":"<p>La circulation des trains est interrompue depuis le 15 d\u00e9cembre en d\u00e9but de soir\u00e9e puisque un important \u00e9boulement<\/p>\n","protected":false},"author":1,"featured_media":4823,"comment_status":"closed","ping_status":"open","sticky":false,"template":"","format":"standard","meta":{"footnotes":""},"categories":[2],"tags":[],"class_list":["post-1053","post","type-post","status-publish","format-standard","has-post-thumbnail","hentry","category-infos"],"_links":{"self":[{"href":"https:\/\/usagers-transports.haut-allier.eu\/index.php\/wp-json\/wp\/v2\/posts\/1053","targetHints":{"allow":["GET"]}}],"collection":[{"href":"https:\/\/usagers-transports.haut-allier.eu\/index.php\/wp-json\/wp\/v2\/posts"}],"about":[{"href":"https:\/\/usagers-transports.haut-allier.eu\/index.php\/wp-json\/wp\/v2\/types\/post"}],"author":[{"embeddable":true,"href":"https:\/\/usagers-transports.haut-allier.eu\/index.php\/wp-json\/wp\/v2\/users\/1"}],"replies":[{"embeddable":true,"href":"https:\/\/usagers-transports.haut-allier.eu\/index.php\/wp-json\/wp\/v2\/comments?post=1053"}],"version-history":[{"count":0,"href":"https:\/\/usagers-transports.haut-allier.eu\/index.php\/wp-json\/wp\/v2\/posts\/1053\/revisions"}],"wp:featuredmedia":[{"embeddable":true,"href":"https:\/\/usagers-transports.haut-allier.eu\/index.php\/wp-json\/wp\/v2\/media\/4823"}],"wp:attachment":[{"href":"https:\/\/usagers-transports.haut-allier.eu\/index.php\/wp-json\/wp\/v2\/media?parent=1053"}],"wp:term":[{"taxonomy":"category","embeddable":true,"href":"https:\/\/usagers-transports.haut-allier.eu\/index.php\/wp-json\/wp\/v2\/categories?post=1053"},{"taxonomy":"post_tag","embeddable":true,"href":"https:\/\/usagers-transports.haut-allier.eu\/index.php\/wp-json\/wp\/v2\/tags?post=1053"}],"curies":[{"name":"wp","href":"https:\/\/api.w.org\/{rel}","templated":true}]}}