{"id":1054,"date":"2023-12-23T08:48:55","date_gmt":"2023-12-23T07:48:55","guid":{"rendered":"http:\/\/5.45.101.177\/haut-allier\/usagers-transportse\/index.php\/2023\/12\/23\/ligne-des-cevennes-des-taxis-et1054\/"},"modified":"2023-12-23T08:48:55","modified_gmt":"2023-12-23T07:48:55","slug":"ligne-des-cevennes-des-taxis-et1054","status":"publish","type":"post","link":"https:\/\/usagers-transports.haut-allier.eu\/index.php\/2023\/12\/23\/ligne-des-cevennes-des-taxis-et1054\/","title":{"rendered":"Ligne des C\u00e9vennes : des taxis et des bus mis en place apr\u00e8s l&rsquo;\u00e9boulement"},"content":{"rendered":"<p>Pour attendre le 28 d\u00e9cembre o\u00f9 un service de substitution plus \u00e9labor\u00e9 est mis en place jusqu&rsquo;\u00e0 la fin des travaux mi-mai 2024, la SNCF a d\u00e9cid\u00e9 de recourir aux TAD taxis \u00e0 la demande pour les gares de Chapeauroux, Alleyras et Monistrol d&rsquo;Allier dans les gorges sauvages du haut Allier.<br \/>\n&nbsp;<br \/>\nAinsi pour commander un taxi il faudra appeler, LA VEILLE DU TRAJET avant 19h00, le 09 69 32 21 41 du lundi au vendredi de 7h \u00e0 19h, et le samedi, de 8h \u00e0 13h. Pas de r\u00e9servation les dimanches et f\u00eates.<br \/>\n&nbsp;<br \/>\nEgalement des bus TER sont mis en place. Consulter tous les jours avant 17h00 les sites suivants :<\/p>\n<p>https:\/\/www.ter.sncf.com\/auvergne-rhone-alpes\/se-deplacer\/fiches-horaires<\/p>\n<p>Exemple de la fiche journali\u00e8re du samedi 23\/12 :<\/p>\n<p><a href=\"http:\/\/5.45.101.177\/haut-allier\/usagers-transportse\/wp-content\/uploads\/2023\/12\/fh08-001_ligne_08_clermont_ferrand_-_nimes_auvergne_23-12-2023_a3_v1.pdf\">fh08-001_ligne_08_clermont_ferrand_-_nimes_auvergne_23-12-2023_a3_v1.pdf<\/a><\/p>\n<p>La fiche horaire du 28\/12\/2023 au 09\/02\/2024<\/p>\n<p><a href=\"http:\/\/5.45.101.177\/haut-allier\/usagers-transportse\/wp-content\/uploads\/2023\/12\/08_aff_28-12-23_au_09-02-24-version_du_22-12-23-v2.pdf\">08_aff_28-12-23_au_09-02-24-version_du_22-12-23-v2.pdf<\/a><\/p>\n<p>On peut aussi consulter le site LiO :<\/p>\n<p>https:\/\/www.ter.sncf.com\/occitanie\/se-deplacer\/fiches-horaires<\/p>\n<p>Rappel : un \u00e9boulement rocheux a eu lieu en fin de semaine derni\u00e8re \u00e0 Pont Gibert pr\u00e8s de Monistrol d&rsquo;Allier. Les <a href=\"https:\/\/usagers-transports.haut-allier.eu\/?ligne-nimes-clermont-ferrand,1053\"><em>d\u00e9tails<\/em><\/a>.<\/p>\n<p>Courage \u00e0 tous.<\/p>\n<p><strong>Dans la presse :<\/strong><\/p>\n<p>&#8211; Zoom d&rsquo;ici du 25 d\u00e9cembre 2023 : <a href=\"https:\/\/www.zoomdici.fr\/actualite\/sncf-des-alternatives-pour-contourner-leboulement-langeac\"><em>Des alternatives pour contourner l\u2019\u00e9boulement \u00e0 Langeac<\/em><\/a><\/p>\n<p><img loading=\"lazy\" decoding=\"async\" class=\" aligncenter size-full wp-image-4833\" src=\"http:\/\/5.45.101.177\/haut-allier\/usagers-transportse\/wp-content\/uploads\/2023\/12\/sncf-des-alternatives-pour-contourner-l_eboulement-a-langeac.jpg\" alt=\"sncf-des-alternatives-pour-contourner-l_eboulement-a-langeac.jpg\" align=\"center\" width=\"1040\" height=\"1880\" srcset=\"https:\/\/usagers-transports.haut-allier.eu\/wp-content\/uploads\/2023\/12\/sncf-des-alternatives-pour-contourner-l_eboulement-a-langeac.jpg 1040w, https:\/\/usagers-transports.haut-allier.eu\/wp-content\/uploads\/2023\/12\/sncf-des-alternatives-pour-contourner-l_eboulement-a-langeac-166x300.jpg 166w, https:\/\/usagers-transports.haut-allier.eu\/wp-content\/uploads\/2023\/12\/sncf-des-alternatives-pour-contourner-l_eboulement-a-langeac-566x1024.jpg 566w, https:\/\/usagers-transports.haut-allier.eu\/wp-content\/uploads\/2023\/12\/sncf-des-alternatives-pour-contourner-l_eboulement-a-langeac-768x1388.jpg 768w, https:\/\/usagers-transports.haut-allier.eu\/wp-content\/uploads\/2023\/12\/sncf-des-alternatives-pour-contourner-l_eboulement-a-langeac-850x1536.jpg 850w\" sizes=\"auto, (max-width: 1040px) 100vw, 1040px\" \/><\/p>\n","protected":false},"excerpt":{"rendered":"<p>Pour attendre le 28 d\u00e9cembre o\u00f9 un service de substitution plus \u00e9labor\u00e9 est mis en place jusqu&rsquo;\u00e0 la<\/p>\n","protected":false},"author":1,"featured_media":4830,"comment_status":"closed","ping_status":"open","sticky":false,"template":"","format":"standard","meta":{"footnotes":""},"categories":[3],"tags":[],"class_list":["post-1054","post","type-post","status-publish","format-standard","has-post-thumbnail","hentry","category-en-train"],"_links":{"self":[{"href":"https:\/\/usagers-transports.haut-allier.eu\/index.php\/wp-json\/wp\/v2\/posts\/1054","targetHints":{"allow":["GET"]}}],"collection":[{"href":"https:\/\/usagers-transports.haut-allier.eu\/index.php\/wp-json\/wp\/v2\/posts"}],"about":[{"href":"https:\/\/usagers-transports.haut-allier.eu\/index.php\/wp-json\/wp\/v2\/types\/post"}],"author":[{"embeddable":true,"href":"https:\/\/usagers-transports.haut-allier.eu\/index.php\/wp-json\/wp\/v2\/users\/1"}],"replies":[{"embeddable":true,"href":"https:\/\/usagers-transports.haut-allier.eu\/index.php\/wp-json\/wp\/v2\/comments?post=1054"}],"version-history":[{"count":0,"href":"https:\/\/usagers-transports.haut-allier.eu\/index.php\/wp-json\/wp\/v2\/posts\/1054\/revisions"}],"wp:featuredmedia":[{"embeddable":true,"href":"https:\/\/usagers-transports.haut-allier.eu\/index.php\/wp-json\/wp\/v2\/media\/4830"}],"wp:attachment":[{"href":"https:\/\/usagers-transports.haut-allier.eu\/index.php\/wp-json\/wp\/v2\/media?parent=1054"}],"wp:term":[{"taxonomy":"category","embeddable":true,"href":"https:\/\/usagers-transports.haut-allier.eu\/index.php\/wp-json\/wp\/v2\/categories?post=1054"},{"taxonomy":"post_tag","embeddable":true,"href":"https:\/\/usagers-transports.haut-allier.eu\/index.php\/wp-json\/wp\/v2\/tags?post=1054"}],"curies":[{"name":"wp","href":"https:\/\/api.w.org\/{rel}","templated":true}]}}