{"id":1055,"date":"2023-12-24T15:48:48","date_gmt":"2023-12-24T14:48:48","guid":{"rendered":"http:\/\/5.45.101.177\/haut-allier\/usagers-transportse\/index.php\/2023\/12\/24\/train-de-nuit-paris-clermont1055\/"},"modified":"2023-12-24T15:48:48","modified_gmt":"2023-12-24T14:48:48","slug":"train-de-nuit-paris-clermont1055","status":"publish","type":"post","link":"https:\/\/usagers-transports.haut-allier.eu\/index.php\/2023\/12\/24\/train-de-nuit-paris-clermont1055\/","title":{"rendered":"Train de nuit Paris Clermont Aurillac \/ Millau \/ Al\u00e8s : Carole Delga le demande \u00e0 Cl\u00e9ment Beaune"},"content":{"rendered":"<p>Face aux difficult\u00e9s croissantes de fiabilit\u00e9 sur les lignes de nuit Intercit\u00e9s qui passent par Limoges et Brive vers Aurillac, Rodez et Toulouse, la pr\u00e9sidente de la r\u00e9gion Occitanie vient d&rsquo;\u00e9crire au ministre des transports : <\/p>\n<blockquote class=\"poesie\"><p>\n<em> <strong>\u00ab\u00a0Ainsi, la desserte de nuit Paris &#8211; Aurillac gagnerait \u00e0 \u00eatre achemin\u00e9e via Clermont Ferrand, ce qui permettrait de cr\u00e9er concomitamment des dessertes de nuit vers Millau et Al\u00e8s, irrigant et d\u00e9senclavant le Massif Central.\u00a0\u00bb<\/strong> <\/em>\n<\/p><\/blockquote>\n<p>Un soutien de poids au retour du train de nuit tri-branches que nous demandons avec l&rsquo;ensemble des organisations d&rsquo;usagers (sauf une) bien qu&rsquo;il ne soit pas planifi\u00e9 par le gouvernement actuellement.<br \/>\n&nbsp;<br \/>\nNous allons envoyer un courrier en ce sens \u00e9galement pour tenter de faire modifier les objectifs pour 2030.<br \/>\n&nbsp;<br \/>\nL&rsquo;int\u00e9gralit\u00e9 du courrier de C. Delga :<br \/>\n&nbsp;<br \/>\n<img loading=\"lazy\" decoding=\"async\" class=\" aligncenter size-full wp-image-4835\" src=\"http:\/\/5.45.101.177\/haut-allier\/usagers-transportse\/wp-content\/uploads\/2023\/12\/231222-courrierbeaune1.jpg\" alt=\"231222-courrierbeaune1.jpg\" align=\"center\" width=\"1240\" height=\"1753\" srcset=\"https:\/\/usagers-transports.haut-allier.eu\/wp-content\/uploads\/2023\/12\/231222-courrierbeaune1.jpg 1240w, https:\/\/usagers-transports.haut-allier.eu\/wp-content\/uploads\/2023\/12\/231222-courrierbeaune1-212x300.jpg 212w, https:\/\/usagers-transports.haut-allier.eu\/wp-content\/uploads\/2023\/12\/231222-courrierbeaune1-724x1024.jpg 724w, https:\/\/usagers-transports.haut-allier.eu\/wp-content\/uploads\/2023\/12\/231222-courrierbeaune1-768x1086.jpg 768w, https:\/\/usagers-transports.haut-allier.eu\/wp-content\/uploads\/2023\/12\/231222-courrierbeaune1-1087x1536.jpg 1087w\" sizes=\"auto, (max-width: 1240px) 100vw, 1240px\" \/><br \/>\n&nbsp;<br \/>\n<img loading=\"lazy\" decoding=\"async\" class=\" aligncenter size-full wp-image-4836\" src=\"http:\/\/5.45.101.177\/haut-allier\/usagers-transportse\/wp-content\/uploads\/2023\/12\/231222-courrierbeaune2.jpg\" alt=\"231222-courrierbeaune2.jpg\" align=\"center\" width=\"1240\" height=\"1753\" srcset=\"https:\/\/usagers-transports.haut-allier.eu\/wp-content\/uploads\/2023\/12\/231222-courrierbeaune2.jpg 1240w, https:\/\/usagers-transports.haut-allier.eu\/wp-content\/uploads\/2023\/12\/231222-courrierbeaune2-212x300.jpg 212w, https:\/\/usagers-transports.haut-allier.eu\/wp-content\/uploads\/2023\/12\/231222-courrierbeaune2-724x1024.jpg 724w, https:\/\/usagers-transports.haut-allier.eu\/wp-content\/uploads\/2023\/12\/231222-courrierbeaune2-768x1086.jpg 768w, https:\/\/usagers-transports.haut-allier.eu\/wp-content\/uploads\/2023\/12\/231222-courrierbeaune2-1087x1536.jpg 1087w\" sizes=\"auto, (max-width: 1240px) 100vw, 1240px\" \/><br \/>\n&nbsp;<br \/>\nCl\u00e9ment Beaune s&rsquo;est exprim\u00e9 r\u00e9cemment pour indiquer que la commande de voitures couchettes et de locomotives pourrait avoir lieu d\u00e9but 2025 bien qu&rsquo;initialement <em>pr\u00e9vue en 2023<\/em>.<br \/>\n&nbsp;<br \/>\n<center><\/p>\n<blockquote class=\"twitter-tweet\">\n<p lang=\"fr\" dir=\"ltr\">Pour d\u00e9ployer massivement les trains de nuit, le ministre des Transports Cl\u00e9ment Beaune a pr\u00e9vu pour 2023 l&#39;achat de mat\u00e9riels neufs (couchettes r\u00e9versibles et locomotives).<a href=\"https:\/\/twitter.com\/ouiautraindnuit?ref_src=twsrc%5Etfw\">@ouiautraindnuit<\/a> <a href=\"https:\/\/twitter.com\/AlstomFrance?ref_src=twsrc%5Etfw\">@AlstomFrance<\/a> <a href=\"https:\/\/twitter.com\/CAF_France?ref_src=twsrc%5Etfw\">@CAF_France<\/a> <a href=\"https:\/\/twitter.com\/SiemensMobility?ref_src=twsrc%5Etfw\">@SiemensMobility<\/a><a href=\"https:\/\/twitter.com\/TalgoGroup?ref_src=twsrc%5Etfw\">@TalgoGroup<\/a><a href=\"https:\/\/t.co\/zXjeu0OcaH\">pic.twitter.com\/zXjeu0OcaH<\/a><\/p>\n<p>&mdash; Le Journal du transport public, v\u00e9lo, trottinette (@jtpmd_75) <a href=\"https:\/\/twitter.com\/jtpmd_75\/status\/1577736007054757892?ref_src=twsrc%5Etfw\">October 5, 2022<\/a><\/p><\/blockquote>\n<p> <script async src=\"https:\/\/platform.twitter.com\/widgets.js\" charset=\"utf-8\"><\/script><br \/>\n<\/center><br \/>\n&nbsp;<\/p>\n<p> <em>\u00ab\u00a0Nous pourrons alors envisager non pas uniquement des lignes radiales partant de Paris mais des transversales entre l\u2019est et l\u2019ouest de l\u2019hexagone\u00a0\u00bb<\/em>, a confi\u00e9 le ministre des transports. Quant au nombre de voitures couchettes demand\u00e9es le rapport TET de 2021 pr\u00e9voyait 600 exemplaires, les organisations d&rsquo;usagers en r\u00e9clament autant.<br \/>\n&nbsp;<br \/>\n<em>\u00ab\u00a0Le train de nuit est un effort budg\u00e9taire n\u00e9cessaire\u00a0\u00bb<\/em> ajoute-t-il dans <a href=\"https:\/\/www.parismatch.com\/actu\/politique\/clement-beaune-le-train-de-nuit-est-un-effort-budgetaire-necessaire-232916\"><em>Paris Match<\/em><\/a>.<br \/>\n&nbsp;<br \/>\n<strong>Mais quand sera livr\u00e9e une commande pass\u00e9e en 2025 ? L&rsquo;ensemble des acteurs s&rsquo;accorde sur un d\u00e9lai d&rsquo;au moins 5 ans. Donc pas de miracle d&rsquo;ici 2030.<\/strong><br \/>\n&nbsp;<br \/>\nSauf si les soci\u00e9t\u00e9s priv\u00e9es de location de locomotives et voitures qui sont en train de s&rsquo;installer en France arrivent \u00e0 fournir la SNCF. Ce pourrait \u00eatre une des solutions.<br \/>\n&nbsp;<br \/>\n<img loading=\"lazy\" decoding=\"async\" class=\" aligncenter size-full wp-image-4837\" src=\"http:\/\/5.45.101.177\/haut-allier\/usagers-transportse\/wp-content\/uploads\/2023\/12\/logo-tribranche-12-003-1000-3.jpg\" alt=\"logo-tribranche-12-003-1000-3.jpg\" align=\"center\" width=\"512\" height=\"1006\" srcset=\"https:\/\/usagers-transports.haut-allier.eu\/wp-content\/uploads\/2023\/12\/logo-tribranche-12-003-1000-3.jpg 512w, https:\/\/usagers-transports.haut-allier.eu\/wp-content\/uploads\/2023\/12\/logo-tribranche-12-003-1000-3-153x300.jpg 153w\" sizes=\"auto, (max-width: 512px) 100vw, 512px\" \/><br \/>\n&nbsp;<br \/>\n<strong>Dans la presse :<br \/>\n<\/strong><br \/>\n&nbsp;<br \/>\n&#8211; Centre Presse Aveyron du 25 d\u00e9cembre 2023 : <a href=\"https:\/\/www.centrepresseaveyron.fr\/2023\/12\/25\/train-de-nuit-la-region-occitanie-veut-que-le-paris-aurillac-ne-cache-pas-le-rodez-paris-11663031.php\"><em>Train de nuit &#8211; la r\u00e9gion Occitanie veut que le Paris &#8211; Aurillac ne cache pas le Rodez &#8211; Paris<\/em><\/a><br \/>\n&nbsp;<br \/>\n<img loading=\"lazy\" decoding=\"async\" class=\" aligncenter size-full wp-image-4838\" src=\"http:\/\/5.45.101.177\/haut-allier\/usagers-transportse\/wp-content\/uploads\/2023\/12\/train-de-nuit-la-region-occitanie-veut-que-le-paris-aurillac-ne-cache-pas-le-rodez-paris-centrepresseaveyron-fr.jpg\" alt=\"train-de-nuit-la-region-occitanie-veut-que-le-paris-aurillac-ne-cache-pas-le-rodez-paris-centrepresseaveyron-fr.jpg\" align=\"center\" width=\"900\" height=\"1854\" srcset=\"https:\/\/usagers-transports.haut-allier.eu\/wp-content\/uploads\/2023\/12\/train-de-nuit-la-region-occitanie-veut-que-le-paris-aurillac-ne-cache-pas-le-rodez-paris-centrepresseaveyron-fr.jpg 900w, https:\/\/usagers-transports.haut-allier.eu\/wp-content\/uploads\/2023\/12\/train-de-nuit-la-region-occitanie-veut-que-le-paris-aurillac-ne-cache-pas-le-rodez-paris-centrepresseaveyron-fr-146x300.jpg 146w, https:\/\/usagers-transports.haut-allier.eu\/wp-content\/uploads\/2023\/12\/train-de-nuit-la-region-occitanie-veut-que-le-paris-aurillac-ne-cache-pas-le-rodez-paris-centrepresseaveyron-fr-497x1024.jpg 497w, https:\/\/usagers-transports.haut-allier.eu\/wp-content\/uploads\/2023\/12\/train-de-nuit-la-region-occitanie-veut-que-le-paris-aurillac-ne-cache-pas-le-rodez-paris-centrepresseaveyron-fr-768x1582.jpg 768w, https:\/\/usagers-transports.haut-allier.eu\/wp-content\/uploads\/2023\/12\/train-de-nuit-la-region-occitanie-veut-que-le-paris-aurillac-ne-cache-pas-le-rodez-paris-centrepresseaveyron-fr-746x1536.jpg 746w\" sizes=\"auto, (max-width: 900px) 100vw, 900px\" \/><br \/>\n&nbsp;<br \/>\n&#8211; L&rsquo;Opinion du 26 d\u00e9cembre 2023 : <a href=\"https:\/\/lopinion.com\/articles\/actualite\/20819_trains-de-nuit-occitanie-delga\"><em>Trains de nuit en Occitanie &#8211; Carole Delga appelle \u00e0 la \u00ab\u00a0p\u00e9rennisation\u00a0\u00bb des lignes existantes<\/em><\/a><br \/>\n&nbsp;<br \/>\n<img loading=\"lazy\" decoding=\"async\" class=\" aligncenter size-full wp-image-4839\" src=\"http:\/\/5.45.101.177\/haut-allier\/usagers-transportse\/wp-content\/uploads\/2023\/12\/trains-de-nuit-en-occitanie-delga-appelle-a-la-perennisation-des-lignes-existantes-scaled.jpg\" alt=\"trains-de-nuit-en-occitanie-delga-appelle-a-la-perennisation-des-lignes-existantes.jpg\" align=\"center\" width=\"664\" height=\"2560\" srcset=\"https:\/\/usagers-transports.haut-allier.eu\/wp-content\/uploads\/2023\/12\/trains-de-nuit-en-occitanie-delga-appelle-a-la-perennisation-des-lignes-existantes-scaled.jpg 664w, https:\/\/usagers-transports.haut-allier.eu\/wp-content\/uploads\/2023\/12\/trains-de-nuit-en-occitanie-delga-appelle-a-la-perennisation-des-lignes-existantes-78x300.jpg 78w, https:\/\/usagers-transports.haut-allier.eu\/wp-content\/uploads\/2023\/12\/trains-de-nuit-en-occitanie-delga-appelle-a-la-perennisation-des-lignes-existantes-768x2961.jpg 768w, https:\/\/usagers-transports.haut-allier.eu\/wp-content\/uploads\/2023\/12\/trains-de-nuit-en-occitanie-delga-appelle-a-la-perennisation-des-lignes-existantes-531x2048.jpg 531w\" sizes=\"auto, (max-width: 664px) 100vw, 664px\" \/><br \/>\n&nbsp;<br \/>\n&#8211; La D\u00e9peche du Midi du 26 d\u00e9cembre 2023 : <a href=\"https:\/\/www.ladepeche.fr\/2023\/12\/26\/carole-delga-interpelle-le-ministre-des-transports-11663773.php\"><em>Carole Delga interpelle le ministre des Transports<\/em><\/a><br \/>\n&nbsp;<br \/>\n<img loading=\"lazy\" decoding=\"async\" class=\" aligncenter size-full wp-image-4840\" src=\"http:\/\/5.45.101.177\/haut-allier\/usagers-transportse\/wp-content\/uploads\/2023\/12\/rodez-carole-delga-interpelle-le-ministre-des-transports-ladepeche-fr.jpg\" alt=\"rodez-carole-delga-interpelle-le-ministre-des-transports-ladepeche-fr.jpg\" align=\"center\" width=\"898\" height=\"1730\" srcset=\"https:\/\/usagers-transports.haut-allier.eu\/wp-content\/uploads\/2023\/12\/rodez-carole-delga-interpelle-le-ministre-des-transports-ladepeche-fr.jpg 898w, https:\/\/usagers-transports.haut-allier.eu\/wp-content\/uploads\/2023\/12\/rodez-carole-delga-interpelle-le-ministre-des-transports-ladepeche-fr-156x300.jpg 156w, https:\/\/usagers-transports.haut-allier.eu\/wp-content\/uploads\/2023\/12\/rodez-carole-delga-interpelle-le-ministre-des-transports-ladepeche-fr-532x1024.jpg 532w, https:\/\/usagers-transports.haut-allier.eu\/wp-content\/uploads\/2023\/12\/rodez-carole-delga-interpelle-le-ministre-des-transports-ladepeche-fr-768x1480.jpg 768w, https:\/\/usagers-transports.haut-allier.eu\/wp-content\/uploads\/2023\/12\/rodez-carole-delga-interpelle-le-ministre-des-transports-ladepeche-fr-797x1536.jpg 797w\" sizes=\"auto, (max-width: 898px) 100vw, 898px\" \/><br \/>\n&nbsp;<br \/>\n&#8211; Le Journal de Millau du 28 d\u00e9cembre 2023 : <a href=\"https:\/\/www.journaldemillau.fr\/2023\/12\/28\/region-carole-delga-apostrophe-le-ministre-des-transports-au-sujet-des-lignes-de-trains-11665767.php\"><em>Carole Delga apostrophe le ministre des Transports au sujet des lignes de trains<\/em><\/a><br \/>\n&nbsp;<br \/>\n<img loading=\"lazy\" decoding=\"async\" class=\" aligncenter size-full wp-image-4841\" src=\"http:\/\/5.45.101.177\/haut-allier\/usagers-transportse\/wp-content\/uploads\/2023\/12\/region-carole-delga-apostrophe-le-ministre-des-transports-au-sujet-des-lignes-de-trains-journaldemillau-fr.jpg\" alt=\"region-carole-delga-apostrophe-le-ministre-des-transports-au-sujet-des-lignes-de-trains-journaldemillau-fr.jpg\" align=\"center\" width=\"890\" height=\"1494\" srcset=\"https:\/\/usagers-transports.haut-allier.eu\/wp-content\/uploads\/2023\/12\/region-carole-delga-apostrophe-le-ministre-des-transports-au-sujet-des-lignes-de-trains-journaldemillau-fr.jpg 890w, https:\/\/usagers-transports.haut-allier.eu\/wp-content\/uploads\/2023\/12\/region-carole-delga-apostrophe-le-ministre-des-transports-au-sujet-des-lignes-de-trains-journaldemillau-fr-179x300.jpg 179w, https:\/\/usagers-transports.haut-allier.eu\/wp-content\/uploads\/2023\/12\/region-carole-delga-apostrophe-le-ministre-des-transports-au-sujet-des-lignes-de-trains-journaldemillau-fr-610x1024.jpg 610w, https:\/\/usagers-transports.haut-allier.eu\/wp-content\/uploads\/2023\/12\/region-carole-delga-apostrophe-le-ministre-des-transports-au-sujet-des-lignes-de-trains-journaldemillau-fr-768x1289.jpg 768w\" sizes=\"auto, (max-width: 890px) 100vw, 890px\" \/><br \/>\n&nbsp;<\/p>\n","protected":false},"excerpt":{"rendered":"<p>Face aux difficult\u00e9s croissantes de fiabilit\u00e9 sur les lignes de nuit Intercit\u00e9s qui passent par Limoges et Brive<\/p>\n","protected":false},"author":1,"featured_media":4834,"comment_status":"open","ping_status":"open","sticky":false,"template":"","format":"standard","meta":{"footnotes":""},"categories":[3],"tags":[],"class_list":["post-1055","post","type-post","status-publish","format-standard","has-post-thumbnail","hentry","category-en-train"],"_links":{"self":[{"href":"https:\/\/usagers-transports.haut-allier.eu\/index.php\/wp-json\/wp\/v2\/posts\/1055","targetHints":{"allow":["GET"]}}],"collection":[{"href":"https:\/\/usagers-transports.haut-allier.eu\/index.php\/wp-json\/wp\/v2\/posts"}],"about":[{"href":"https:\/\/usagers-transports.haut-allier.eu\/index.php\/wp-json\/wp\/v2\/types\/post"}],"author":[{"embeddable":true,"href":"https:\/\/usagers-transports.haut-allier.eu\/index.php\/wp-json\/wp\/v2\/users\/1"}],"replies":[{"embeddable":true,"href":"https:\/\/usagers-transports.haut-allier.eu\/index.php\/wp-json\/wp\/v2\/comments?post=1055"}],"version-history":[{"count":0,"href":"https:\/\/usagers-transports.haut-allier.eu\/index.php\/wp-json\/wp\/v2\/posts\/1055\/revisions"}],"wp:featuredmedia":[{"embeddable":true,"href":"https:\/\/usagers-transports.haut-allier.eu\/index.php\/wp-json\/wp\/v2\/media\/4834"}],"wp:attachment":[{"href":"https:\/\/usagers-transports.haut-allier.eu\/index.php\/wp-json\/wp\/v2\/media?parent=1055"}],"wp:term":[{"taxonomy":"category","embeddable":true,"href":"https:\/\/usagers-transports.haut-allier.eu\/index.php\/wp-json\/wp\/v2\/categories?post=1055"},{"taxonomy":"post_tag","embeddable":true,"href":"https:\/\/usagers-transports.haut-allier.eu\/index.php\/wp-json\/wp\/v2\/tags?post=1055"}],"curies":[{"name":"wp","href":"https:\/\/api.w.org\/{rel}","templated":true}]}}