{"id":1056,"date":"2023-12-27T11:17:36","date_gmt":"2023-12-27T10:17:36","guid":{"rendered":"http:\/\/5.45.101.177\/haut-allier\/usagers-transportse\/index.php\/2023\/12\/27\/ligne-du-train-cevenol-video-de-l1056\/"},"modified":"2023-12-27T11:17:36","modified_gmt":"2023-12-27T10:17:36","slug":"ligne-du-train-cevenol-video-de-l1056","status":"publish","type":"post","link":"https:\/\/usagers-transports.haut-allier.eu\/index.php\/2023\/12\/27\/ligne-du-train-cevenol-video-de-l1056\/","title":{"rendered":"Ligne du Train C\u00e9venol : vid\u00e9o de l&rsquo;\u00e9boulement de Pont Gibert (Haut Allier) [MAJ]"},"content":{"rendered":"<p>Voici notre vid\u00e9o 4K de la chute de rochers sur la voie ferroviaire N\u00eemes Clermont-Ferrand 10 jours apr\u00e8s. L&rsquo;endroit est effectivement inaccessible  et nous avons \u00e9t\u00e9 oblig\u00e9s d&rsquo;utiliser le drone. Il se situe au point kilom\u00e9trique 539,7, au sud du tunnel de la Garde pr\u00e8s de Pont Gibert, commune de Saint-B\u00e9rain. Il semble que les travaux de purge des \u00e9l\u00e9ments pr\u00eats \u00e0 tomber n&rsquo;aient pas \u00e9t\u00e9 entam\u00e9s ni le d\u00e9gagement de ces roches, contrairement aux affirmations de SNCF R\u00e9seau qui diffusait que<em> \u00ab\u00a0Depuis vendredi, les \u00e9quipes sont \u00e0 pied d&rsquo;\u0153uvre pour r\u00e9tablir la situation\u00a0\u00bb<\/em>.<br \/>\n&nbsp;<br \/>\nEn fait ils se seraient content\u00e9s de prendre quelques vues en drone et r\u00e9aliseraient ou feraient r\u00e9aliser <em>\u00ab\u00a0<strong>une \u00e9tude des risques d&rsquo;intervention<\/strong>\u00ab\u00a0<\/em>  selon un expert ferroviaire bien inform\u00e9. Histoire de voir si cela vaut le coup de prendre la responsabilit\u00e9 de faire les travaux et pourquoi pas s&rsquo;ils sont jug\u00e9s trop audacieux, de fermer la ligne. Une crainte que nous avons chaque fois qu&rsquo;un \u00e9v\u00e9nement de cet ordre se produit.<br \/>\n&nbsp;<br \/>\n<img loading=\"lazy\" decoding=\"async\" class=\" aligncenter size-full wp-image-4843\" src=\"http:\/\/5.45.101.177\/haut-allier\/usagers-transportse\/wp-content\/uploads\/2023\/12\/visualisation-cartographique-geoportail.jpg\" alt=\"visualisation-cartographique-geoportail.jpg\" align=\"center\" width=\"1019\" height=\"558\" srcset=\"https:\/\/usagers-transports.haut-allier.eu\/wp-content\/uploads\/2023\/12\/visualisation-cartographique-geoportail.jpg 1019w, https:\/\/usagers-transports.haut-allier.eu\/wp-content\/uploads\/2023\/12\/visualisation-cartographique-geoportail-300x164.jpg 300w, https:\/\/usagers-transports.haut-allier.eu\/wp-content\/uploads\/2023\/12\/visualisation-cartographique-geoportail-768x421.jpg 768w\" sizes=\"auto, (max-width: 1019px) 100vw, 1019px\" \/><br \/>\n&nbsp;<br \/>\nEn tous cas on comprend maintenant que si les travaux s&rsquo;entreprennent le r\u00e9tablissement ne pourra se faire avant le d\u00e9but de la campagne de r\u00e9novation pr\u00e9vue mi f\u00e9vrier prochain.<br \/>\n&nbsp;<br \/>\nA quoi bon faire au plus vite et rouvrir rapidement pour quelques usagers auvergnats ou pas.<br \/>\n&nbsp;<br \/>\nLa vid\u00e9o :<br \/>\n&nbsp;<br \/>\n<center><br \/>\n<iframe loading=\"lazy\" width=\"560\" height=\"315\" src=\"https:\/\/www.youtube.com\/embed\/LXA50XpyVMU?si=S-gTmaZkn-s496p0\" title=\"YouTube video player\" frameborder=\"0\" allow=\"accelerometer; autoplay; clipboard-write; encrypted-media; gyroscope; picture-in-picture; web-share\" allowfullscreen><\/iframe><br \/>\n<\/center><br \/>\n&nbsp;<br \/>\nEt notre tweet inquiet :<br \/>\n&nbsp;<br \/>\n<img loading=\"lazy\" decoding=\"async\" class=\" aligncenter size-full wp-image-4844\" src=\"http:\/\/5.45.101.177\/haut-allier\/usagers-transportse\/wp-content\/uploads\/2023\/12\/xfonction.jpg\" alt=\"xfonction.jpg\" align=\"center\" width=\"588\" height=\"579\" srcset=\"https:\/\/usagers-transports.haut-allier.eu\/wp-content\/uploads\/2023\/12\/xfonction.jpg 588w, https:\/\/usagers-transports.haut-allier.eu\/wp-content\/uploads\/2023\/12\/xfonction-300x295.jpg 300w\" sizes=\"auto, (max-width: 588px) 100vw, 588px\" \/><br \/>\n&nbsp;<br \/>\n<strong>[MAJ du 28 d\u00e9cembre 2023]<\/strong><br \/>\n&nbsp;<br \/>\nSNCF R\u00e9seau vient de communiquer et de pr\u00e9ciser son calendrier :<\/p>\n<blockquote class=\"twitter-tweet\">\n<p lang=\"fr\" dir=\"ltr\">&#128312;Les travaux de remise en \u00e9tat li\u00e9s \u00e0 l\u2019\u00e9boulement du 15\/12, vers Monistrol d&#39;Allier dureront jusqu&#39;au 09\/02<\/p>\n<p> &#128312;Les travaux pr\u00e9vus de r\u00e9g\u00e9n\u00e9ration de voies sur l&#39;axe Clermont&lt;&gt;N\u00eemes d\u00e9buteront le 10\/02<\/p>\n<p>&#128312;R\u00e9ouverture pr\u00e9vue par SNCF R\u00e9seau le 25\/05\/24<\/p>\n<p>&#128187;<a href=\"https:\/\/t.co\/AYJpbTRJyS\">https:\/\/t.co\/AYJpbTRJyS<\/a> <a href=\"https:\/\/t.co\/ad6z2HtgKZ\">pic.twitter.com\/ad6z2HtgKZ<\/a><\/p>\n<p>&mdash; SNCF TER AURA (@SNCFTERAURA) <a href=\"https:\/\/twitter.com\/SNCFTERAURA\/status\/1740440588015853894?ref_src=twsrc%5Etfw\">December 28, 2023<\/a><\/p><\/blockquote>\n<p> <script async src=\"https:\/\/platform.twitter.com\/widgets.js\" charset=\"utf-8\"><\/script><br \/>\n&nbsp;<br \/>\n<strong>Dans la presse :<br \/>\n<\/strong><br \/>\n&nbsp;<br \/>\n&#8211; Zoom d&rsquo;ici du 28 d\u00e9cembre 2023 : <a href=\"https:\/\/www.zoomdici.fr\/actualite\/la-video-de-leboulement-sur-le-reseau-ferre-vers-langeac\"><em>La vid\u00e9o de l&rsquo;\u00e9boulement sur le r\u00e9seau ferr\u00e9 vers Langeac<\/em><\/a><br \/>\n&nbsp;<br \/>\n<img loading=\"lazy\" decoding=\"async\" class=\" aligncenter size-full wp-image-4845\" src=\"http:\/\/5.45.101.177\/haut-allier\/usagers-transportse\/wp-content\/uploads\/2023\/12\/la-video-de-l-eboulement-sur-le-reseau-ferre-vers-langeac.jpg\" alt=\"la-video-de-l-eboulement-sur-le-reseau-ferre-vers-langeac.jpg\" align=\"center\" width=\"1001\" height=\"2210\" srcset=\"https:\/\/usagers-transports.haut-allier.eu\/wp-content\/uploads\/2023\/12\/la-video-de-l-eboulement-sur-le-reseau-ferre-vers-langeac.jpg 1001w, https:\/\/usagers-transports.haut-allier.eu\/wp-content\/uploads\/2023\/12\/la-video-de-l-eboulement-sur-le-reseau-ferre-vers-langeac-136x300.jpg 136w, https:\/\/usagers-transports.haut-allier.eu\/wp-content\/uploads\/2023\/12\/la-video-de-l-eboulement-sur-le-reseau-ferre-vers-langeac-464x1024.jpg 464w, https:\/\/usagers-transports.haut-allier.eu\/wp-content\/uploads\/2023\/12\/la-video-de-l-eboulement-sur-le-reseau-ferre-vers-langeac-768x1696.jpg 768w, https:\/\/usagers-transports.haut-allier.eu\/wp-content\/uploads\/2023\/12\/la-video-de-l-eboulement-sur-le-reseau-ferre-vers-langeac-696x1536.jpg 696w, https:\/\/usagers-transports.haut-allier.eu\/wp-content\/uploads\/2023\/12\/la-video-de-l-eboulement-sur-le-reseau-ferre-vers-langeac-928x2048.jpg 928w\" sizes=\"auto, (max-width: 1001px) 100vw, 1001px\" \/><br \/>\n&nbsp;<br \/>\n&#8211; Zoom d&rsquo;ici du 29 d\u00e9cembre 2023 : <a href=\"https:\/\/www.zoomdici.fr\/actualite\/monistrol-dallier-le-degagement-de-la-voie-ferree-bien-debute\"><em>Le d\u00e9gagement de la voie ferr\u00e9e a bien d\u00e9but\u00e9<\/em><\/a><br \/>\n&nbsp;<br \/>\nLe titre est trompeur. O\u00f9 l&rsquo;on apprend que le maire de Monistrol s&rsquo;est rendu sur place le mercredi 27 pour faire des photos, deux jours apr\u00e8s notre billet. Et il a pu constater des <em>\u00ab\u00a0traces\u00a0\u00bb<\/em> d&rsquo;une pr\u00e9sence humaine sur le chantier d\u00e9sert : une corde abandonn\u00e9e et de la peinture.<br \/>\n&nbsp;<br \/>\n<strong>Parions que notre petit article et notre vid\u00e9o auront fait leur effet&#8230;<\/strong><br \/>\n&nbsp;<br \/>\nQuant au fait que l&rsquo;\u00e9dile se fasse \u00ab\u00a0<em>le d\u00e9fenseur<\/em>\u00a0\u00bb de SNCF R\u00e9seau vis-\u00e0-vis de \u00ab\u00a0<em>nos accusations<\/em>\u00a0\u00bb si \u00e7a l&rsquo;amuse. Monsieur le Maire se dit <em>combattant pour que la ligne des C\u00e9vennes perdure<\/em>. Formidable. Nous ne le connaissions pas sous cet angle. Nous confirmons par contre son absence syst\u00e9matique et remarqu\u00e9e \u00e0 toutes les manifestations de d\u00e9fense et les \u00e9v\u00e9nements organis\u00e9s ces derni\u00e8res ann\u00e9es. A tous sans exception.<br \/>\n&nbsp;<br \/>\n<strong>Quant au Collectif il se r\u00e9jouit de la bonne prise en compte apparente de la part l&rsquo;op\u00e9rateur ferroviaire. Surtout du calendrier des travaux \u00e9voqu\u00e9 plus haut par SNCF TER AuRA dans son tweet. Nos craintes s&rsquo;\u00e9loignent. Bien loin de nous la critique syst\u00e9matique. Pour le service \u00e0 tous, bien entendu. Rien d&rsquo;autre. Si les travaux de r\u00e9habilitation se terminent comme annonc\u00e9 le 9 f\u00e9vrier, le traitement de l&rsquo;incident aura \u00e9t\u00e9 quand m\u00eame fort rapide.<\/strong><br \/>\n&nbsp;<br \/>\n<strong>Comptez sur nous en tous cas pour continuer la surveillance du chantier comme nous le faisons d&rsquo;habitude.<\/strong><br \/>\n&nbsp;<br \/>\n<img loading=\"lazy\" decoding=\"async\" class=\" aligncenter size-full wp-image-4846\" src=\"http:\/\/5.45.101.177\/haut-allier\/usagers-transportse\/wp-content\/uploads\/2023\/12\/monistrol-d-allier-_-scaled.jpg\" alt=\"monistrol-d-allier-_.jpg\" align=\"center\" width=\"817\" height=\"2560\" srcset=\"https:\/\/usagers-transports.haut-allier.eu\/wp-content\/uploads\/2023\/12\/monistrol-d-allier-_-scaled.jpg 817w, https:\/\/usagers-transports.haut-allier.eu\/wp-content\/uploads\/2023\/12\/monistrol-d-allier-_-96x300.jpg 96w, https:\/\/usagers-transports.haut-allier.eu\/wp-content\/uploads\/2023\/12\/monistrol-d-allier-_-327x1024.jpg 327w, https:\/\/usagers-transports.haut-allier.eu\/wp-content\/uploads\/2023\/12\/monistrol-d-allier-_-768x2406.jpg 768w, https:\/\/usagers-transports.haut-allier.eu\/wp-content\/uploads\/2023\/12\/monistrol-d-allier-_-490x1536.jpg 490w, https:\/\/usagers-transports.haut-allier.eu\/wp-content\/uploads\/2023\/12\/monistrol-d-allier-_-654x2048.jpg 654w\" sizes=\"auto, (max-width: 817px) 100vw, 817px\" \/><br \/>\n&nbsp;<\/p>\n","protected":false},"excerpt":{"rendered":"<p>Voici notre vid\u00e9o 4K de la chute de rochers sur la voie ferroviaire N\u00eemes Clermont-Ferrand 10 jours apr\u00e8s.<\/p>\n","protected":false},"author":1,"featured_media":4842,"comment_status":"closed","ping_status":"open","sticky":false,"template":"","format":"standard","meta":{"footnotes":""},"categories":[3],"tags":[],"class_list":["post-1056","post","type-post","status-publish","format-standard","has-post-thumbnail","hentry","category-en-train"],"_links":{"self":[{"href":"https:\/\/usagers-transports.haut-allier.eu\/index.php\/wp-json\/wp\/v2\/posts\/1056","targetHints":{"allow":["GET"]}}],"collection":[{"href":"https:\/\/usagers-transports.haut-allier.eu\/index.php\/wp-json\/wp\/v2\/posts"}],"about":[{"href":"https:\/\/usagers-transports.haut-allier.eu\/index.php\/wp-json\/wp\/v2\/types\/post"}],"author":[{"embeddable":true,"href":"https:\/\/usagers-transports.haut-allier.eu\/index.php\/wp-json\/wp\/v2\/users\/1"}],"replies":[{"embeddable":true,"href":"https:\/\/usagers-transports.haut-allier.eu\/index.php\/wp-json\/wp\/v2\/comments?post=1056"}],"version-history":[{"count":0,"href":"https:\/\/usagers-transports.haut-allier.eu\/index.php\/wp-json\/wp\/v2\/posts\/1056\/revisions"}],"wp:featuredmedia":[{"embeddable":true,"href":"https:\/\/usagers-transports.haut-allier.eu\/index.php\/wp-json\/wp\/v2\/media\/4842"}],"wp:attachment":[{"href":"https:\/\/usagers-transports.haut-allier.eu\/index.php\/wp-json\/wp\/v2\/media?parent=1056"}],"wp:term":[{"taxonomy":"category","embeddable":true,"href":"https:\/\/usagers-transports.haut-allier.eu\/index.php\/wp-json\/wp\/v2\/categories?post=1056"},{"taxonomy":"post_tag","embeddable":true,"href":"https:\/\/usagers-transports.haut-allier.eu\/index.php\/wp-json\/wp\/v2\/tags?post=1056"}],"curies":[{"name":"wp","href":"https:\/\/api.w.org\/{rel}","templated":true}]}}