{"id":1058,"date":"2024-01-05T09:44:36","date_gmt":"2024-01-05T08:44:36","guid":{"rendered":"http:\/\/5.45.101.177\/haut-allier\/usagers-transportse\/index.php\/2024\/01\/05\/trains-de-nuit-annonces-de-sncf1058\/"},"modified":"2024-01-05T09:44:36","modified_gmt":"2024-01-05T08:44:36","slug":"trains-de-nuit-annonces-de-sncf1058","status":"publish","type":"post","link":"https:\/\/usagers-transports.haut-allier.eu\/index.php\/2024\/01\/05\/trains-de-nuit-annonces-de-sncf1058\/","title":{"rendered":"Trains de nuit : Annonces de SNCF Voyageurs concernant les Paris Aurillac et Rodez"},"content":{"rendered":"<p>Face \u00e0 la bronca de la presse et des usagers concernant le tr\u00e8s mauvais fonctionnement de la nouvelle ligne de train de nuit Paris Aurillac, \u00e0 laquelle il faut ajouter les autres, la ligne Paris Rodez, la ligne Paris Brian\u00e7on qui subissent toutes avaries et suppressions voire remplacements par des bus, Intercit\u00e9s par la voix d&rsquo; Amandine Thomas-Commin sa directrice tente de r\u00e9agir sur les r\u00e9seaux et les m\u00e9dias&#8230;<\/p>\n<p>Ici sur France Bleu Pays d&rsquo;Auvergne ce 5 janvier \u00e0 7h45 :<\/p>\n<p> <a href=\"http:\/\/5.45.101.177\/haut-allier\/usagers-transportse\/wp-content\/uploads\/2024\/01\/15343-05.01.2024-itema_23604278-2024b20624s0005-21.mp3\">L&rsquo;invit\u00e9 de la Matinale<\/a><\/p>\n<p>SNCF Voyageurs  de son c\u00f4t\u00e9 vient de communiquer \u00e0 la presse et aux organisations d&rsquo;usagers son plan de circulation pour les jours \u00e0 venir pour Paris Aurillac \/ Rodez&#8230;<\/p>\n<p><img loading=\"lazy\" decoding=\"async\" class=\" aligncenter size-full wp-image-4849\" src=\"http:\/\/5.45.101.177\/haut-allier\/usagers-transportse\/wp-content\/uploads\/2024\/01\/tdnparo1.jpg\" alt=\"tdnparo1.jpg\" align=\"center\" width=\"1096\" height=\"604\" srcset=\"https:\/\/usagers-transports.haut-allier.eu\/wp-content\/uploads\/2024\/01\/tdnparo1.jpg 1096w, https:\/\/usagers-transports.haut-allier.eu\/wp-content\/uploads\/2024\/01\/tdnparo1-300x165.jpg 300w, https:\/\/usagers-transports.haut-allier.eu\/wp-content\/uploads\/2024\/01\/tdnparo1-1024x564.jpg 1024w, https:\/\/usagers-transports.haut-allier.eu\/wp-content\/uploads\/2024\/01\/tdnparo1-768x423.jpg 768w\" sizes=\"auto, (max-width: 1096px) 100vw, 1096px\" \/><\/p>\n<p><img loading=\"lazy\" decoding=\"async\" class=\" aligncenter size-full wp-image-4850\" src=\"http:\/\/5.45.101.177\/haut-allier\/usagers-transportse\/wp-content\/uploads\/2024\/01\/tdnparo2.jpg\" alt=\"tdnparo2.jpg\" align=\"center\" width=\"1090\" height=\"605\" srcset=\"https:\/\/usagers-transports.haut-allier.eu\/wp-content\/uploads\/2024\/01\/tdnparo2.jpg 1090w, https:\/\/usagers-transports.haut-allier.eu\/wp-content\/uploads\/2024\/01\/tdnparo2-300x167.jpg 300w, https:\/\/usagers-transports.haut-allier.eu\/wp-content\/uploads\/2024\/01\/tdnparo2-1024x568.jpg 1024w, https:\/\/usagers-transports.haut-allier.eu\/wp-content\/uploads\/2024\/01\/tdnparo2-768x426.jpg 768w\" sizes=\"auto, (max-width: 1090px) 100vw, 1090px\" \/><\/p>\n<p>Le PDF complet :<\/p>\n<p><a href=\"http:\/\/5.45.101.177\/haut-allier\/usagers-transportse\/wp-content\/uploads\/2024\/01\/231207_pta_tdn_paris_rodez_albi_aurillac_decembre2023_mars2024-2.pdf\">231207_pta_tdn_paris_rodez_albi_aurillac_decembre2023_mars2024-2.pdf<\/a><\/p>\n<p>La pr\u00e9sidente de la r\u00e9gion Occitanie <a href=\"https:\/\/usagers-transports.haut-allier.eu\/?train-de-nuit-paris-clermont,1055\"><em>vient d&rsquo;\u00e9crire au ministre<\/em><\/a> Cl\u00e9ment Beaune pour lui demander des mesures et notamment le remplacement de la desserte d&rsquo;Aurillac par Clermont \u00e0 l&rsquo;aide d&rsquo;un train tribranches vers \u00e9galement Millau &#8211; B\u00e9ziers et Al\u00e8s &#8211; N\u00eemes. La quasi totalit\u00e9 des organisations d&rsquo;usagers r\u00e9clament ce retour dans les m\u00eames termes.<\/p>\n<p>La presse est unanime :<\/p>\n<p>&#8211; <a href=\"https:\/\/www.francebleu.fr\/infos\/transports\/train-de-nuit-aurillac-paris-la-directrice-d-intercites-annonce-un-retour-a-la-normale-des-ce-week-end-2376626\">Train de nuit Aurillac-Paris : la directrice d&rsquo;Intercit\u00e9s annonce un retour \u00e0 la normale d\u00e8s ce week-end<\/a> (France Bleu)<br \/>\n&#8211; <a href=\"https:\/\/www.bfmtv.com\/economie\/entreprises\/transports\/panne-annulations-la-desillusion-des-passagers-du-train-de-nuit-paris-aurillac_AV-202401040573.html\">Pannes, annulations\u2026 La d\u00e9sillusion des passagers du train de nuit Paris-Aurillac<\/a> (BFMTV)<br \/>\n&#8211; <a href=\"https:\/\/www.francetvinfo.fr\/replay-jt\/france-2\/13-heures\/sncf-le-train-de-nuit-paris-aurillac-n-est-pas-au-rendez-vous_6282225.html\">SNCF : le train de nuit Paris-Aurillac n&rsquo;est pas au rendez-vous<\/a>  (France info)<br \/>\n&#8211; <a href=\"https:\/\/www.lavoixdunord.fr\/1415343\/article\/2024-01-04\/pannes-suppressions-la-relance-du-train-de-nuit-entre-paris-et-aurillac-ne-se\">Pannes, suppressions : la relance du train de nuit entre Paris et Aurillac ne se passe pas &#8230;<\/a> (La Voix du Nord)<br \/>\n&#8211; etc.<\/p>\n","protected":false},"excerpt":{"rendered":"<p>Face \u00e0 la bronca de la presse et des usagers concernant le tr\u00e8s mauvais fonctionnement de la nouvelle<\/p>\n","protected":false},"author":1,"featured_media":4852,"comment_status":"closed","ping_status":"open","sticky":false,"template":"","format":"standard","meta":{"footnotes":""},"categories":[3],"tags":[],"class_list":["post-1058","post","type-post","status-publish","format-standard","has-post-thumbnail","hentry","category-en-train"],"_links":{"self":[{"href":"https:\/\/usagers-transports.haut-allier.eu\/index.php\/wp-json\/wp\/v2\/posts\/1058","targetHints":{"allow":["GET"]}}],"collection":[{"href":"https:\/\/usagers-transports.haut-allier.eu\/index.php\/wp-json\/wp\/v2\/posts"}],"about":[{"href":"https:\/\/usagers-transports.haut-allier.eu\/index.php\/wp-json\/wp\/v2\/types\/post"}],"author":[{"embeddable":true,"href":"https:\/\/usagers-transports.haut-allier.eu\/index.php\/wp-json\/wp\/v2\/users\/1"}],"replies":[{"embeddable":true,"href":"https:\/\/usagers-transports.haut-allier.eu\/index.php\/wp-json\/wp\/v2\/comments?post=1058"}],"version-history":[{"count":0,"href":"https:\/\/usagers-transports.haut-allier.eu\/index.php\/wp-json\/wp\/v2\/posts\/1058\/revisions"}],"wp:featuredmedia":[{"embeddable":true,"href":"https:\/\/usagers-transports.haut-allier.eu\/index.php\/wp-json\/wp\/v2\/media\/4852"}],"wp:attachment":[{"href":"https:\/\/usagers-transports.haut-allier.eu\/index.php\/wp-json\/wp\/v2\/media?parent=1058"}],"wp:term":[{"taxonomy":"category","embeddable":true,"href":"https:\/\/usagers-transports.haut-allier.eu\/index.php\/wp-json\/wp\/v2\/categories?post=1058"},{"taxonomy":"post_tag","embeddable":true,"href":"https:\/\/usagers-transports.haut-allier.eu\/index.php\/wp-json\/wp\/v2\/tags?post=1058"}],"curies":[{"name":"wp","href":"https:\/\/api.w.org\/{rel}","templated":true}]}}