{"id":1059,"date":"2024-01-07T09:32:20","date_gmt":"2024-01-07T08:32:20","guid":{"rendered":"http:\/\/5.45.101.177\/haut-allier\/usagers-transportse\/index.php\/2024\/01\/07\/ligne-paris-orleans-limoges1059\/"},"modified":"2024-01-07T09:32:20","modified_gmt":"2024-01-07T08:32:20","slug":"ligne-paris-orleans-limoges1059","status":"publish","type":"post","link":"https:\/\/usagers-transports.haut-allier.eu\/index.php\/2024\/01\/07\/ligne-paris-orleans-limoges1059\/","title":{"rendered":"Ligne Paris Orl\u00e9ans Limoges Toulouse : manifestation monstre le 27\/01 \u00e0 Gourdon [MAJ] et le 13\/01 \u00e0 Figeac"},"content":{"rendered":"<p>Urgence ligne POLT appelle \u00e0 un \u00ab\u00a0redressement\u00a0\u00bb urgent  du syst\u00e8me ferroviaire fran\u00e7ais, en particulier concernant cette ligne qui longe le massif central \u00e0 l&rsquo;ouest, sur les trajets Intercit\u00e9s diurnes et nocturnes, devenus compl\u00e8tement d\u00e9grad\u00e9s du fait d&rsquo;un manque cruel de moyens dont bien s\u00fbr la Ligne Paris &#8211; Orl\u00e9ans &#8211; Vierzon &#8211; Ch\u00e2teauroux &#8211; La Souterraine &#8211; Limoges- Uzerche &#8211; Brive &#8211; Souillac &#8211; Gourdon &#8211; Cahors &#8211; Caussade &#8211; Montauban -Toulouse, les lignes de nuit Paris- St Denis les Martel- Rocamadour \/ Padirac &#8211; Gramat &#8211; Assier &#8211; Figeac &#8211; Cadenac &#8211; Rodez &#8211; Albi (1) et  Paris -St Denis les Martel &#8211; Bretenoux \/ Biars &#8211; Laroquebrou &#8211; Aurillac et concernant pour partie une organisation beaucoup trop segment\u00e9e de la SNCF qui ne fait que diluer les responsabilit\u00e9s et retarder les prises de d\u00e9cisions.<br \/>\n&nbsp;<br \/>\nAinsi par exemple entre le 20\/11\/2023 et le 08\/01\/2024 soit sur 1 mois et demi environ, 100 trains Intercit\u00e9s ont \u00e9t\u00e9 supprim\u00e9s sur l&rsquo;axe POLT, sans compter les incidences sur la circulation des trains de nuit et notamment la relation Paris &#8211; Figeac-Rodez- Albi  et Paris- Bretenoux \/ Biars &#8211; Aurillac  ainsi que  les r\u00e9ductions de compositions de rames dans les circulations restantes diminuant les possibilit\u00e9s de r\u00e9servation et donc de d\u00e9placement pour les voyageurs.<br \/>\n&nbsp;<br \/>\n<strong>Aussi l&rsquo;association appelle \u00e0 un rassemblement monstre ce samedi 27 janvier prochain \u00e0 Gourdon (Lot) \u00e0 11h00 en gare SNCF. <\/strong><br \/>\n&nbsp;<br \/>\nNous y serons.<br \/>\n&nbsp;<br \/>\n<strong>Il est \u00e9galement appel\u00e9 \u00e0 une manifestation ce samedi 13 janvier \u00e0 11h30 devant la gare de Figeac.<\/strong><br \/>\n&nbsp;<br \/>\nVoici son communiqu\u00e9 complet :<br \/>\n&nbsp;<br \/>\n<img loading=\"lazy\" decoding=\"async\" class=\" aligncenter size-full wp-image-4854\" src=\"http:\/\/5.45.101.177\/haut-allier\/usagers-transportse\/wp-content\/uploads\/2024\/01\/manifpolt3-00.jpg\" alt=\"manifpolt3-00.jpg\" align=\"center\" width=\"826\" height=\"1169\" srcset=\"https:\/\/usagers-transports.haut-allier.eu\/wp-content\/uploads\/2024\/01\/manifpolt3-00.jpg 826w, https:\/\/usagers-transports.haut-allier.eu\/wp-content\/uploads\/2024\/01\/manifpolt3-00-212x300.jpg 212w, https:\/\/usagers-transports.haut-allier.eu\/wp-content\/uploads\/2024\/01\/manifpolt3-00-724x1024.jpg 724w, https:\/\/usagers-transports.haut-allier.eu\/wp-content\/uploads\/2024\/01\/manifpolt3-00-768x1087.jpg 768w\" sizes=\"auto, (max-width: 826px) 100vw, 826px\" \/><\/p>\n<p><img loading=\"lazy\" decoding=\"async\" class=\" aligncenter size-full wp-image-4855\" src=\"http:\/\/5.45.101.177\/haut-allier\/usagers-transportse\/wp-content\/uploads\/2024\/01\/manifpolt3-01.jpg\" alt=\"manifpolt3-01.jpg\" align=\"center\" width=\"826\" height=\"1169\" srcset=\"https:\/\/usagers-transports.haut-allier.eu\/wp-content\/uploads\/2024\/01\/manifpolt3-01.jpg 826w, https:\/\/usagers-transports.haut-allier.eu\/wp-content\/uploads\/2024\/01\/manifpolt3-01-212x300.jpg 212w, https:\/\/usagers-transports.haut-allier.eu\/wp-content\/uploads\/2024\/01\/manifpolt3-01-724x1024.jpg 724w, https:\/\/usagers-transports.haut-allier.eu\/wp-content\/uploads\/2024\/01\/manifpolt3-01-768x1087.jpg 768w\" sizes=\"auto, (max-width: 826px) 100vw, 826px\" \/><\/p>\n","protected":false},"excerpt":{"rendered":"<p>Urgence ligne POLT appelle \u00e0 un \u00ab\u00a0redressement\u00a0\u00bb urgent du syst\u00e8me ferroviaire fran\u00e7ais, en particulier concernant cette ligne qui<\/p>\n","protected":false},"author":1,"featured_media":4853,"comment_status":"closed","ping_status":"open","sticky":false,"template":"","format":"standard","meta":{"footnotes":""},"categories":[5],"tags":[],"class_list":["post-1059","post","type-post","status-publish","format-standard","has-post-thumbnail","hentry","category-ensemble"],"_links":{"self":[{"href":"https:\/\/usagers-transports.haut-allier.eu\/index.php\/wp-json\/wp\/v2\/posts\/1059","targetHints":{"allow":["GET"]}}],"collection":[{"href":"https:\/\/usagers-transports.haut-allier.eu\/index.php\/wp-json\/wp\/v2\/posts"}],"about":[{"href":"https:\/\/usagers-transports.haut-allier.eu\/index.php\/wp-json\/wp\/v2\/types\/post"}],"author":[{"embeddable":true,"href":"https:\/\/usagers-transports.haut-allier.eu\/index.php\/wp-json\/wp\/v2\/users\/1"}],"replies":[{"embeddable":true,"href":"https:\/\/usagers-transports.haut-allier.eu\/index.php\/wp-json\/wp\/v2\/comments?post=1059"}],"version-history":[{"count":0,"href":"https:\/\/usagers-transports.haut-allier.eu\/index.php\/wp-json\/wp\/v2\/posts\/1059\/revisions"}],"wp:featuredmedia":[{"embeddable":true,"href":"https:\/\/usagers-transports.haut-allier.eu\/index.php\/wp-json\/wp\/v2\/media\/4853"}],"wp:attachment":[{"href":"https:\/\/usagers-transports.haut-allier.eu\/index.php\/wp-json\/wp\/v2\/media?parent=1059"}],"wp:term":[{"taxonomy":"category","embeddable":true,"href":"https:\/\/usagers-transports.haut-allier.eu\/index.php\/wp-json\/wp\/v2\/categories?post=1059"},{"taxonomy":"post_tag","embeddable":true,"href":"https:\/\/usagers-transports.haut-allier.eu\/index.php\/wp-json\/wp\/v2\/tags?post=1059"}],"curies":[{"name":"wp","href":"https:\/\/api.w.org\/{rel}","templated":true}]}}