{"id":106,"date":"2014-06-06T06:50:00","date_gmt":"2014-06-06T04:50:00","guid":{"rendered":"http:\/\/5.45.101.177\/haut-allier\/usagers-transportse\/index.php\/2014\/06\/06\/defaillante-sncf-les-haltes-d106\/"},"modified":"2026-09-01T15:53:19","modified_gmt":"2026-09-01T13:53:19","slug":"defaillante-sncf-les-haltes-d106","status":"publish","type":"post","link":"https:\/\/usagers-transports.haut-allier.eu\/index.php\/2014\/06\/06\/defaillante-sncf-les-haltes-d106\/","title":{"rendered":"D\u00e9faillante SNCF : les haltes d&rsquo;Auvergne abandonn\u00e9es. Ultimatum des Usagers pour celle d&rsquo;Alleyras [MAJ]"},"content":{"rendered":"[(\n[Mise \u00e0 jour du 6 juin]\nSNCF Auvergne vient de nous r\u00e9pondre, confirmant ce qui avait \u00e9t\u00e9 dit dans la presse, notamment sur le rafraichissement de l&rsquo;aubette qui aura lieu cet \u00e9t\u00e9. Dont acte. Voici la lettre. On attend toujours un syst\u00e8me d&rsquo;infos des retards en temps r\u00e9el et un changement des lampadaires tr\u00e8s v\u00e9tustes et indignes d&rsquo;un site capital des Gorges du Haut-Allier au centre du futur parc r\u00e9gional. \n\n<img decoding=\"async\" src=\"IMG\/jpg\/reponse-sncf-ter-auvergne-du-05-juin-2014.jpg\" alt=\"r\u00e9ponse SNCF TER du 5 juin 2014\" title=\"r\u00e9ponse SNCF TER du 5 juin 2014\" class=\"caption\" data-description=\"r\u00e9ponse SNCF TER du 5 juin 2014\" align=\"center\" \/>\n\n)]\n\n[(\n[Mise \u00e0 jour du 20 janvier]\nPlein de r\u00e9ponses au probl\u00e8me dans la page de la Montagne parue ce jour en bas de page.\n)]\n\n&nbsp;\n[Article du 9 janvier 2014]\n&nbsp;\nT\u00e9moin de l&rsquo;abandon des usagers de la part de la soci\u00e9t\u00e9 dite ferroviaire : sur la ligne des C\u00e9vennes, dans les gorges de l&rsquo;Allier, zoomons par exemple sur une gare &#8211; halte, elles sont toutes g\u00e9r\u00e9es par la SNCF, celle d&rsquo;Alleyras, entre Chapeauroux \/ Le Nouveau Monde et Monistrol d&rsquo;Allier. Ces deux derni\u00e8res disposant chacune d&rsquo;une gare voyageurs bien entretenue, avec guichet, une \u00e9quipe d&rsquo;agents SNCF et de panneaux clairs d&rsquo;information, \n&nbsp;\n<strong>Ce n&rsquo;est pas le cas d&rsquo;Alleyras.<\/strong> Sauv\u00e9e in extremis de fermeture par notre collectif il y a quatre ans, elle b\u00e9n\u00e9ficie d\u00e9sormais de 4 arr\u00eats des trains r\u00e9gionaux Auvergne  par jour, comme ses voisines de Chapeauroux et Monistrol, mais l&rsquo;\u00e9tat de sa halte est compl\u00e8tement laiss\u00e9 \u00e0 l&rsquo;abandon. Elle ne dispose d&rsquo;aucun personnel sauf des agents qui viennent faire \u00ab\u00a0un tour\u00a0\u00bb dans les gorges presque quotidiennement pourtant, Jugez plut\u00f4t :\n&nbsp;\n&#8211; <strong>Aucun panneau d&rsquo;affichage des d\u00e9parts et arriv\u00e9es en temps r\u00e9el<\/strong>, pourtant essentiel pour \u00eatre inform\u00e9 des retards et ils sont malheureusement nombreux. Si l&rsquo;on s&rsquo;inqui\u00e8te il faudra trouver un esp\u00e8ce de poteau gris avec une machine diabolique appel\u00e9e t\u00e9l\u00e9phone dont il faudra soulever le cornet, sans se faire piquer par l&rsquo;essaim de gu\u00eapes qui y niche souvent, puis tourner la manivelle pour appeler on ne sait qui, rentrer la t\u00eate au niveau du combin\u00e9 fixe attach\u00e9 au poteau, puis demander le renseignement voulu. En g\u00e9n\u00e9ral : est-ce que le train que j&rsquo;attends passera ? s&rsquo;agit-il d&rsquo;un retard ou est-il annul\u00e9 ? Tout ceci est ubuesque. Pire, le soir il n&rsquo;y a souvent pas d&rsquo;\u00e9clairage, ni du papier qui sert d&rsquo;information, ni de la machine vermoulue qui fait office de t\u00e9l\u00e9phone.\n\n<img loading=\"lazy\" decoding=\"async\" class=\" aligncenter size-full wp-image-1553\" src=\"http:\/\/5.45.101.177\/haut-allier\/usagers-transportse\/wp-content\/uploads\/2014\/06\/090120142363.jpg\" alt=\"090120142363.jpg\" align=\"center\" width=\"800\" height=\"600\" srcset=\"https:\/\/usagers-transports.haut-allier.eu\/wp-content\/uploads\/2014\/06\/090120142363.jpg 800w, https:\/\/usagers-transports.haut-allier.eu\/wp-content\/uploads\/2014\/06\/090120142363-300x225.jpg 300w, https:\/\/usagers-transports.haut-allier.eu\/wp-content\/uploads\/2014\/06\/090120142363-768x576.jpg 768w\" sizes=\"auto, (max-width: 800px) 100vw, 800px\" \/>\n<em>L&rsquo;appareil dangereusement moisi qu&rsquo;il ne faudra pas h\u00e9siter \u00e0 manoeuvrer pour s&rsquo;informer<\/em>\n&nbsp;\n&#8211; <strong>Aucun message d&rsquo;information sonore par haut-parleurs<\/strong> non plus bien entendu. Pas de syst\u00e8me de sonorisation ici. Sans doute pour la tranquillit\u00e9 des voisins.\n\n&#8211; <strong>A la tomb\u00e9e du jour, l&rsquo;hiver vers 17h, aucun \u00e9clairage<\/strong> pr\u00e9vu ni pour le papier \u00ab\u00a0d&rsquo;information\u00a0\u00bb, ni le renfoncement avec banc qui fait office d&rsquo;abri pour les voyageurs, et maintenant plus du tout de lumi\u00e8re sur les quais, les trois lampadaires sont en panne. Quand ils ne le sont pas, \u00e7a clignote toute la nuit. Les usagers qui arrivent ou qui partent d&rsquo;Alleyras appr\u00e9cient l&rsquo;accueil.\n\n<img loading=\"lazy\" decoding=\"async\" class=\" aligncenter size-full wp-image-1554\" src=\"http:\/\/5.45.101.177\/haut-allier\/usagers-transportse\/wp-content\/uploads\/2014\/06\/090120142376.jpg\" alt=\"090120142376.jpg\" align=\"center\" width=\"800\" height=\"600\" srcset=\"https:\/\/usagers-transports.haut-allier.eu\/wp-content\/uploads\/2014\/06\/090120142376.jpg 800w, https:\/\/usagers-transports.haut-allier.eu\/wp-content\/uploads\/2014\/06\/090120142376-300x225.jpg 300w, https:\/\/usagers-transports.haut-allier.eu\/wp-content\/uploads\/2014\/06\/090120142376-768x576.jpg 768w\" sizes=\"auto, (max-width: 800px) 100vw, 800px\" \/>\n<em>Un des trois lampadaires tous rouill\u00e9s datant de la guerre de 14 voire avant. On se demande si les ampoules ont \u00e9t\u00e9 chang\u00e9es depuis<\/em>\n&nbsp;\n<img loading=\"lazy\" decoding=\"async\" class=\" aligncenter size-full wp-image-1555\" src=\"http:\/\/5.45.101.177\/haut-allier\/usagers-transportse\/wp-content\/uploads\/2014\/06\/080120142347.jpg\" alt=\"080120142347.jpg\" align=\"center\" width=\"800\" height=\"600\" srcset=\"https:\/\/usagers-transports.haut-allier.eu\/wp-content\/uploads\/2014\/06\/080120142347.jpg 800w, https:\/\/usagers-transports.haut-allier.eu\/wp-content\/uploads\/2014\/06\/080120142347-300x225.jpg 300w, https:\/\/usagers-transports.haut-allier.eu\/wp-content\/uploads\/2014\/06\/080120142347-768x576.jpg 768w\" sizes=\"auto, (max-width: 800px) 100vw, 800px\" \/>\n<em>Nuit totale \u00e0 la gare d&rsquo;Alleyras tous les jours 5 minutes avant l&rsquo;arr\u00eat du train du soir. Attention \u00e0 la marche&#8230;<\/em>\n&nbsp;\n&#8211; <strong>Etat de la voie ferr\u00e9e minable au niveau de la gare<\/strong>, envahi par les herbes. On se demande qui fait le d\u00e9sherbage, l&rsquo;entretien courant. Les traverses en bois sont \u00e9galement toutes fendues&#8230;\n\n<img loading=\"lazy\" decoding=\"async\" class=\" aligncenter size-full wp-image-1556\" src=\"http:\/\/5.45.101.177\/haut-allier\/usagers-transportse\/wp-content\/uploads\/2014\/06\/090120142367.jpg\" alt=\"090120142367.jpg\" align=\"center\" width=\"800\" height=\"600\" srcset=\"https:\/\/usagers-transports.haut-allier.eu\/wp-content\/uploads\/2014\/06\/090120142367.jpg 800w, https:\/\/usagers-transports.haut-allier.eu\/wp-content\/uploads\/2014\/06\/090120142367-300x225.jpg 300w, https:\/\/usagers-transports.haut-allier.eu\/wp-content\/uploads\/2014\/06\/090120142367-768x576.jpg 768w\" sizes=\"auto, (max-width: 800px) 100vw, 800px\" \/>\n<em>Sans commentaires<\/em>\n&nbsp;\n&#8211; <strong>Mauvais \u00e9tat ext\u00e9rieur du local faisant office de halte<\/strong> : la peinture est toute \u00e9caill\u00e9e. Il y a-t-il eu un coup de peinture depuis 30 ans ?\n\n<img loading=\"lazy\" decoding=\"async\" class=\" aligncenter size-full wp-image-1557\" src=\"http:\/\/5.45.101.177\/haut-allier\/usagers-transportse\/wp-content\/uploads\/2014\/06\/090120142360.jpg\" alt=\"090120142360.jpg\" align=\"center\" width=\"800\" height=\"600\" srcset=\"https:\/\/usagers-transports.haut-allier.eu\/wp-content\/uploads\/2014\/06\/090120142360.jpg 800w, https:\/\/usagers-transports.haut-allier.eu\/wp-content\/uploads\/2014\/06\/090120142360-300x225.jpg 300w, https:\/\/usagers-transports.haut-allier.eu\/wp-content\/uploads\/2014\/06\/090120142360-768x576.jpg 768w\" sizes=\"auto, (max-width: 800px) 100vw, 800px\" \/>\n&nbsp;\n&#8211; <strong>Acc\u00e8s \u00e0 la gare &#8211; halte tr\u00e8s tr\u00e8s discret et tr\u00e8s mal signal\u00e9<\/strong> : il faut comprendre qu&rsquo;on ne doit pas passer par la rue principale du Pont d&rsquo;Alleyras, par l&rsquo;ancienne gare, puis traverser les voies au p\u00e9ril de sa vie mais que l&rsquo;on doit garer sa voiture sur la route d\u00e9partementale en contrebas d&rsquo;un talus, pour monter par un sentier de terre et passer entre deux poteaux de grillage&#8230; <strong>Acc\u00e8s impossible aux handicap\u00e9s<\/strong> et difficile l&rsquo;hiver pour les personnes \u00e2g\u00e9es.\n\n<img loading=\"lazy\" decoding=\"async\" class=\" aligncenter size-full wp-image-1558\" src=\"http:\/\/5.45.101.177\/haut-allier\/usagers-transportse\/wp-content\/uploads\/2014\/06\/090120142370.jpg\" alt=\"090120142370.jpg\" align=\"center\" width=\"800\" height=\"600\" srcset=\"https:\/\/usagers-transports.haut-allier.eu\/wp-content\/uploads\/2014\/06\/090120142370.jpg 800w, https:\/\/usagers-transports.haut-allier.eu\/wp-content\/uploads\/2014\/06\/090120142370-300x225.jpg 300w, https:\/\/usagers-transports.haut-allier.eu\/wp-content\/uploads\/2014\/06\/090120142370-768x576.jpg 768w\" sizes=\"auto, (max-width: 800px) 100vw, 800px\" \/>\n<em>Montez sur le talus, glissez. R\u00e9essayez encore une fois pour voir<\/em>\n&nbsp;\n&#8211; <strong>Dysfonctionnement du seul aiguillage<\/strong> qui oblige fr\u00e9quemment les riverains \u00e0 aller arr\u00eater en pleine nuit la sonnerie d&rsquo;alarme qui se d\u00e9clenche sans pr\u00e9venir et ce \u00e0 grands coups de masse !\n\n<img loading=\"lazy\" decoding=\"async\" class=\" aligncenter size-full wp-image-1559\" src=\"http:\/\/5.45.101.177\/haut-allier\/usagers-transportse\/wp-content\/uploads\/2014\/06\/aiguillage.jpg\" alt=\"aiguillage.jpg\" align=\"center\" width=\"800\" height=\"600\" srcset=\"https:\/\/usagers-transports.haut-allier.eu\/wp-content\/uploads\/2014\/06\/aiguillage.jpg 800w, https:\/\/usagers-transports.haut-allier.eu\/wp-content\/uploads\/2014\/06\/aiguillage-300x225.jpg 300w, https:\/\/usagers-transports.haut-allier.eu\/wp-content\/uploads\/2014\/06\/aiguillage-768x576.jpg 768w\" sizes=\"auto, (max-width: 800px) 100vw, 800px\" \/>\n<em>Le seul aiguillage de la gare d&rsquo;Alleyras qui en fait voir de toutes les couleurs aux riverains<\/em>\n&nbsp;\n<strong>On peut, nous sommes tous d&rsquo;accord, s&rsquo;interroger sur l&rsquo;efficacit\u00e9 de la division Gares et Connexions de la SNCF Auvergne, non ?<\/strong>\n\n<img loading=\"lazy\" decoding=\"async\" class=\" aligncenter size-full wp-image-1560\" src=\"http:\/\/5.45.101.177\/haut-allier\/usagers-transportse\/wp-content\/uploads\/2014\/06\/halte.jpg\" alt=\"halte.jpg\" align=\"center\" width=\"800\" height=\"368\" srcset=\"https:\/\/usagers-transports.haut-allier.eu\/wp-content\/uploads\/2014\/06\/halte.jpg 800w, https:\/\/usagers-transports.haut-allier.eu\/wp-content\/uploads\/2014\/06\/halte-300x138.jpg 300w, https:\/\/usagers-transports.haut-allier.eu\/wp-content\/uploads\/2014\/06\/halte-768x353.jpg 768w\" sizes=\"auto, (max-width: 800px) 100vw, 800px\" \/>\n\n<em> <strong>Si rien n&rsquo;est fait d&rsquo;ici le 15 f\u00e9vrier le collectif des Usagers des Transports du Haut-Allier aura l&rsquo;honneur de r\u00e9unir presse et m\u00e9dias pour une \u00e9mouvante c\u00e9r\u00e9monie : [*l&rsquo;installation de deux \u00e9clairages solaires autonomes pour le panneau d&rsquo;information et l&rsquo;abri (50 euros) et le passage d&rsquo;un coup de peinture*] de couleurs respectant l&rsquo;environnement sur le b\u00e2timent par le Gang des Peinturlureurs Volontaires.<\/strong> <\/em>\n\n&nbsp;\n\n<strong>Dans les m\u00e9dias :<\/strong>\n\n&#8211; <em>France Bleu Pays d&rsquo;Auvergne<\/em> lundi 13 janvier 7 heures 50 le Collectif des Usagers des transports du Haut-Alier est l&rsquo;invit\u00e9 de la R\u00e9daction. Audio ci-dessous.\n\n<a href=\"http:\/\/5.45.101.177\/haut-allier\/usagers-transportse\/wp-content\/uploads\/2014\/06\/usagers-transports-haut-allier-eu-2014-01-13-07h50m-France-Bleu-Pays-d-Auvergne.mp3\">usagers-transports-haut-allier-eu-2014-01-13-07h50m-France-Bleu-Pays-d-Auvergne.mp3<\/a>\n&nbsp;\n\n&#8211; <strong>Zoom d&rsquo;ici Haute-Loire<\/strong> du vendredi 17 janvier 2014 :\n\n<img loading=\"lazy\" decoding=\"async\" class=\" aligncenter size-full wp-image-1562\" src=\"http:\/\/5.45.101.177\/haut-allier\/usagers-transportse\/wp-content\/uploads\/2014\/06\/usagers-haut-allier-eu-zoom43-16jan2014.jpg\" alt=\"usagers-haut-allier-eu-zoom43-16jan2014.jpg\" align=\"center\" width=\"700\" height=\"1504\" srcset=\"https:\/\/usagers-transports.haut-allier.eu\/wp-content\/uploads\/2014\/06\/usagers-haut-allier-eu-zoom43-16jan2014.jpg 700w, https:\/\/usagers-transports.haut-allier.eu\/wp-content\/uploads\/2014\/06\/usagers-haut-allier-eu-zoom43-16jan2014-140x300.jpg 140w, https:\/\/usagers-transports.haut-allier.eu\/wp-content\/uploads\/2014\/06\/usagers-haut-allier-eu-zoom43-16jan2014-477x1024.jpg 477w\" sizes=\"auto, (max-width: 700px) 100vw, 700px\" \/>\n&nbsp;\n\n&#8211; <strong>La Montagne<\/strong> \u00e9dition r\u00e9gionale du lundi 20 janvier 2014. Une pleine page et un maximum de r\u00e9ponses \u00e0 nos questions (merci \u00e0 Emmanuel pour le scan) :\n\n<img loading=\"lazy\" decoding=\"async\" class=\" aligncenter size-full wp-image-1563\" src=\"http:\/\/5.45.101.177\/haut-allier\/usagers-transportse\/wp-content\/uploads\/2014\/06\/usagers-transports-haut-allier-eu-lamontagne-20janvier2014-scaled.jpg\" alt=\"usagers-transports-haut-allier-eu-lamontagne-20janvier2014.jpg\" align=\"center\" width=\"1731\" height=\"2560\" srcset=\"https:\/\/usagers-transports.haut-allier.eu\/wp-content\/uploads\/2014\/06\/usagers-transports-haut-allier-eu-lamontagne-20janvier2014-scaled.jpg 1731w, https:\/\/usagers-transports.haut-allier.eu\/wp-content\/uploads\/2014\/06\/usagers-transports-haut-allier-eu-lamontagne-20janvier2014-203x300.jpg 203w, https:\/\/usagers-transports.haut-allier.eu\/wp-content\/uploads\/2014\/06\/usagers-transports-haut-allier-eu-lamontagne-20janvier2014-692x1024.jpg 692w, https:\/\/usagers-transports.haut-allier.eu\/wp-content\/uploads\/2014\/06\/usagers-transports-haut-allier-eu-lamontagne-20janvier2014-768x1136.jpg 768w, https:\/\/usagers-transports.haut-allier.eu\/wp-content\/uploads\/2014\/06\/usagers-transports-haut-allier-eu-lamontagne-20janvier2014-1039x1536.jpg 1039w, https:\/\/usagers-transports.haut-allier.eu\/wp-content\/uploads\/2014\/06\/usagers-transports-haut-allier-eu-lamontagne-20janvier2014-1385x2048.jpg 1385w\" sizes=\"auto, (max-width: 1731px) 100vw, 1731px\" \/>\n&nbsp;\nCet article est \u00e9galement publi\u00e9 sur le site <a href=\"http:\/\/alleyras-capitale.info\/\">Alleyras Capitale<\/a>.<p>&nbsp;<\/p>\n\n\t<figure class=\"wp-block-gallery columns-1 is-cropped wp-block-gallery-1 is-layout-flex wp-block-gallery-is-layout-flex\">\n\t\t<ul class=\"blocks-gallery-grid\">\n\t\t\t<li class=\"blocks-gallery-item\">\n\t\t\t\t<figure>\n\t\t\t\t\t\t\t\t\t\t\t<img loading=\"lazy\" decoding=\"async\" width=\"800\" height=\"1183\" src=\"http:\/\/5.45.101.177\/haut-allier\/usagers-transportse\/wp-content\/uploads\/2014\/01\/usagers-transports-haut-allier-eu-lamontagne-20janvier2014-web.jpg\"\n\t\t\t\t\t\t alt=\"usagers-transports-haut-allier-eu-lamontagne-20janvier2014-web.jpg\"\n\t\t\t\t\t\t data-id=\"1564\"\n\t\t\t\t\t\t data-full-url=\"http:\/\/5.45.101.177\/haut-allier\/usagers-transportse\/wp-content\/uploads\/2014\/01\/usagers-transports-haut-allier-eu-lamontagne-20janvier2014-web.jpg\"\n\t\t\t\t\t\t data-link=\"http:\/\/5.45.101.177\/haut-allier\/usagers-transportse\/attachment-usagers-transports-haut-allier-eu-lamontagne-20janvier2014-web-jpg\/\"\n\t\t\t\t\t\t class=\"wp-image-1564\" srcset=\"https:\/\/usagers-transports.haut-allier.eu\/wp-content\/uploads\/2014\/01\/usagers-transports-haut-allier-eu-lamontagne-20janvier2014-web.jpg 800w, https:\/\/usagers-transports.haut-allier.eu\/wp-content\/uploads\/2014\/01\/usagers-transports-haut-allier-eu-lamontagne-20janvier2014-web-203x300.jpg 203w, https:\/\/usagers-transports.haut-allier.eu\/wp-content\/uploads\/2014\/01\/usagers-transports-haut-allier-eu-lamontagne-20janvier2014-web-692x1024.jpg 692w, https:\/\/usagers-transports.haut-allier.eu\/wp-content\/uploads\/2014\/01\/usagers-transports-haut-allier-eu-lamontagne-20janvier2014-web-768x1136.jpg 768w\" sizes=\"auto, (max-width: 800px) 100vw, 800px\" \/>\n\t\t\t\t<\/figure>\n\t\t\t<\/li>\n\t\t<\/ul>\n\t<\/figure>\n","protected":false},"excerpt":{"rendered":"<p>[( [Mise \u00e0 jour du 6 juin] SNCF Auvergne vient de nous r\u00e9pondre, confirmant ce qui avait \u00e9t\u00e9<\/p>\n","protected":false},"author":1,"featured_media":1552,"comment_status":"closed","ping_status":"open","sticky":false,"template":"","format":"standard","meta":{"footnotes":""},"categories":[2],"tags":[],"class_list":["post-106","post","type-post","status-publish","format-standard","has-post-thumbnail","hentry","category-infos"],"_links":{"self":[{"href":"https:\/\/usagers-transports.haut-allier.eu\/index.php\/wp-json\/wp\/v2\/posts\/106","targetHints":{"allow":["GET"]}}],"collection":[{"href":"https:\/\/usagers-transports.haut-allier.eu\/index.php\/wp-json\/wp\/v2\/posts"}],"about":[{"href":"https:\/\/usagers-transports.haut-allier.eu\/index.php\/wp-json\/wp\/v2\/types\/post"}],"author":[{"embeddable":true,"href":"https:\/\/usagers-transports.haut-allier.eu\/index.php\/wp-json\/wp\/v2\/users\/1"}],"replies":[{"embeddable":true,"href":"https:\/\/usagers-transports.haut-allier.eu\/index.php\/wp-json\/wp\/v2\/comments?post=106"}],"version-history":[{"count":1,"href":"https:\/\/usagers-transports.haut-allier.eu\/index.php\/wp-json\/wp\/v2\/posts\/106\/revisions"}],"predecessor-version":[{"id":1565,"href":"https:\/\/usagers-transports.haut-allier.eu\/index.php\/wp-json\/wp\/v2\/posts\/106\/revisions\/1565"}],"wp:featuredmedia":[{"embeddable":true,"href":"https:\/\/usagers-transports.haut-allier.eu\/index.php\/wp-json\/wp\/v2\/media\/1552"}],"wp:attachment":[{"href":"https:\/\/usagers-transports.haut-allier.eu\/index.php\/wp-json\/wp\/v2\/media?parent=106"}],"wp:term":[{"taxonomy":"category","embeddable":true,"href":"https:\/\/usagers-transports.haut-allier.eu\/index.php\/wp-json\/wp\/v2\/categories?post=106"},{"taxonomy":"post_tag","embeddable":true,"href":"https:\/\/usagers-transports.haut-allier.eu\/index.php\/wp-json\/wp\/v2\/tags?post=106"}],"curies":[{"name":"wp","href":"https:\/\/api.w.org\/{rel}","templated":true}]}}