{"id":1060,"date":"2024-01-07T09:53:15","date_gmt":"2024-01-07T08:53:15","guid":{"rendered":"http:\/\/5.45.101.177\/haut-allier\/usagers-transportse\/index.php\/2024\/01\/07\/ligne-des-cevennes-une-enquete1060\/"},"modified":"2024-01-07T09:53:15","modified_gmt":"2024-01-07T08:53:15","slug":"ligne-des-cevennes-une-enquete1060","status":"publish","type":"post","link":"https:\/\/usagers-transports.haut-allier.eu\/index.php\/2024\/01\/07\/ligne-des-cevennes-une-enquete1060\/","title":{"rendered":"Ligne des C\u00e9vennes : une enqu\u00eate ethnographique"},"content":{"rendered":"<p>No\u00e9 Raynaud est \u00e9tudiant en anthropologie \u00e0 Toulouse et souhaite recueillir des contacts sur le bassin de vie de la ligne N\u00eemes Clermont Ferrand, n&rsquo;h\u00e9sitez pas \u00e0 le contacter directement. Voici son message :<br \/>\n&nbsp;<\/p>\n<blockquote class=\"poesie\"><p>\n<em>Je m\u2019appelle No\u00e9 Raynaud et je suis actuellement \u00e9tudiant en master d\u2019ethnologie et d\u2019anthropologie \u00e0 Toulouse. Dans le cadre de mon m\u00e9moire, je r\u00e9alise une enqu\u00eate ethnographique sur la ligne des C\u00e9vennes. Je me d\u00e9place sur la ligne, \u00e0 la rencontre des cheminots, des habitant.e.s, des usagers et usag\u00e8res, et \u00e9tudie la fa\u00e7on dont ils et elles s\u2019attachent, utilisent et vivent la ligne.<\/p>\n<p>Pour les besoins de mon enqu\u00eate, je cherche \u00e0 rencontrer des personnes qui empruntent la ligne des C\u00e9vennes pour leurs trajets, afin d\u2019\u00e9changer autour de leurs habitudes, de leurs pratiques et de la mani\u00e8re dont ils et elles per\u00e7oivent la ligne.<\/p>\n<p>Que vous soyez voyageur d\u2019un jour ou bien quotidien, n\u2019h\u00e9sitez pas \u00e0 me contacter au 07 68 57 10 31 pour que l\u2019on se rencontre. Je serai heureux de pouvoir \u00e9changer avec vous.<\/p>\n<p>Je serai \u00e0 Villefort du 23 janvier jusqu\u2019\u00e0 d\u00e9but f\u00e9vrier, puis au courant du mois de mars, et peux me d\u00e9placer le long de la ligne. Nous pouvons \u00e9galement \u00e9changer par t\u00e9l\u00e9phone.<\/p>\n<p>Je vous remercie par avance,<\/p>\n<p>noe.raynaud11@orange.fr<\/p>\n<p>07 68 57 10 31<\/em>\n<\/p><\/blockquote>\n","protected":false},"excerpt":{"rendered":"<p>No\u00e9 Raynaud est \u00e9tudiant en anthropologie \u00e0 Toulouse et souhaite recueillir des contacts sur le bassin de vie<\/p>\n","protected":false},"author":1,"featured_media":4856,"comment_status":"closed","ping_status":"open","sticky":false,"template":"","format":"standard","meta":{"footnotes":""},"categories":[3],"tags":[],"class_list":["post-1060","post","type-post","status-publish","format-standard","has-post-thumbnail","hentry","category-en-train"],"_links":{"self":[{"href":"https:\/\/usagers-transports.haut-allier.eu\/index.php\/wp-json\/wp\/v2\/posts\/1060","targetHints":{"allow":["GET"]}}],"collection":[{"href":"https:\/\/usagers-transports.haut-allier.eu\/index.php\/wp-json\/wp\/v2\/posts"}],"about":[{"href":"https:\/\/usagers-transports.haut-allier.eu\/index.php\/wp-json\/wp\/v2\/types\/post"}],"author":[{"embeddable":true,"href":"https:\/\/usagers-transports.haut-allier.eu\/index.php\/wp-json\/wp\/v2\/users\/1"}],"replies":[{"embeddable":true,"href":"https:\/\/usagers-transports.haut-allier.eu\/index.php\/wp-json\/wp\/v2\/comments?post=1060"}],"version-history":[{"count":0,"href":"https:\/\/usagers-transports.haut-allier.eu\/index.php\/wp-json\/wp\/v2\/posts\/1060\/revisions"}],"wp:featuredmedia":[{"embeddable":true,"href":"https:\/\/usagers-transports.haut-allier.eu\/index.php\/wp-json\/wp\/v2\/media\/4856"}],"wp:attachment":[{"href":"https:\/\/usagers-transports.haut-allier.eu\/index.php\/wp-json\/wp\/v2\/media?parent=1060"}],"wp:term":[{"taxonomy":"category","embeddable":true,"href":"https:\/\/usagers-transports.haut-allier.eu\/index.php\/wp-json\/wp\/v2\/categories?post=1060"},{"taxonomy":"post_tag","embeddable":true,"href":"https:\/\/usagers-transports.haut-allier.eu\/index.php\/wp-json\/wp\/v2\/tags?post=1060"}],"curies":[{"name":"wp","href":"https:\/\/api.w.org\/{rel}","templated":true}]}}