{"id":1061,"date":"2024-01-07T10:35:35","date_gmt":"2024-01-07T09:35:35","guid":{"rendered":"http:\/\/5.45.101.177\/haut-allier\/usagers-transportse\/index.php\/2024\/01\/07\/voyages-trains-velo-campings-une1061\/"},"modified":"2024-01-07T10:35:35","modified_gmt":"2024-01-07T09:35:35","slug":"voyages-trains-velo-campings-une1061","status":"publish","type":"post","link":"https:\/\/usagers-transports.haut-allier.eu\/index.php\/2024\/01\/07\/voyages-trains-velo-campings-une1061\/","title":{"rendered":"Voyages trains + v\u00e9lo + campings : une super carte interactive"},"content":{"rendered":"<p>C&rsquo;est une excellente nouvelle que cette carte dans sa nouvelle version qui montre sur tout le pays les h\u00e9bergements campings et \u00e0 la ferme situ\u00e9s pr\u00e8s des lignes ferroviaires et pr\u00e8s des v\u00e9loroutes. Cela s&rsquo;appelle <a href=\"https:\/\/randocamping.touteslatitudes.fr\/\"><strong>RandoCamping<\/strong><\/a> et sera d&rsquo;une grande utilit\u00e9 lors des circuits de balade en v\u00e9lo.<br \/>\n&nbsp;<br \/>\nCapture d&rsquo;\u00e9cran dans les gorges du haut Allier :<br \/>\n&nbsp;<br \/>\n<img loading=\"lazy\" decoding=\"async\" class=\" aligncenter size-full wp-image-4858\" src=\"http:\/\/5.45.101.177\/haut-allier\/usagers-transportse\/wp-content\/uploads\/2024\/01\/randocamping.png\" alt=\"randocamping.png\" align=\"center\" width=\"1141\" height=\"638\" srcset=\"https:\/\/usagers-transports.haut-allier.eu\/wp-content\/uploads\/2024\/01\/randocamping.png 1141w, https:\/\/usagers-transports.haut-allier.eu\/wp-content\/uploads\/2024\/01\/randocamping-300x168.png 300w, https:\/\/usagers-transports.haut-allier.eu\/wp-content\/uploads\/2024\/01\/randocamping-1024x573.png 1024w, https:\/\/usagers-transports.haut-allier.eu\/wp-content\/uploads\/2024\/01\/randocamping-768x429.png 768w\" sizes=\"auto, (max-width: 1141px) 100vw, 1141px\" \/><br \/>\n&nbsp;<br \/>\nLa carte affiche les campings, ceux \u00e0 la ferme, les aires naturelles, les aires de bivouac,  les auberges de jeunesse, les refuges, les g\u00eetes d&rsquo;\u00e9tape, les campings naturistes&#8230;  sur 9 fonds de cartes au choix.<br \/>\n&nbsp;<br \/>\n<img loading=\"lazy\" decoding=\"async\" class=\" aligncenter size-full wp-image-4859\" src=\"http:\/\/5.45.101.177\/haut-allier\/usagers-transportse\/wp-content\/uploads\/2024\/01\/randocamping3.png\" alt=\"randocamping3.png\" align=\"center\" width=\"1192\" height=\"593\" srcset=\"https:\/\/usagers-transports.haut-allier.eu\/wp-content\/uploads\/2024\/01\/randocamping3.png 1192w, https:\/\/usagers-transports.haut-allier.eu\/wp-content\/uploads\/2024\/01\/randocamping3-300x149.png 300w, https:\/\/usagers-transports.haut-allier.eu\/wp-content\/uploads\/2024\/01\/randocamping3-1024x509.png 1024w, https:\/\/usagers-transports.haut-allier.eu\/wp-content\/uploads\/2024\/01\/randocamping3-768x382.png 768w\" sizes=\"auto, (max-width: 1192px) 100vw, 1192px\" \/><br \/>\n&nbsp;<br \/>\nDe plus elle est compatible GPS, ce qui sur un smartphone indiquera votre emplacement au cas o\u00f9 vous seriez perdu&#8230; situation rare tout de m\u00eame en v\u00e9lo.<br \/>\n&nbsp;<br \/>\n<strong>Un module train + v\u00e9lo<\/strong><br \/>\n&nbsp;<br \/>\nVoici les principales fonctionnalit\u00e9s apport\u00e9es par cette nouvelle possibilit\u00e9 :<\/p>\n<p>\u2013 affichage sur la carte des lignes de train voyageurs et des gares (2876) en France.<\/p>\n<p>Un clic sur un marqueur gare sur la carte, ouvre, sur la gauche de la carte, le descriptif de la gare. Les marqueurs gare sont malheureusement fort peu nombreux pour le massif central et la carte n&rsquo;est pas \u00e0 jour. N\u00e9anmoins le clic fournit :<\/p>\n<p>\u2013 des renseignements sur l\u2019accessibilit\u00e9 des quais de la gare avec un v\u00e9lo non d\u00e9mont\u00e9.<br \/>\n\u2013 la possibilit\u00e9 pour tout un chacun de compl\u00e9ter le descriptif de l\u2019accessibilit\u00e9 pour les gares qui ne seraient pas (encore) renseign\u00e9es.<br \/>\n\u2013 un lien direct vers la page de la SNCF qui fournit l\u2019heure des prochains d\u00e9parts et des prochaines arriv\u00e9es depuis cette gare mais \u00e9galement l\u2019\u00e9tat des ascenseurs.<br \/>\n\u2013 un lien direct vers la page du site TER r\u00e9gional de la gare, si des TER s\u2019arr\u00eatent dans cette gare.<br \/>\n\u2013 un lien vers le site SNCF Connect pour les gares TGV et\/ou Intercit\u00e9s<br \/>\n\u2013 un lien vers la carte Google centr\u00e9e sur la gare.<br \/>\n\u2013 l\u2019affichage sur la carte des gares accessibles directement (sans correspondance) depuis cette gare que ce soit en TER, Transilien, Intercit\u00e9s, et TGV.<br \/>\n\u2013 une carte de situation d\u00e9taill\u00e9e (zoom plus \u00e9lev\u00e9) des environs de la gare.<\/p>\n<p>Explications d\u00e9taill\u00e9es sur cette page : https:\/\/randovelo.touteslatitudes.fr\/randocamping-prend-le-train<\/p>\n<p>Une vid\u00e9o pr\u00e9sentant les fonctionnalit\u00e9s du module est disponible sur la page d\u2019Aide du site. <\/p>\n<p>https:\/\/randocamping.touteslatitudes.fr\/aide<\/p>\n<p>Indispensable pour nos amis cyclistes.<\/p>\n","protected":false},"excerpt":{"rendered":"<p>C&rsquo;est une excellente nouvelle que cette carte dans sa nouvelle version qui montre sur tout le pays les<\/p>\n","protected":false},"author":1,"featured_media":4857,"comment_status":"closed","ping_status":"open","sticky":false,"template":"","format":"standard","meta":{"footnotes":""},"categories":[3],"tags":[],"class_list":["post-1061","post","type-post","status-publish","format-standard","has-post-thumbnail","hentry","category-en-train"],"_links":{"self":[{"href":"https:\/\/usagers-transports.haut-allier.eu\/index.php\/wp-json\/wp\/v2\/posts\/1061","targetHints":{"allow":["GET"]}}],"collection":[{"href":"https:\/\/usagers-transports.haut-allier.eu\/index.php\/wp-json\/wp\/v2\/posts"}],"about":[{"href":"https:\/\/usagers-transports.haut-allier.eu\/index.php\/wp-json\/wp\/v2\/types\/post"}],"author":[{"embeddable":true,"href":"https:\/\/usagers-transports.haut-allier.eu\/index.php\/wp-json\/wp\/v2\/users\/1"}],"replies":[{"embeddable":true,"href":"https:\/\/usagers-transports.haut-allier.eu\/index.php\/wp-json\/wp\/v2\/comments?post=1061"}],"version-history":[{"count":0,"href":"https:\/\/usagers-transports.haut-allier.eu\/index.php\/wp-json\/wp\/v2\/posts\/1061\/revisions"}],"wp:featuredmedia":[{"embeddable":true,"href":"https:\/\/usagers-transports.haut-allier.eu\/index.php\/wp-json\/wp\/v2\/media\/4857"}],"wp:attachment":[{"href":"https:\/\/usagers-transports.haut-allier.eu\/index.php\/wp-json\/wp\/v2\/media?parent=1061"}],"wp:term":[{"taxonomy":"category","embeddable":true,"href":"https:\/\/usagers-transports.haut-allier.eu\/index.php\/wp-json\/wp\/v2\/categories?post=1061"},{"taxonomy":"post_tag","embeddable":true,"href":"https:\/\/usagers-transports.haut-allier.eu\/index.php\/wp-json\/wp\/v2\/tags?post=1061"}],"curies":[{"name":"wp","href":"https:\/\/api.w.org\/{rel}","templated":true}]}}