{"id":1062,"date":"2024-01-09T11:00:00","date_gmt":"2024-01-09T10:00:00","guid":{"rendered":"http:\/\/5.45.101.177\/haut-allier\/usagers-transportse\/index.php\/2024\/01\/09\/massif-central-destination-trains1062\/"},"modified":"2024-01-09T11:00:00","modified_gmt":"2024-01-09T10:00:00","slug":"massif-central-destination-trains1062","status":"publish","type":"post","link":"https:\/\/usagers-transports.haut-allier.eu\/index.php\/2024\/01\/09\/massif-central-destination-trains1062\/","title":{"rendered":"Massif central : Destination trains de nuit interpelle Cl\u00e9ment Beaune sur le tribranche via Clermont"},"content":{"rendered":"<p>Il n&rsquo;est pas un jour sans que des retards, suppressions, inadmissibles n&rsquo;aient lieu sur les trains de nuit fran\u00e7ais et principalement sur le Paris &#8211; Aurillac \/ Rodez Albi ainsi que le Paris Crest Brian\u00e7on.<br \/>\n&nbsp;<br \/>\n<em>Le relev\u00e9 des al\u00e9as de ces derniers jours par Destination Trains de nuit<br \/>\n<\/em><br \/>\n<img loading=\"lazy\" decoding=\"async\" class=\" aligncenter size-full wp-image-4861\" src=\"http:\/\/5.45.101.177\/haut-allier\/usagers-transportse\/wp-content\/uploads\/2024\/01\/tableau_de_bord_des_retards_et_suppressions_des_trains_de_nuit.jpg\" alt=\"tableau_de_bord_des_retards_et_suppressions_des_trains_de_nuit.jpg\" align=\"center\" width=\"1184\" height=\"237\" srcset=\"https:\/\/usagers-transports.haut-allier.eu\/wp-content\/uploads\/2024\/01\/tableau_de_bord_des_retards_et_suppressions_des_trains_de_nuit.jpg 1184w, https:\/\/usagers-transports.haut-allier.eu\/wp-content\/uploads\/2024\/01\/tableau_de_bord_des_retards_et_suppressions_des_trains_de_nuit-300x60.jpg 300w, https:\/\/usagers-transports.haut-allier.eu\/wp-content\/uploads\/2024\/01\/tableau_de_bord_des_retards_et_suppressions_des_trains_de_nuit-1024x205.jpg 1024w, https:\/\/usagers-transports.haut-allier.eu\/wp-content\/uploads\/2024\/01\/tableau_de_bord_des_retards_et_suppressions_des_trains_de_nuit-768x154.jpg 768w\" sizes=\"auto, (max-width: 1184px) 100vw, 1184px\" \/><br \/>\n&nbsp;<br \/>\nLa solution que nous demandons pour la ligne POLT (Paris Orl\u00e9ans Limoges Toulouse) est de ne pas affaiblir le TDN jusqu&rsquo;\u00e0 Rodez et de cr\u00e9er le train tri-rames qui a toujours exist\u00e9 pour desservir enti\u00e8rement le massif central depuis Paris, via Clermont Ferrand, vers Aurillac \/ Millau B\u00e9ziers et Al\u00e8s N\u00eemes.<br \/>\n&nbsp;<br \/>\nC&rsquo;est le sens de la lettre envoy\u00e9e au ministre Cl\u00e9ment Beaune par l&rsquo;association Destination Trains de nuit. Elle appuie la suggestion de la r\u00e9gion Occitanie de suppl\u00e9er le train nocturne Paris Brive Aurillac par ce nouveau dispositif, non pr\u00e9vu par le gouvernement.<br \/>\n&nbsp;<br \/>\n<strong>Les vieux pr\u00e9textes de 2020 pour ne pas l&rsquo;organiser tombent<br \/>\n<\/strong><\/p>\n<p>Que ce soit l&rsquo;\u00e9tat des voies : cette ann\u00e9e et les ann\u00e9es pr\u00e9c\u00e9dentes ont \u00e9t\u00e9 programm\u00e9s des travaux de r\u00e9g\u00e9n\u00e9ration et de modernisation des voies par SNCF R\u00e9seau sur la ligne des Causses et celle des C\u00e9vennes, avec les impulsions de la r\u00e9gion Occitanie, de l&rsquo;Etat et d&rsquo;Auvergne Rh\u00f4ne Alpes. Les ralentissements vont \u00eatre supprim\u00e9s et les temps de parcours am\u00e9lior\u00e9s.<\/p>\n<p>C\u00f4t\u00e9 AuRA :<br \/>\n<img loading=\"lazy\" decoding=\"async\" class=\" aligncenter size-full wp-image-4862\" src=\"http:\/\/5.45.101.177\/haut-allier\/usagers-transportse\/wp-content\/uploads\/2024\/01\/support-trvx2024.jpg\" alt=\"support-trvx2024.jpg\" align=\"center\" width=\"872\" height=\"802\" srcset=\"https:\/\/usagers-transports.haut-allier.eu\/wp-content\/uploads\/2024\/01\/support-trvx2024.jpg 872w, https:\/\/usagers-transports.haut-allier.eu\/wp-content\/uploads\/2024\/01\/support-trvx2024-300x276.jpg 300w, https:\/\/usagers-transports.haut-allier.eu\/wp-content\/uploads\/2024\/01\/support-trvx2024-768x706.jpg 768w\" sizes=\"auto, (max-width: 872px) 100vw, 872px\" \/><\/p>\n<p>C\u00f4t\u00e9 Occitanie :<br \/>\n<img loading=\"lazy\" decoding=\"async\" class=\" aligncenter size-full wp-image-4863\" src=\"http:\/\/5.45.101.177\/haut-allier\/usagers-transportse\/wp-content\/uploads\/2024\/01\/tvx-occ-2023.jpg\" alt=\"tvx-occ-2023.jpg\" align=\"center\" width=\"700\" height=\"447\" srcset=\"https:\/\/usagers-transports.haut-allier.eu\/wp-content\/uploads\/2024\/01\/tvx-occ-2023.jpg 700w, https:\/\/usagers-transports.haut-allier.eu\/wp-content\/uploads\/2024\/01\/tvx-occ-2023-300x192.jpg 300w\" sizes=\"auto, (max-width: 700px) 100vw, 700px\" \/><\/p>\n<p>Ou que ce soit sur le manque de voitures couchettes et de locomotives : si la SNCF n&rsquo;est pas capable de fournir, des soci\u00e9t\u00e9s de location de mat\u00e9riel existent, elles ne demandent qu&rsquo;\u00e0 travailler (<a href=\"https:\/\/heros-rail.com\/\">Heros-rail<\/a> par exemple).<br \/>\n&nbsp;<br \/>\nVoici la lettre :<\/p>\n<p><img loading=\"lazy\" decoding=\"async\" class=\" aligncenter size-full wp-image-4864\" src=\"http:\/\/5.45.101.177\/haut-allier\/usagers-transportse\/wp-content\/uploads\/2024\/01\/demande_d_un_train_de_nuit_paris-clermont-aurillac-nimes-beziers.jpg\" alt=\"demande_d_un_train_de_nuit_paris-clermont-aurillac-nimes-beziers.jpg\" align=\"center\" width=\"826\" height=\"1169\" srcset=\"https:\/\/usagers-transports.haut-allier.eu\/wp-content\/uploads\/2024\/01\/demande_d_un_train_de_nuit_paris-clermont-aurillac-nimes-beziers.jpg 826w, https:\/\/usagers-transports.haut-allier.eu\/wp-content\/uploads\/2024\/01\/demande_d_un_train_de_nuit_paris-clermont-aurillac-nimes-beziers-212x300.jpg 212w, https:\/\/usagers-transports.haut-allier.eu\/wp-content\/uploads\/2024\/01\/demande_d_un_train_de_nuit_paris-clermont-aurillac-nimes-beziers-724x1024.jpg 724w, https:\/\/usagers-transports.haut-allier.eu\/wp-content\/uploads\/2024\/01\/demande_d_un_train_de_nuit_paris-clermont-aurillac-nimes-beziers-768x1087.jpg 768w\" sizes=\"auto, (max-width: 826px) 100vw, 826px\" \/><\/p>\n","protected":false},"excerpt":{"rendered":"<p>Il n&rsquo;est pas un jour sans que des retards, suppressions, inadmissibles n&rsquo;aient lieu sur les trains de nuit<\/p>\n","protected":false},"author":1,"featured_media":4860,"comment_status":"closed","ping_status":"open","sticky":false,"template":"","format":"standard","meta":{"footnotes":""},"categories":[8],"tags":[],"class_list":["post-1062","post","type-post","status-publish","format-standard","has-post-thumbnail","hentry","category-communiques"],"_links":{"self":[{"href":"https:\/\/usagers-transports.haut-allier.eu\/index.php\/wp-json\/wp\/v2\/posts\/1062","targetHints":{"allow":["GET"]}}],"collection":[{"href":"https:\/\/usagers-transports.haut-allier.eu\/index.php\/wp-json\/wp\/v2\/posts"}],"about":[{"href":"https:\/\/usagers-transports.haut-allier.eu\/index.php\/wp-json\/wp\/v2\/types\/post"}],"author":[{"embeddable":true,"href":"https:\/\/usagers-transports.haut-allier.eu\/index.php\/wp-json\/wp\/v2\/users\/1"}],"replies":[{"embeddable":true,"href":"https:\/\/usagers-transports.haut-allier.eu\/index.php\/wp-json\/wp\/v2\/comments?post=1062"}],"version-history":[{"count":0,"href":"https:\/\/usagers-transports.haut-allier.eu\/index.php\/wp-json\/wp\/v2\/posts\/1062\/revisions"}],"wp:featuredmedia":[{"embeddable":true,"href":"https:\/\/usagers-transports.haut-allier.eu\/index.php\/wp-json\/wp\/v2\/media\/4860"}],"wp:attachment":[{"href":"https:\/\/usagers-transports.haut-allier.eu\/index.php\/wp-json\/wp\/v2\/media?parent=1062"}],"wp:term":[{"taxonomy":"category","embeddable":true,"href":"https:\/\/usagers-transports.haut-allier.eu\/index.php\/wp-json\/wp\/v2\/categories?post=1062"},{"taxonomy":"post_tag","embeddable":true,"href":"https:\/\/usagers-transports.haut-allier.eu\/index.php\/wp-json\/wp\/v2\/tags?post=1062"}],"curies":[{"name":"wp","href":"https:\/\/api.w.org\/{rel}","templated":true}]}}