{"id":1064,"date":"2024-01-10T17:03:55","date_gmt":"2024-01-10T16:03:55","guid":{"rendered":"http:\/\/5.45.101.177\/haut-allier\/usagers-transportse\/index.php\/2024\/01\/10\/droits-du-voyageur-un-livret-edite1064\/"},"modified":"2026-09-01T16:04:44","modified_gmt":"2026-09-01T14:04:44","slug":"droits-du-voyageur-un-livret-edite1064","status":"publish","type":"post","link":"https:\/\/usagers-transports.haut-allier.eu\/index.php\/2024\/01\/10\/droits-du-voyageur-un-livret-edite1064\/","title":{"rendered":"Droits du voyageur : un livret \u00e9dit\u00e9 par le Centre Europ\u00e9en des Consommateurs France"},"content":{"rendered":"Le r\u00e9seau ECC-Net et son Centre Europ\u00e9en des Consommateurs France viennent d&rsquo;\u00e9diter un fascicule qui recense les droits de l&rsquo;usager, droits qui ont chang\u00e9s le 7 juin 2023 comme nous l&rsquo;indiquions dans cet <a href=\"https:\/\/usagers-transports.haut-allier.eu\/?droits-du-voyageur-le-texte,1004\"><em>article<\/em><\/a>. Le voici.\n&nbsp;\n<a href=\"http:\/\/5.45.101.177\/haut-allier\/usagers-transportse\/wp-content\/uploads\/2024\/01\/voyager_en_train_brochure_druck.pdf\">voyager_en_train_brochure_druck.pdf<\/a>\n&nbsp;\nEn voici le sommaire :\n&nbsp;\n<img loading=\"lazy\" decoding=\"async\" class=\" aligncenter size-full wp-image-4869\" src=\"http:\/\/5.45.101.177\/haut-allier\/usagers-transportse\/wp-content\/uploads\/2024\/01\/somdv.png\" alt=\"somdv.png\" align=\"center\" width=\"536\" height=\"445\" srcset=\"https:\/\/usagers-transports.haut-allier.eu\/wp-content\/uploads\/2024\/01\/somdv.png 536w, https:\/\/usagers-transports.haut-allier.eu\/wp-content\/uploads\/2024\/01\/somdv-300x249.png 300w\" sizes=\"auto, (max-width: 536px) 100vw, 536px\" \/>\n&nbsp;\nLe livret de 7 pages est \u00e0 imprimer et conserver quelque part lors de nos voyages.\n&nbsp;\nA noter que certains op\u00e9rateurs ferroviaires ajoutent des mesures aux mesures obligatoires envers les voyageurs. C&rsquo;est le cas de la SNCF. En cas de correspondance rat\u00e9e et d&rsquo;absence de train pour la destination le m\u00eame jour elle vous proposera un h\u00e9bergement en h\u00f4tel pour attendre le prochain train le lendemain.\n&nbsp;\n<h2 class=\"wp-block-heading\">Documents joints<\/h2>\n\n\n\n<div class=\"wp-block-file\"><a href=\"http:\/\/5.45.101.177\/haut-allier\/usagers-transportse\/wp-content\/uploads\/2024\/01\/voyager_en_train_brochure_druck-2.pdf\">voyager_en_train_brochure_druck-2.pdf<\/a><\/div>\n\n\n","protected":false},"excerpt":{"rendered":"<p>Le r\u00e9seau ECC-Net et son Centre Europ\u00e9en des Consommateurs France viennent d&rsquo;\u00e9diter un fascicule qui recense les droits<\/p>\n","protected":false},"author":1,"featured_media":4867,"comment_status":"closed","ping_status":"open","sticky":false,"template":"","format":"standard","meta":{"footnotes":""},"categories":[3],"tags":[],"class_list":["post-1064","post","type-post","status-publish","format-standard","has-post-thumbnail","hentry","category-en-train"],"_links":{"self":[{"href":"https:\/\/usagers-transports.haut-allier.eu\/index.php\/wp-json\/wp\/v2\/posts\/1064","targetHints":{"allow":["GET"]}}],"collection":[{"href":"https:\/\/usagers-transports.haut-allier.eu\/index.php\/wp-json\/wp\/v2\/posts"}],"about":[{"href":"https:\/\/usagers-transports.haut-allier.eu\/index.php\/wp-json\/wp\/v2\/types\/post"}],"author":[{"embeddable":true,"href":"https:\/\/usagers-transports.haut-allier.eu\/index.php\/wp-json\/wp\/v2\/users\/1"}],"replies":[{"embeddable":true,"href":"https:\/\/usagers-transports.haut-allier.eu\/index.php\/wp-json\/wp\/v2\/comments?post=1064"}],"version-history":[{"count":1,"href":"https:\/\/usagers-transports.haut-allier.eu\/index.php\/wp-json\/wp\/v2\/posts\/1064\/revisions"}],"predecessor-version":[{"id":4871,"href":"https:\/\/usagers-transports.haut-allier.eu\/index.php\/wp-json\/wp\/v2\/posts\/1064\/revisions\/4871"}],"wp:featuredmedia":[{"embeddable":true,"href":"https:\/\/usagers-transports.haut-allier.eu\/index.php\/wp-json\/wp\/v2\/media\/4867"}],"wp:attachment":[{"href":"https:\/\/usagers-transports.haut-allier.eu\/index.php\/wp-json\/wp\/v2\/media?parent=1064"}],"wp:term":[{"taxonomy":"category","embeddable":true,"href":"https:\/\/usagers-transports.haut-allier.eu\/index.php\/wp-json\/wp\/v2\/categories?post=1064"},{"taxonomy":"post_tag","embeddable":true,"href":"https:\/\/usagers-transports.haut-allier.eu\/index.php\/wp-json\/wp\/v2\/tags?post=1064"}],"curies":[{"name":"wp","href":"https:\/\/api.w.org\/{rel}","templated":true}]}}