{"id":1065,"date":"2024-01-14T08:23:36","date_gmt":"2024-01-14T07:23:36","guid":{"rendered":"http:\/\/5.45.101.177\/haut-allier\/usagers-transportse\/index.php\/2024\/01\/14\/trains-de-nuit-et-ligne-polt-a-la1065\/"},"modified":"2024-01-14T08:23:36","modified_gmt":"2024-01-14T07:23:36","slug":"trains-de-nuit-et-ligne-polt-a-la1065","status":"publish","type":"post","link":"https:\/\/usagers-transports.haut-allier.eu\/index.php\/2024\/01\/14\/trains-de-nuit-et-ligne-polt-a-la1065\/","title":{"rendered":"Trains de nuit et ligne POLT \u00e0 la d\u00e9rive : la manifestation de Figeac"},"content":{"rendered":"<p>Devant la gare de Figeac, les usagers, les cheminots et les \u00e9lus \u00e9taient l\u00e0 pour r\u00e9agir et dire leur col\u00e8re face aux suppressions et al\u00e9as qui n&rsquo;ont pas cess\u00e9 sur cette ligne depuis un an et plus particuli\u00e8rement depuis l&rsquo;inauguration en grandes pompes du train de nuit Paris Brive Aurillac.<\/p>\n<p>On notait donc la pr\u00e9sence de toutes les organisations d&rsquo;usagers locales et r\u00e9gionales plus Destination Trains de nuit, les antennes des cheminots du Cantal, du Lot et de l&rsquo;Aveyron, les d\u00e9put\u00e9s du secteur, les maires du Lot, le Vice-pr\u00e9sident charg\u00e9 des transports de la r\u00e9gion Occitanie&#8230;<\/p>\n<p><em>Jean-No\u00ebl Boisseleau, Urgence Ligne POLT et Destination Trains de nuit, un des deux organisateurs<\/em><\/p>\n<p><a href=\"http:\/\/5.45.101.177\/haut-allier\/usagers-transportse\/wp-content\/uploads\/2024\/01\/jnb-figeac-800.mp4\">jnb-figeac-800.mp4<\/a><br \/>\n&nbsp;<br \/>\n<em>Le d\u00e9l\u00e9gu\u00e9 Cheminots de Rodez pr\u00e9sente parfaitement la situation.<\/em><\/p>\n<p><a href=\"http:\/\/5.45.101.177\/haut-allier\/usagers-transportse\/wp-content\/uploads\/2024\/01\/vid_20240113_115110-800.mp4\">vid_20240113_115110-800.mp4<\/a><br \/>\n&nbsp;<br \/>\n<em>Jean-Luc Gibelin, VP r\u00e9gion Occitanie, insiste sur la n\u00e9cessit\u00e9 de d\u00e9fendre le TDN vers Rodez et rappelle notre proposition commune de substituer un nouveau TDN Paris Clermont Aurillac + Al\u00e8s + Millau au TDN Paris Brive Aurillac.<\/em><\/p>\n<p><a href=\"http:\/\/5.45.101.177\/haut-allier\/usagers-transportse\/wp-content\/uploads\/2024\/01\/itwgibelinfigeac.mp4\">itwgibelinfigeac.mp4<\/a><br \/>\n&nbsp;<br \/>\n<em>Les nombreux intervenants.<\/em><br \/>\n<img loading=\"lazy\" decoding=\"async\" class=\" aligncenter size-full wp-image-4876\" src=\"http:\/\/5.45.101.177\/haut-allier\/usagers-transportse\/wp-content\/uploads\/2024\/01\/img_20240113_121506_809-1200.jpg\" alt=\"img_20240113_121506_809-1200.jpg\" align=\"center\" width=\"1200\" height=\"675\" srcset=\"https:\/\/usagers-transports.haut-allier.eu\/wp-content\/uploads\/2024\/01\/img_20240113_121506_809-1200.jpg 1200w, https:\/\/usagers-transports.haut-allier.eu\/wp-content\/uploads\/2024\/01\/img_20240113_121506_809-1200-300x169.jpg 300w, https:\/\/usagers-transports.haut-allier.eu\/wp-content\/uploads\/2024\/01\/img_20240113_121506_809-1200-1024x576.jpg 1024w, https:\/\/usagers-transports.haut-allier.eu\/wp-content\/uploads\/2024\/01\/img_20240113_121506_809-1200-768x432.jpg 768w\" sizes=\"auto, (max-width: 1200px) 100vw, 1200px\" \/><br \/>\n<img loading=\"lazy\" decoding=\"async\" class=\" aligncenter size-full wp-image-4877\" src=\"http:\/\/5.45.101.177\/haut-allier\/usagers-transportse\/wp-content\/uploads\/2024\/01\/img_20240113_113931_006-1200.jpg\" alt=\"img_20240113_113931_006-1200.jpg\" align=\"center\" width=\"1500\" height=\"843\" srcset=\"https:\/\/usagers-transports.haut-allier.eu\/wp-content\/uploads\/2024\/01\/img_20240113_113931_006-1200.jpg 1500w, https:\/\/usagers-transports.haut-allier.eu\/wp-content\/uploads\/2024\/01\/img_20240113_113931_006-1200-300x169.jpg 300w, https:\/\/usagers-transports.haut-allier.eu\/wp-content\/uploads\/2024\/01\/img_20240113_113931_006-1200-1024x575.jpg 1024w, https:\/\/usagers-transports.haut-allier.eu\/wp-content\/uploads\/2024\/01\/img_20240113_113931_006-1200-768x432.jpg 768w\" sizes=\"auto, (max-width: 1500px) 100vw, 1500px\" \/><br \/>\n&nbsp;<br \/>\nRendez-vous est pris pour <a href=\"https:\/\/usagers-transports.haut-allier.eu\/?ligne-paris-orleans-limoges,1059\"><em>la journ\u00e9e de manifestation du 27 janvier<\/em><\/a> \u00e0 Gourdon (Lot).<br \/>\n&nbsp;<br \/>\n<em>Quelques banderoles et slogans.<br \/>\n<\/em><br \/>\n<img loading=\"lazy\" decoding=\"async\" class=\" aligncenter size-full wp-image-4878\" src=\"http:\/\/5.45.101.177\/haut-allier\/usagers-transportse\/wp-content\/uploads\/2024\/01\/img_20240113_120201_289-1200.jpg\" alt=\"img_20240113_120201_289-1200.jpg\" align=\"center\" width=\"1500\" height=\"843\" srcset=\"https:\/\/usagers-transports.haut-allier.eu\/wp-content\/uploads\/2024\/01\/img_20240113_120201_289-1200.jpg 1500w, https:\/\/usagers-transports.haut-allier.eu\/wp-content\/uploads\/2024\/01\/img_20240113_120201_289-1200-300x169.jpg 300w, https:\/\/usagers-transports.haut-allier.eu\/wp-content\/uploads\/2024\/01\/img_20240113_120201_289-1200-1024x575.jpg 1024w, https:\/\/usagers-transports.haut-allier.eu\/wp-content\/uploads\/2024\/01\/img_20240113_120201_289-1200-768x432.jpg 768w\" sizes=\"auto, (max-width: 1500px) 100vw, 1500px\" \/><br \/>\n<img loading=\"lazy\" decoding=\"async\" class=\" aligncenter size-full wp-image-4879\" src=\"http:\/\/5.45.101.177\/haut-allier\/usagers-transportse\/wp-content\/uploads\/2024\/01\/img_20240113_114724_243-1200.jpg\" alt=\"img_20240113_114724_243-1200.jpg\" align=\"center\" width=\"1500\" height=\"843\" srcset=\"https:\/\/usagers-transports.haut-allier.eu\/wp-content\/uploads\/2024\/01\/img_20240113_114724_243-1200.jpg 1500w, https:\/\/usagers-transports.haut-allier.eu\/wp-content\/uploads\/2024\/01\/img_20240113_114724_243-1200-300x169.jpg 300w, https:\/\/usagers-transports.haut-allier.eu\/wp-content\/uploads\/2024\/01\/img_20240113_114724_243-1200-1024x575.jpg 1024w, https:\/\/usagers-transports.haut-allier.eu\/wp-content\/uploads\/2024\/01\/img_20240113_114724_243-1200-768x432.jpg 768w\" sizes=\"auto, (max-width: 1500px) 100vw, 1500px\" \/><br \/>\n<img loading=\"lazy\" decoding=\"async\" class=\" aligncenter size-full wp-image-4880\" src=\"http:\/\/5.45.101.177\/haut-allier\/usagers-transportse\/wp-content\/uploads\/2024\/01\/img_20240113_115713_354-1200.jpg\" alt=\"img_20240113_115713_354-1200.jpg\" align=\"center\" width=\"1200\" height=\"675\" srcset=\"https:\/\/usagers-transports.haut-allier.eu\/wp-content\/uploads\/2024\/01\/img_20240113_115713_354-1200.jpg 1200w, https:\/\/usagers-transports.haut-allier.eu\/wp-content\/uploads\/2024\/01\/img_20240113_115713_354-1200-300x169.jpg 300w, https:\/\/usagers-transports.haut-allier.eu\/wp-content\/uploads\/2024\/01\/img_20240113_115713_354-1200-1024x576.jpg 1024w, https:\/\/usagers-transports.haut-allier.eu\/wp-content\/uploads\/2024\/01\/img_20240113_115713_354-1200-768x432.jpg 768w\" sizes=\"auto, (max-width: 1200px) 100vw, 1200px\" \/><br \/>\n&nbsp;<br \/>\n<em>La gare de Figeac inaugur\u00e9e r\u00e9cemment apr\u00e8s son incendie, rachet\u00e9e et reconstruite par la r\u00e9gion Occitanie.<\/em><br \/>\n<img loading=\"lazy\" decoding=\"async\" class=\" aligncenter size-full wp-image-4881\" src=\"http:\/\/5.45.101.177\/haut-allier\/usagers-transportse\/wp-content\/uploads\/2024\/01\/img_20240113_112437_656-1200.jpg\" alt=\"img_20240113_112437_656-1200.jpg\" align=\"center\" width=\"843\" height=\"1500\" srcset=\"https:\/\/usagers-transports.haut-allier.eu\/wp-content\/uploads\/2024\/01\/img_20240113_112437_656-1200.jpg 843w, https:\/\/usagers-transports.haut-allier.eu\/wp-content\/uploads\/2024\/01\/img_20240113_112437_656-1200-169x300.jpg 169w, https:\/\/usagers-transports.haut-allier.eu\/wp-content\/uploads\/2024\/01\/img_20240113_112437_656-1200-575x1024.jpg 575w, https:\/\/usagers-transports.haut-allier.eu\/wp-content\/uploads\/2024\/01\/img_20240113_112437_656-1200-768x1367.jpg 768w\" sizes=\"auto, (max-width: 843px) 100vw, 843px\" \/><br \/>\n&nbsp;<br \/>\n<em>Les quais vers Toulouse, vers Clermont Ferrand, vers Paris.<\/em><br \/>\n<img loading=\"lazy\" decoding=\"async\" class=\" aligncenter size-full wp-image-4882\" src=\"http:\/\/5.45.101.177\/haut-allier\/usagers-transportse\/wp-content\/uploads\/2024\/01\/img_20240113_112313_558-1200.jpg\" alt=\"img_20240113_112313_558-1200.jpg\" align=\"center\" width=\"1500\" height=\"843\" srcset=\"https:\/\/usagers-transports.haut-allier.eu\/wp-content\/uploads\/2024\/01\/img_20240113_112313_558-1200.jpg 1500w, https:\/\/usagers-transports.haut-allier.eu\/wp-content\/uploads\/2024\/01\/img_20240113_112313_558-1200-300x169.jpg 300w, https:\/\/usagers-transports.haut-allier.eu\/wp-content\/uploads\/2024\/01\/img_20240113_112313_558-1200-1024x575.jpg 1024w, https:\/\/usagers-transports.haut-allier.eu\/wp-content\/uploads\/2024\/01\/img_20240113_112313_558-1200-768x432.jpg 768w\" sizes=\"auto, (max-width: 1500px) 100vw, 1500px\" \/><br \/>\n<img loading=\"lazy\" decoding=\"async\" class=\" aligncenter size-full wp-image-4883\" src=\"http:\/\/5.45.101.177\/haut-allier\/usagers-transportse\/wp-content\/uploads\/2024\/01\/img_20240113_112243_880-1200.jpg\" alt=\"img_20240113_112243_880-1200.jpg\" align=\"center\" width=\"1500\" height=\"843\" srcset=\"https:\/\/usagers-transports.haut-allier.eu\/wp-content\/uploads\/2024\/01\/img_20240113_112243_880-1200.jpg 1500w, https:\/\/usagers-transports.haut-allier.eu\/wp-content\/uploads\/2024\/01\/img_20240113_112243_880-1200-300x169.jpg 300w, https:\/\/usagers-transports.haut-allier.eu\/wp-content\/uploads\/2024\/01\/img_20240113_112243_880-1200-1024x575.jpg 1024w, https:\/\/usagers-transports.haut-allier.eu\/wp-content\/uploads\/2024\/01\/img_20240113_112243_880-1200-768x432.jpg 768w\" sizes=\"auto, (max-width: 1500px) 100vw, 1500px\" \/><br \/>\n<img loading=\"lazy\" decoding=\"async\" class=\" aligncenter size-full wp-image-4884\" src=\"http:\/\/5.45.101.177\/haut-allier\/usagers-transportse\/wp-content\/uploads\/2024\/01\/img_20240113_112323_073-1200.jpg\" alt=\"img_20240113_112323_073-1200.jpg\" align=\"center\" width=\"1500\" height=\"850\" srcset=\"https:\/\/usagers-transports.haut-allier.eu\/wp-content\/uploads\/2024\/01\/img_20240113_112323_073-1200.jpg 1500w, https:\/\/usagers-transports.haut-allier.eu\/wp-content\/uploads\/2024\/01\/img_20240113_112323_073-1200-300x170.jpg 300w, https:\/\/usagers-transports.haut-allier.eu\/wp-content\/uploads\/2024\/01\/img_20240113_112323_073-1200-1024x580.jpg 1024w, https:\/\/usagers-transports.haut-allier.eu\/wp-content\/uploads\/2024\/01\/img_20240113_112323_073-1200-768x435.jpg 768w\" sizes=\"auto, (max-width: 1500px) 100vw, 1500px\" \/><br \/>\n&nbsp;<br \/>\n<em>La ville de Figeac sous un soleil hivernal.<\/em><br \/>\n<img loading=\"lazy\" decoding=\"async\" class=\" aligncenter size-full wp-image-4885\" src=\"http:\/\/5.45.101.177\/haut-allier\/usagers-transportse\/wp-content\/uploads\/2024\/01\/img_20240113_104545_873-1200.jpg\" alt=\"img_20240113_104545_873-1200.jpg\" align=\"center\" width=\"1500\" height=\"850\" srcset=\"https:\/\/usagers-transports.haut-allier.eu\/wp-content\/uploads\/2024\/01\/img_20240113_104545_873-1200.jpg 1500w, https:\/\/usagers-transports.haut-allier.eu\/wp-content\/uploads\/2024\/01\/img_20240113_104545_873-1200-300x170.jpg 300w, https:\/\/usagers-transports.haut-allier.eu\/wp-content\/uploads\/2024\/01\/img_20240113_104545_873-1200-1024x580.jpg 1024w, https:\/\/usagers-transports.haut-allier.eu\/wp-content\/uploads\/2024\/01\/img_20240113_104545_873-1200-768x435.jpg 768w\" sizes=\"auto, (max-width: 1500px) 100vw, 1500px\" \/><\/p>\n","protected":false},"excerpt":{"rendered":"<p>Devant la gare de Figeac, les usagers, les cheminots et les \u00e9lus \u00e9taient l\u00e0 pour r\u00e9agir et dire<\/p>\n","protected":false},"author":1,"featured_media":4872,"comment_status":"closed","ping_status":"open","sticky":false,"template":"","format":"standard","meta":{"footnotes":""},"categories":[5],"tags":[],"class_list":["post-1065","post","type-post","status-publish","format-standard","has-post-thumbnail","hentry","category-ensemble"],"_links":{"self":[{"href":"https:\/\/usagers-transports.haut-allier.eu\/index.php\/wp-json\/wp\/v2\/posts\/1065","targetHints":{"allow":["GET"]}}],"collection":[{"href":"https:\/\/usagers-transports.haut-allier.eu\/index.php\/wp-json\/wp\/v2\/posts"}],"about":[{"href":"https:\/\/usagers-transports.haut-allier.eu\/index.php\/wp-json\/wp\/v2\/types\/post"}],"author":[{"embeddable":true,"href":"https:\/\/usagers-transports.haut-allier.eu\/index.php\/wp-json\/wp\/v2\/users\/1"}],"replies":[{"embeddable":true,"href":"https:\/\/usagers-transports.haut-allier.eu\/index.php\/wp-json\/wp\/v2\/comments?post=1065"}],"version-history":[{"count":0,"href":"https:\/\/usagers-transports.haut-allier.eu\/index.php\/wp-json\/wp\/v2\/posts\/1065\/revisions"}],"wp:featuredmedia":[{"embeddable":true,"href":"https:\/\/usagers-transports.haut-allier.eu\/index.php\/wp-json\/wp\/v2\/media\/4872"}],"wp:attachment":[{"href":"https:\/\/usagers-transports.haut-allier.eu\/index.php\/wp-json\/wp\/v2\/media?parent=1065"}],"wp:term":[{"taxonomy":"category","embeddable":true,"href":"https:\/\/usagers-transports.haut-allier.eu\/index.php\/wp-json\/wp\/v2\/categories?post=1065"},{"taxonomy":"post_tag","embeddable":true,"href":"https:\/\/usagers-transports.haut-allier.eu\/index.php\/wp-json\/wp\/v2\/tags?post=1065"}],"curies":[{"name":"wp","href":"https:\/\/api.w.org\/{rel}","templated":true}]}}